{"id":650055,"date":"2026-01-08T19:33:10","date_gmt":"2026-01-08T19:33:10","guid":{"rendered":"https:\/\/www.europesays.com\/fr\/650055\/"},"modified":"2026-01-08T19:33:10","modified_gmt":"2026-01-08T19:33:10","slug":"cyclisme-route-tim-declercq-evenepoel-peut-se-rapprocher-du-niveau-de-pogacar","status":"publish","type":"post","link":"https:\/\/www.europesays.com\/fr\/650055\/","title":{"rendered":"Cyclisme. Route &#8211; Tim Declercq : \u00abEvenepoel peut se rapprocher du niveau de Pogacar&#8230;\u00bb"},"content":{"rendered":"<p><strong><a href=\"https:\/\/www.cyclismactu.net\/..\/\" target=\"_blank\" rel=\"noopener\">Tim Declercq<\/a><\/strong>, ancien partenaire de <strong><a href=\"https:\/\/www.cyclismactu.net\/..\/news-route-remco-evenepoel-soudal-quick-step-ma-reconnaissance-est-eternelle-91410.html\" target=\"_blank\" rel=\"noopener\">Remco Evenepoel<\/a><\/strong> chez\u00a0<strong><a href=\"https:\/\/www.cyclismactu.net\/..\/news-cyclisme-route-soudal-prolonge-son-partenariat-jusqu-en-2030-avec-soudal-quick-step-91501.html\" target=\"_blank\" rel=\"noopener\">Soudal Quick-Step<\/a><a class=\"tag-content-link\" href=\"https:\/\/www.domestiquecycling.com\/en\/cycling-teams\/soudal-quick-step\/\" target=\"_blank\" rel=\"noopener\"><\/strong>\u00a0de 2019 \u00e0 2023, a \u00e9valu\u00e9 les chances de succ\u00e8s de son compatriote dans sa qu\u00eate du <strong>Tour de France<\/strong> dans le\u00a0<a href=\"https:\/\/www.domestiquecycling.com\/en\/news\/tim-declercq-evenepoel-must-reach-unprecedented-levels-to-beat-pogacar-at-tour-de-fr\" target=\"_blank\" rel=\"noopener\">podcast Domestique Hotseat<\/a>. Actuellement, le nouveau pensionnaire de la\u00a0<strong>Red Bull-BORA-hansgrohe<\/strong>\u00a0devra franchir un palier important pour contrecarrer l&rsquo;h\u00e9g\u00e9monie de <strong>Tadej Pogacar<\/strong>, coureur de la\u00a0<strong>UAE Team Emirates-XRG.<\/strong><\/p>\n<p>Vid\u00e9o &#8211; Remco Evenepoel et ses ambitions chez Red Bull-BORA Lire la suite de l&rsquo;article&#13;<\/p>\n<p>\u00a0<\/p>\n<p>&#13;<br \/>\n\u00ab\u00a0Actuellement Tadej est vraiment au dessus\u00a0\u00bb&#13;<\/p>\n<p><strong>Tim Declerq<\/strong> juge les chances de <strong>Remco<\/strong> assez faibles, notamment parce qu&rsquo;il devra afficher des indices de performance qu&rsquo;il n&rsquo;a jusque l\u00e0 jamais approch\u00e9 : \u00ab\u00a0Si on s&rsquo;int\u00e9resse uniquement aux donn\u00e9es statistiques de Tadej, les watts par kilo et ce genre de choses pendant une dur\u00e9e donn\u00e9e, il sera tr\u00e8s difficilement \u00e9galable. Remco doit passer un cap. Ses donn\u00e9es de performance en haute montagne sont en de\u00e7\u00e0 de celles du slov\u00e8ne. Son palmar\u00e8s est d\u00e9j\u00e0 incroyable, monter sur le podium du Tour et gagner une Vuelta n&rsquo;est pas donn\u00e9 \u00e0 tout le monde.\u00a0\u00bb<\/p>\n<p>&#13;<\/p>\n","protected":false},"excerpt":{"rendered":"Tim Declercq, ancien partenaire de Remco Evenepoel chez\u00a0Soudal Quick-Step\u00a0de 2019 \u00e0 2023, a \u00e9valu\u00e9 les chances de succ\u00e8s&hellip;\n","protected":false},"author":2,"featured_media":650056,"comment_status":"","ping_status":"","sticky":false,"template":"","format":"standard","meta":{"footnotes":""},"categories":[1411],"tags":[1154,207,211,1011,27,209,60,210,212,208,213],"class_list":{"0":"post-650055","1":"post","2":"type-post","3":"status-publish","4":"format-standard","5":"has-post-thumbnail","7":"category-cyclisme","8":"tag-cycling","9":"tag-cyclisme","10":"tag-ffc","11":"tag-fr","12":"tag-france","13":"tag-route","14":"tag-sports","15":"tag-tour-de-france","16":"tag-uci","17":"tag-velo","18":"tag-world-tour"},"share_on_mastodon":{"url":"https:\/\/pubeurope.com\/@fr\/115861153685036262","error":""},"_links":{"self":[{"href":"https:\/\/www.europesays.com\/fr\/wp-json\/wp\/v2\/posts\/650055","targetHints":{"allow":["GET"]}}],"collection":[{"href":"https:\/\/www.europesays.com\/fr\/wp-json\/wp\/v2\/posts"}],"about":[{"href":"https:\/\/www.europesays.com\/fr\/wp-json\/wp\/v2\/types\/post"}],"author":[{"embeddable":true,"href":"https:\/\/www.europesays.com\/fr\/wp-json\/wp\/v2\/users\/2"}],"replies":[{"embeddable":true,"href":"https:\/\/www.europesays.com\/fr\/wp-json\/wp\/v2\/comments?post=650055"}],"version-history":[{"count":0,"href":"https:\/\/www.europesays.com\/fr\/wp-json\/wp\/v2\/posts\/650055\/revisions"}],"wp:featuredmedia":[{"embeddable":true,"href":"https:\/\/www.europesays.com\/fr\/wp-json\/wp\/v2\/media\/650056"}],"wp:attachment":[{"href":"https:\/\/www.europesays.com\/fr\/wp-json\/wp\/v2\/media?parent=650055"}],"wp:term":[{"taxonomy":"category","embeddable":true,"href":"https:\/\/www.europesays.com\/fr\/wp-json\/wp\/v2\/categories?post=650055"},{"taxonomy":"post_tag","embeddable":true,"href":"https:\/\/www.europesays.com\/fr\/wp-json\/wp\/v2\/tags?post=650055"}],"curies":[{"name":"wp","href":"https:\/\/api.w.org\/{rel}","templated":true}]}}