{"id":650060,"date":"2026-01-08T19:37:08","date_gmt":"2026-01-08T19:37:08","guid":{"rendered":"https:\/\/www.europesays.com\/fr\/650060\/"},"modified":"2026-01-08T19:37:08","modified_gmt":"2026-01-08T19:37:08","slug":"les-25-cliches-primes-du-refocus-photographer-of-the-year-awards-2025-dedies-a-la-vie-sauvage","status":"publish","type":"post","link":"https:\/\/www.europesays.com\/fr\/650060\/","title":{"rendered":"Les 25 clich\u00e9s prim\u00e9s du Refocus Photographer of the Year Awards 2025 d\u00e9di\u00e9s \u00e0 la vie sauvage"},"content":{"rendered":"<p><strong>L\u2019id\u00e9e cr\u00e9ative en un clin d\u2019\u0153il<\/strong><\/p>\n<ul class=\"wp-block-list is-style-red-points\">\n<li>Les Refocus Photographer of the Year Awards 2025 d\u00e9voilent 25 clich\u00e9s prim\u00e9s qui capturent la vie sauvage dans ce qu\u2019elle a de plus intense : chasse, affrontements, survie et moments de gr\u00e2ce.<\/li>\n<li>Le grand gagnant est le photographe indien Baiju Patil, sacr\u00e9 Wildlife Photographer of the Year gr\u00e2ce \u00e0 The Perfect Heist, une image obtenue apr\u00e8s plus de 15 ans de patience dans les zones humides de Bharatpur.<\/li>\n<li>Cette \u00e9dition se distingue par un style ultra narratif, avec des photos qui ressemblent \u00e0 des sc\u00e8nes de cin\u00e9ma\u2026 sauf qu\u2019elles sont 100 % r\u00e9elles, et donnent surtout envie de ralentir pour mieux observer le vivant.<\/li>\n<\/ul>\n<p>La photographie animali\u00e8re, c\u2019est l\u2019art de capturer l\u2019impr\u00e9visible : une fraction de seconde, un mouvement furtif, un face-\u00e0-face qui ne durera qu\u2019un battement de cils. Et la cat\u00e9gorie \u00ab\u00a0Wildlife\u00a0\u00bb de l\u2019<a href=\"https:\/\/refocus-awards.com\/contests\/winners\/world-photo-annual\" target=\"_blank\" rel=\"noopener\">\u00e9dition 2025 des Refocus Photographer of the Year Awards<\/a> le prouve avec une s\u00e9lection de 25 images prim\u00e9es aussi intenses que spectaculaires, qui plongent dans la vie sauvage au plus pr\u00e8s de l\u2019action.<\/p>\n<p>Entre sc\u00e8nes de chasse, affrontements a\u00e9riens, instants de survie et moments de gr\u00e2ce, chaque clich\u00e9 raconte une histoire en une seule image. Et cette ann\u00e9e, le concours a couronn\u00e9 le photographe indien Baiju Patil, sacr\u00e9 Wildlife Photographer of the Year gr\u00e2ce \u00e0 son clich\u00e9 \u00ab\u00a0Le braquage parfait\u00a0\u00bb, une photo prise dans les zones humides de Bharatpur\u2026 apr\u00e8s plus de 15 ans pass\u00e9s \u00e0 revenir au m\u00eame endroit pour capturer l\u2019instant parfait.<\/p>\n<p>        Besoin d&rsquo;une<br \/>&#13;<br \/>\nagence cr\u00e9ative ?<\/p>\n<ul>\n<li>Strat\u00e9gie \/ Campagne 360\u00b0<\/li>\n<li>Accompagnement social media<\/li>\n<li>Activation virale<\/li>\n<li>Visibilit\u00e9 garantie<\/li>\n<\/ul>\n<p>        <a href=\"https:\/\/creapills.com\/agence\" class=\"btn is-white mt-6\" target=\"\" rel=\"noopener\"><\/p>\n<p>      D\u00e9couvrir l\u2019agence<\/p>\n<p>           <\/a><\/p>\n<p>            <img decoding=\"async\" src=\"https:\/\/www.europesays.com\/fr\/wp-content\/uploads\/2025\/12\/18.png\" alt=\"\" fetchpriority=\"high\" data-eio=\"p\"\/><\/p>\n<p>            <img alt=\"\" data-eio=\"p\" src=\"https:\/\/www.europesays.com\/fr\/wp-content\/uploads\/2026\/01\/pill-11-22.png\" decoding=\"async\" class=\"lazyload\" data-eio-rwidth=\"800\" data-eio-rheight=\"800\"\/><\/p>\n<p>            <img alt=\"\" data-eio=\"p\" src=\"https:\/\/www.europesays.com\/fr\/wp-content\/uploads\/2026\/01\/1.png\" decoding=\"async\" class=\"lazyload\" data-eio-rwidth=\"800\" data-eio-rheight=\"800\"\/><\/p>\n<p>Une s\u00e9lection ultra narrative qui transforme la nature en cin\u00e9ma r\u00e9el<\/p>\n<p>Ce qui frappe dans cette \u00e9dition, c\u2019est la fa\u00e7on dont les photos vont bien au-del\u00e0 de la prouesse technique : elles ressemblent \u00e0 des sc\u00e8nes de film, sauf que tout est authentique. On y voit la tension d\u2019une traque, la violence d\u2019un duel, la pr\u00e9cision d\u2019une attaque\u2026 mais aussi la fragilit\u00e9 d\u2019un \u00e9quilibre naturel o\u00f9 chaque d\u00e9tail compte. R\u00e9sultat : on ne \u201cregarde\u201d pas ces images, on y assiste.<\/p>\n<p>Le clich\u00e9 The Perfect Heist incarne parfaitement cet esprit. La sc\u00e8ne, foudroyante, semble impossible \u00e0 anticiper, et pourtant elle est l\u00e0, fig\u00e9e avec une clart\u00e9 saisissante. Une victoire qui rappelle au passage ce qui fait l\u2019essence de la photographie animali\u00e8re : la patience, l\u2019observation, et l\u2019obsession du bon moment. Et ces 25 images prim\u00e9es, r\u00e9unies, donnent surtout une m\u00eame envie : lever les yeux, ralentir\u2026 et regarder le vivant pour ce qu\u2019il est vraiment.<\/p>\n<p>Et si vous aimez les concours photo d\u00e9di\u00e9s \u00e0 la vie sauvage, nous vous conseillons d\u2019aller d\u00e9couvrir les 40 clich\u00e9s finalistes du <a href=\"https:\/\/creapills.com\/comedy-wildlife-photography-awards-2025-photos-finalistes-humour-animaux-20251028\" target=\"_blank\" rel=\"noopener\">Comedy Wildlife Photography Awards 2025<\/a>. Vous ne le regretterez pas.<\/p>\n<p>Wildlife Photographer of the Year<\/p>\n<p><img fetchpriority=\"high\" decoding=\"async\" width=\"2000\" height=\"1331\" alt=\"\" class=\"wp-image-338805 lazyload\" data-eio=\"p\" src=\"https:\/\/www.europesays.com\/fr\/wp-content\/uploads\/2026\/01\/refocus-photographer-of-the-year-awards-2025-photos-vie-sauvage-01.jpeg\"  data- data-eio-rwidth=\"2000\" data-eio-rheight=\"1331\"\/>\u00ab\u00a0Le braquage parfait\u00a0\u00bb par Baiju Patil<\/p>\n<p>M\u00e9daille d\u2019argent<\/p>\n<p><img loading=\"lazy\" decoding=\"async\" width=\"2000\" height=\"1107\" alt=\"\" class=\"wp-image-338807 lazyload\" data-eio=\"p\" src=\"https:\/\/www.europesays.com\/fr\/wp-content\/uploads\/2026\/01\/refocus-photographer-of-the-year-awards-2025-photos-vie-sauvage-2.jpeg\"  data- data-eio-rwidth=\"2000\" data-eio-rheight=\"1107\"\/>\u201cL\u2019abri\u201d par Preeti &amp; Prashant Chacko<\/p>\n<p>M\u00e9dailles de bronze<\/p>\n<p><img loading=\"lazy\" decoding=\"async\" width=\"2000\" height=\"1123\" alt=\"\" class=\"wp-image-338809 lazyload\" data-eio=\"p\" src=\"https:\/\/www.europesays.com\/fr\/wp-content\/uploads\/2026\/01\/refocus-photographer-of-the-year-awards-2025-photos-vie-sauvage-3.jpeg\"  data- data-eio-rwidth=\"2000\" data-eio-rheight=\"1123\"\/>\u201cLe pouls de la plaine\u201d par Matt Dusig<\/p>\n<p><img loading=\"lazy\" decoding=\"async\" width=\"2000\" height=\"1331\" alt=\"\" class=\"wp-image-338810 lazyload\" data-eio=\"p\" src=\"https:\/\/www.europesays.com\/fr\/wp-content\/uploads\/2026\/01\/refocus-photographer-of-the-year-awards-2025-photos-vie-sauvage-4.jpeg\"  data- data-eio-rwidth=\"2000\" data-eio-rheight=\"1331\"\/>\u201cL\u00e9opard des neiges en son domaine\u201d par Gero Heine<\/p>\n<p><img loading=\"lazy\" decoding=\"async\" width=\"2000\" height=\"1331\" alt=\"\" class=\"wp-image-338808 lazyload\" data-eio=\"p\" src=\"https:\/\/www.europesays.com\/fr\/wp-content\/uploads\/2026\/01\/refocus-photographer-of-the-year-awards-2025-photos-vie-sauvage-5.jpeg\"  data- data-eio-rwidth=\"2000\" data-eio-rheight=\"1331\"\/>\u201cCrise cardiaque\u201d par Baiju Patil<\/p>\n<p>Prix du Public<\/p>\n<p><img loading=\"lazy\" decoding=\"async\" width=\"2000\" height=\"1299\" alt=\"\" class=\"wp-image-338811 lazyload\" data-eio=\"p\" src=\"https:\/\/www.europesays.com\/fr\/wp-content\/uploads\/2026\/01\/refocus-photographer-of-the-year-awards-2025-photos-vie-sauvage-6.jpeg\"  data- data-eio-rwidth=\"2000\" data-eio-rheight=\"1299\"\/>\u201cBarney\u201d par Michelle Valberg<\/p>\n<p>Mentions Honorables<\/p>\n<p><img loading=\"lazy\" decoding=\"async\" width=\"1810\" height=\"2560\" alt=\"\" class=\"wp-image-338828 lazyload\" data-eio=\"p\" src=\"https:\/\/www.europesays.com\/fr\/wp-content\/uploads\/2026\/01\/refocus-photographer-of-the-year-awards-2025-photos-vie-sauvage-7.jpeg\"  data- data-eio-rwidth=\"1810\" data-eio-rheight=\"2560\"\/>\u201c\u0152il de l\u2019oc\u00e9an\u201d par Hadrien Foucher<\/p>\n<p><img loading=\"lazy\" decoding=\"async\" width=\"2000\" height=\"1186\" alt=\"\" class=\"wp-image-338815 lazyload\" data-eio=\"p\" src=\"https:\/\/www.europesays.com\/fr\/wp-content\/uploads\/2026\/01\/refocus-photographer-of-the-year-awards-2025-photos-vie-sauvage-8.jpeg\"  data- data-eio-rwidth=\"2000\" data-eio-rheight=\"1186\"\/>\u201cLa vache et son petit\u201d par Pepe Salcedo<\/p>\n<p><img loading=\"lazy\" decoding=\"async\" width=\"2000\" height=\"1004\" alt=\"\" class=\"wp-image-338818 lazyload\" data-eio=\"p\" src=\"https:\/\/www.europesays.com\/fr\/wp-content\/uploads\/2026\/01\/refocus-photographer-of-the-year-awards-2025-photos-vie-sauvage-9.jpeg\"  data- data-eio-rwidth=\"2000\" data-eio-rheight=\"1004\"\/>\u201cTravers\u00e9e naturelle\u201d par Brian Clopp<\/p>\n<p><img loading=\"lazy\" decoding=\"async\" width=\"2000\" height=\"3000\" alt=\"\" class=\"wp-image-338821 lazyload\" data-eio=\"p\" src=\"https:\/\/www.europesays.com\/fr\/wp-content\/uploads\/2026\/01\/refocus-photographer-of-the-year-awards-2025-photos-vie-sauvage-10.jpeg\"  data- data-eio-rwidth=\"2000\" data-eio-rheight=\"3000\"\/>\u201cCygne endormi\u201d par Bj\u00f8rn Jansen<\/p>\n<p><img loading=\"lazy\" decoding=\"async\" width=\"2000\" height=\"1331\" alt=\"\" class=\"wp-image-338819 lazyload\" data-eio=\"p\" src=\"https:\/\/www.europesays.com\/fr\/wp-content\/uploads\/2026\/01\/refocus-photographer-of-the-year-awards-2025-photos-vie-sauvage-11.jpeg\"  data- data-eio-rwidth=\"2000\" data-eio-rheight=\"1331\"\/>\u201cLes fant\u00f4mes de l\u2019Arctique\u201d par Randall Ball<\/p>\n<p><img loading=\"lazy\" decoding=\"async\" width=\"2000\" height=\"1711\" alt=\"\" class=\"wp-image-338824 lazyload\" data-eio=\"p\" src=\"https:\/\/www.europesays.com\/fr\/wp-content\/uploads\/2026\/01\/refocus-photographer-of-the-year-awards-2025-photos-vie-sauvage-12.jpeg\"  data- data-eio-rwidth=\"2000\" data-eio-rheight=\"1711\"\/>\u201cBataille pour la nourriture\u201d par Vince Maidens<\/p>\n<p><img loading=\"lazy\" decoding=\"async\" width=\"2000\" height=\"1331\" alt=\"\" class=\"wp-image-338827 lazyload\" data-eio=\"p\" src=\"https:\/\/www.europesays.com\/fr\/wp-content\/uploads\/2026\/01\/refocus-photographer-of-the-year-awards-2025-photos-vie-sauvage-13.jpeg\"  data- data-eio-rwidth=\"2000\" data-eio-rheight=\"1331\"\/>\u201cRencontres au sommet\u201d par Rachel Spencer<\/p>\n<p><img loading=\"lazy\" decoding=\"async\" width=\"1920\" height=\"2560\" alt=\"\" class=\"wp-image-338830 lazyload\" data-eio=\"p\" src=\"https:\/\/www.europesays.com\/fr\/wp-content\/uploads\/2026\/01\/refocus-photographer-of-the-year-awards-2025-photos-vie-sauvage-14.jpeg\"  data- data-eio-rwidth=\"1920\" data-eio-rheight=\"2560\"\/>\u201cLe grand saut\u201d par Jarrod Saw<\/p>\n<p>Nomin\u00e9s<\/p>\n<p><img loading=\"lazy\" decoding=\"async\" width=\"1891\" height=\"2560\" alt=\"\" class=\"wp-image-338829 lazyload\" data-eio=\"p\" src=\"https:\/\/www.europesays.com\/fr\/wp-content\/uploads\/2026\/01\/refocus-photographer-of-the-year-awards-2025-photos-vie-sauvage-15.jpeg\"  data- data-eio-rwidth=\"1891\" data-eio-rheight=\"2560\"\/>\u201cSainte Marie\u201d par Fabian Meckl<\/p>\n<p><img loading=\"lazy\" decoding=\"async\" width=\"2000\" height=\"1426\" alt=\"\" class=\"wp-image-338820 lazyload\" data-eio=\"p\" src=\"https:\/\/www.europesays.com\/fr\/wp-content\/uploads\/2026\/01\/refocus-photographer-of-the-year-awards-2025-photos-vie-sauvage-16.jpeg\"  data- data-eio-rwidth=\"2000\" data-eio-rheight=\"1426\"\/>\u201cRetour \u00e0 la maison\u201d par Matt Dusig<\/p>\n<p><img loading=\"lazy\" decoding=\"async\" width=\"2000\" height=\"1331\" alt=\"\" class=\"wp-image-338823 lazyload\" data-eio=\"p\" src=\"https:\/\/www.europesays.com\/fr\/wp-content\/uploads\/2026\/01\/refocus-photographer-of-the-year-awards-2025-photos-vie-sauvage-17.jpeg\"  data- data-eio-rwidth=\"2000\" data-eio-rheight=\"1331\"\/>\u201cMustangs sauvages en pleine conversation\u201d par Lisa Campbell<\/p>\n<p><img loading=\"lazy\" decoding=\"async\" width=\"2000\" height=\"2499\" alt=\"\" class=\"wp-image-338816 lazyload\" data-eio=\"p\" src=\"https:\/\/www.europesays.com\/fr\/wp-content\/uploads\/2026\/01\/refocus-photographer-of-the-year-awards-2025-photos-vie-sauvage-18.jpeg\"  data- data-eio-rwidth=\"2000\" data-eio-rheight=\"2499\"\/>\u201cR\u00e9flexions nocturnes\u201d par Marcello Galleano<\/p>\n<p><img loading=\"lazy\" decoding=\"async\" width=\"2000\" height=\"1123\" alt=\"\" class=\"wp-image-338813 lazyload\" data-eio=\"p\" src=\"https:\/\/www.europesays.com\/fr\/wp-content\/uploads\/2026\/01\/refocus-photographer-of-the-year-awards-2025-photos-vie-sauvage-19.jpeg\"  data- data-eio-rwidth=\"2000\" data-eio-rheight=\"1123\"\/>\u201cMiroir ! Miroir !\u201d par Vicki Santello<\/p>\n<p><img loading=\"lazy\" decoding=\"async\" width=\"2000\" height=\"2000\" alt=\"\" class=\"wp-image-338814 lazyload\" data-eio=\"p\" src=\"https:\/\/www.europesays.com\/fr\/wp-content\/uploads\/2026\/01\/refocus-photographer-of-the-year-awards-2025-photos-vie-sauvage-20.jpeg\"  data- data-eio-rwidth=\"2000\" data-eio-rheight=\"2000\"\/>\u201cOr et argent\u201d par Fabian Meckl<\/p>\n<p><img loading=\"lazy\" decoding=\"async\" width=\"2000\" height=\"1331\" alt=\"\" class=\"wp-image-338826 lazyload\" data-eio=\"p\" src=\"https:\/\/www.europesays.com\/fr\/wp-content\/uploads\/2026\/01\/refocus-photographer-of-the-year-awards-2025-photos-vie-sauvage-21.jpeg\"  data- data-eio-rwidth=\"2000\" data-eio-rheight=\"1331\"\/>\u201cBouh !\u201d par Joergen Rasmussen<\/p>\n<p><img loading=\"lazy\" decoding=\"async\" width=\"2000\" height=\"1333\" alt=\"\" class=\"wp-image-338822 lazyload\" data-eio=\"p\" src=\"https:\/\/www.europesays.com\/fr\/wp-content\/uploads\/2026\/01\/refocus-photographer-of-the-year-awards-2025-photos-vie-sauvage-22.jpeg\"  data- data-eio-rwidth=\"2000\" data-eio-rheight=\"1333\"\/>\u201cLe phoque\u201d par Brandon Rooney<\/p>\n<p><img loading=\"lazy\" decoding=\"async\" width=\"2000\" height=\"1331\" alt=\"\" class=\"wp-image-338812 lazyload\" data-eio=\"p\" src=\"https:\/\/www.europesays.com\/fr\/wp-content\/uploads\/2026\/01\/refocus-photographer-of-the-year-awards-2025-photos-vie-sauvage-23.jpeg\"  data- data-eio-rwidth=\"2000\" data-eio-rheight=\"1331\"\/>\u201cCr\u00e9puscule\u201d par Bence M\u00e1t\u00e9<\/p>\n<p><img loading=\"lazy\" decoding=\"async\" width=\"1707\" height=\"2560\" alt=\"\" class=\"wp-image-338825 lazyload\" data-eio=\"p\" src=\"https:\/\/www.europesays.com\/fr\/wp-content\/uploads\/2026\/01\/refocus-photographer-of-the-year-awards-2025-photos-vie-sauvage-24.jpeg\"  data- data-eio-rwidth=\"1707\" data-eio-rheight=\"2560\"\/>\u201cRequin volant\u201d par Jonathan Allen<\/p>\n<p><img loading=\"lazy\" decoding=\"async\" width=\"2000\" height=\"1366\" alt=\"\" class=\"wp-image-338817 lazyload\" data-eio=\"p\" src=\"https:\/\/www.europesays.com\/fr\/wp-content\/uploads\/2026\/01\/refocus-photographer-of-the-year-awards-2025-photos-vie-sauvage-25.jpeg\"  data- data-eio-rwidth=\"2000\" data-eio-rheight=\"1366\"\/>\u201cSolitude dans la neige\u201d par Sandy Canuel<\/p>\n<p><img class=\"ss-hidden-pin-image lazyload\" alt=\"\" data-pin-url=\"https:\/\/creapills.com\/refocus-photographer-of-the-year-awards-2025-photos-vie-sauvage-20260108\" data-pin-media=\"https:\/\/www.europesays.com\/fr\/wp-content\/uploads\/2026\/01\/refocus-photographer-of-the-year-awards-2025-photos-vie-sauvage-Q.jpg\" data-pin-description=\"Les 25 clich\u00e9s prim\u00e9s du Refocus Photographer of the Year Awards 2025 d\u00e9di\u00e9s \u00e0 la vie sauvage via @Creapills\" style=\"display:none\" data-eio=\"p\" src=\"https:\/\/www.europesays.com\/fr\/wp-content\/uploads\/2026\/01\/refocus-photographer-of-the-year-awards-2025-photos-vie-sauvage-Q.jpg\" decoding=\"async\" data-eio-rwidth=\"2400\" data-eio-rheight=\"1350\"\/>\t\t<\/p>\n<p class=\"ss-social-share-label\">\n\t\t\t\t\tPartagez l&rsquo;id\u00e9e sur vos r\u00e9seaux\n\t\t\t\t<\/p>\n","protected":false},"excerpt":{"rendered":"L\u2019id\u00e9e cr\u00e9ative en un clin d\u2019\u0153il Les Refocus Photographer of the Year Awards 2025 d\u00e9voilent 25 clich\u00e9s prim\u00e9s&hellip;\n","protected":false},"author":2,"featured_media":650061,"comment_status":"","ping_status":"","sticky":false,"template":"","format":"standard","meta":{"footnotes":""},"categories":[1358],"tags":[1348,1384,1385,1386,58,59,1011,27],"class_list":{"0":"post-650060","1":"post","2":"type-post","3":"status-publish","4":"format-standard","5":"has-post-thumbnail","7":"category-arts-et-design","8":"tag-arts","9":"tag-arts-and-design","10":"tag-arts-et-design","11":"tag-design","12":"tag-divertissement","13":"tag-entertainment","14":"tag-fr","15":"tag-france"},"share_on_mastodon":{"url":"https:\/\/pubeurope.com\/@fr\/115861170520103633","error":""},"_links":{"self":[{"href":"https:\/\/www.europesays.com\/fr\/wp-json\/wp\/v2\/posts\/650060","targetHints":{"allow":["GET"]}}],"collection":[{"href":"https:\/\/www.europesays.com\/fr\/wp-json\/wp\/v2\/posts"}],"about":[{"href":"https:\/\/www.europesays.com\/fr\/wp-json\/wp\/v2\/types\/post"}],"author":[{"embeddable":true,"href":"https:\/\/www.europesays.com\/fr\/wp-json\/wp\/v2\/users\/2"}],"replies":[{"embeddable":true,"href":"https:\/\/www.europesays.com\/fr\/wp-json\/wp\/v2\/comments?post=650060"}],"version-history":[{"count":0,"href":"https:\/\/www.europesays.com\/fr\/wp-json\/wp\/v2\/posts\/650060\/revisions"}],"wp:featuredmedia":[{"embeddable":true,"href":"https:\/\/www.europesays.com\/fr\/wp-json\/wp\/v2\/media\/650061"}],"wp:attachment":[{"href":"https:\/\/www.europesays.com\/fr\/wp-json\/wp\/v2\/media?parent=650060"}],"wp:term":[{"taxonomy":"category","embeddable":true,"href":"https:\/\/www.europesays.com\/fr\/wp-json\/wp\/v2\/categories?post=650060"},{"taxonomy":"post_tag","embeddable":true,"href":"https:\/\/www.europesays.com\/fr\/wp-json\/wp\/v2\/tags?post=650060"}],"curies":[{"name":"wp","href":"https:\/\/api.w.org\/{rel}","templated":true}]}}