{"id":650062,"date":"2026-01-08T19:39:13","date_gmt":"2026-01-08T19:39:13","guid":{"rendered":"https:\/\/www.europesays.com\/fr\/650062\/"},"modified":"2026-01-08T19:39:13","modified_gmt":"2026-01-08T19:39:13","slug":"tu-es-en-train-de-manquer-de-respect-a-toutes-les-chanteuses-lyriques-du-monde-en-plein-coaching-fanny-delaigue-recadre-lea-de-la-star-academy","status":"publish","type":"post","link":"https:\/\/www.europesays.com\/fr\/650062\/","title":{"rendered":"Tu es en train de manquer de respect \u00e0 toutes les chanteuses lyriques du monde\u00a0\u00bb : En plein coaching, Fanny Delaigue recadre L\u00e9a de la \u00ab\u00a0Star Academy"},"content":{"rendered":"<p>                <img loading=\"lazy\" decoding=\"async\" src=\"https:\/\/www.europesays.com\/fr\/wp-content\/uploads\/2025\/07\/1753453630_789_dcb0d112757ed4ab-35x35-1.jpg\" class=\"author-article-picture\" width=\"35\" height=\"35\"\/><\/p>\n<p>                    Par<\/p>\n<p>                                            Mathis Ferrut<\/p>\n<p>                    |<\/p>\n<p>                                            Journaliste<\/p>\n<p>\n                Passionn\u00e9 par le monde des m\u00e9dias depuis sa tendre enfance, la t\u00e9l\u00e9vision et particuli\u00e8rement les divertissements n&rsquo;ont aucun secret pour lui : \u00ab\u00a0Le Bigdil\u00a0\u00bb, \u00ab\u00a0L&rsquo;amour est dans le pr\u00e9\u00a0\u00bb, \u00ab\u00a0N&rsquo;oubliez pas les paroles\u00a0\u00bb, \u00ab\u00a0Fort Boyard\u00a0\u00bb, \u00ab\u00a0Mari\u00e9s au premier regard\u00a0\u00bb, \u00ab\u00a0Loft Story\u00a0\u00bb, \u00ab\u00a0Star Academy\u00a0\u00bb, \u00ab\u00a0Secret Story\u00a0\u00bb, \u00ab\u00a0Les Tra\u00eetres\u00a0\u00bb, \u00ab\u00a0Les Marseillais\u00a0\u00bb\u2026 On le surnomme m\u00eame \u00ab\u00a0l&rsquo;encyclop\u00e9die de la t\u00e9l\u00e9-r\u00e9alit\u00e9\u00a0\u00bb !\n            <\/p>\n<p>\n    Ce samedi 10 janvier 2026, lors du prime de la \u00ab\u00a0Star Academy\u00a0\u00bb, L\u00e9a passera l&rsquo;\u00e9preuve de chant lors du battle du Top 3. Mais la candidate ne semble pas emball\u00e9e par le d\u00e9fi lanc\u00e9 par Sofia Morgavi et elle l&rsquo;a fait savoir durant les r\u00e9p\u00e9titions, provoquant la col\u00e8re de Fanny Delaigue.\n<\/p>\n<p>                            <img loading=\"lazy\" decoding=\"async\" class=\"player-thumbnail\" src=\"https:\/\/www.europesays.com\/fr\/wp-content\/uploads\/2026\/01\/f452ad9d244c8939-580x326-1.jpg\" width=\"580\" height=\"326\"\/><\/p>\n<p>                            Le g\u00e9n\u00e9rique de la \u00ab\u00a0Star Academy\u00a0\u00bb 2025. \u00a9 TF1<\/p>\n<p>La suite apr\u00e8s la publicit\u00e9<\/p>\n<p>Les \u00e9l\u00e8ves de la \u00ab\u00a0Star Academy\u00a0\u00bb ont \u00e0 peine eu le temps de dig\u00e9rer <a href=\"https:\/\/www.ozap.com\/actu\/star-academy-qui-de-anouk-theo-p-et-victor-devrait-quitter-le-chateau-ce-soir-les-estimations-de-notre-sondage\/653107\" target=\"_blank\" rel=\"noopener\">l&rsquo;\u00e9limination de Th\u00e9o P<\/a>. D\u00e8s le lendemain du prime, ils ont d\u00fb se mettre au travail pour <a href=\"https:\/\/www.ozap.com\/actu\/semaine-du-defi-des-profs-immunite-pour-la-demi-finale-michael-goldman-fait-des-revelations-sur-le-programme-des-eleves-de-la-star-academy\/653110\" target=\"_blank\" rel=\"noopener\">une semaine tr\u00e8s intense<\/a>. \u00ab\u00a0C&rsquo;est une semaine sp\u00e9ciale parce que c&rsquo;est la semaine du d\u00e9fi des profs. Alors \u00e0 l&rsquo;issue des \u00e9valuations, ils sont six au ch\u00e2teau, donc il y aura deux groupes, trois nomm\u00e9s d&rsquo;un c\u00f4t\u00e9 et un top 3. Le top 3 fera son battle sur le prime pour gagner son immunit\u00e9 mais pas que. Ils auront tous un d\u00e9fi des professeurs \u00e0 relever dans chaque mati\u00e8re. Donc il y en a un qui aura un d\u00e9fi th\u00e9\u00e2tre, un autre qui aura un d\u00e9fi danse, un autre qui aura un d\u00e9fi chant. L&rsquo;immunit\u00e9 se jaugera sur la moyenne du battle et du d\u00e9fi. Donc ce sera 50\/50 pour la note finale. Et l&rsquo;immunis\u00e9, c&rsquo;est tr\u00e8s important parce qu&rsquo;en fait, l&rsquo;immunis\u00e9 de la semaine prochaine sera le premier demi-finaliste. Donc je pense qu&rsquo;aux \u00e9valuations, ils vont se battre pour atteindre le top 3 et pouvoir se battre pour avoir l&rsquo;immunit\u00e9 la semaine prochaine\u00a0\u00bb, a indiqu\u00e9 Michael Goldman.<\/p>\n<p>Fanny Delaigue recadre L\u00e9a<\/p>\n<p>Suite aux \u00e9valuations, <a href=\"https:\/\/www.ozap.com\/actu\/star-academy-anouk-et-victor-nommes-qui-doit-rester-votez-dans-notre-sondage\/653160\" target=\"_blank\" rel=\"noopener\">Anouk et Victor ont \u00e9t\u00e9 nomm\u00e9s<\/a>. Sarah aurait d\u00fb l&rsquo;\u00eatre \u00e9galement mais elle a \u00e9t\u00e9 sauv\u00e9e gr\u00e2ce \u00e0 son immunit\u00e9. Ambre, Bastiaan et L\u00e9a sont donc les trois \u00e9l\u00e8ves qui s&rsquo;affronteront pour la battle du Top 3. Cette derni\u00e8re affrontera l&rsquo;\u00e9preuve de chant et, pour l&rsquo;occasion, Sofia Morgavi lui a concoct\u00e9 un grand d\u00e9fi. En effet, L\u00e9a va devoir chanter \u00ab\u00a0L&rsquo;amour est un oiseau rebelle\u00a0\u00bb, un extrait de l&rsquo;op\u00e9ra Carmen de Bizet. Le fait de devoir interpr\u00e9ter ce chant lyrique inqui\u00e8te la candidate, et elle n&rsquo;a pas h\u00e9sit\u00e9 \u00e0 le faire savoir \u00e0 Fanny Delaigue lors des r\u00e9p\u00e9titions. \u00ab\u00a0Elle sait aussi faire \u00e7a. Qu&rsquo;est-ce qu&rsquo;elle ne sait pas faire cette L\u00e9a\u00a0\u00bb, a tent\u00e9 de la rassurer la r\u00e9p\u00e9titrice en s&rsquo;adressant \u00e0 Sarah qui tentait de r\u00e9conforter sa camarade.<\/p>\n<p>\u00ab\u00a0Quand je vais faire ce banger et que je vais tout fumer, je ne veux rien entendre de Sofia. Plus jamais ! Le top 3, il est pour moi. Je ne m&rsquo;affiche pas comme \u00e7a pour rien\u00a0\u00bb, a lanc\u00e9 L\u00e9a, ce qui a fortement d\u00e9plu \u00e0 la r\u00e9p\u00e9titrice, qui l&rsquo;a recadr\u00e9e imm\u00e9diatement : \u00ab\u00a0Ce n&rsquo;est pas l&rsquo;affiche, pas du tout. Il faut que tu enl\u00e8ves \u00e7a de ta t\u00eate parce que d\u00e9j\u00e0 ce n&rsquo;est pas l&rsquo;affiche. L\u00e0 tu es en train de manquer de respect \u00e0 toutes les chanteuses lyriques du monde\u00a0\u00bb. \u00ab\u00a0C&rsquo;est plus moi, je me sens bizarre de le faire. Il y a moi et il y a le lyrique. Rien \u00e0 voir, \u00e0 l&rsquo;oppos\u00e9\u00a0\u00bb, a alors comment\u00e9 l&rsquo;\u00e9l\u00e8ve. \u00ab\u00a0Il faut vraiment que tu le prennes fun et \u00e7a va t&rsquo;enrichir de fou\u00a0\u00bb, a conclu Fanny Delaigue.<\/p>\n<p>L\u00e9a r\u00e9ussira-t-elle \u00e0 aller au del\u00e0 de ses craintes et remporter la battle du Top 3 ? R\u00e9ponse samedi sur TF1.<\/p>\n<p>        <img decoding=\"async\" class=\"thumb-img-100 thumb-img\" src=\"https:\/\/www.europesays.com\/fr\/wp-content\/uploads\/2026\/01\/42b2c102aa52fd22-320x180-1.jpg\" alt=\"&quot;La v\u00e9rit\u00e9, c'est que...&quot; : Mosimann r\u00e9v\u00e8le qu'il n'a pas r\u00e9ellement touch\u00e9 1 million d'euros apr\u00e8s avoir gagn\u00e9 la &quot;Star Academy&quot;\" width=\"320\" height=\"180\" loading=\"lazy\" role=\"presentation\"\/><\/p>\n<p>                                            \u00ab\u00a0La v\u00e9rit\u00e9, c&rsquo;est que&#8230;\u00a0\u00bb : Mosimann r\u00e9v\u00e8le qu&rsquo;il n&rsquo;a pas r\u00e9ellement touch\u00e9 1 million d&rsquo;euros apr\u00e8s avoir gagn\u00e9 la \u00ab\u00a0Star Academy\u00a0\u00bb<\/p>\n<p>        <img decoding=\"async\" class=\"thumb-img-100 thumb-img\" src=\"https:\/\/www.europesays.com\/fr\/wp-content\/uploads\/2026\/01\/cfcdf97b5b3dfeef-320x180-1.jpg\" alt=\"Tourn\u00e9e Star Academy 2026 : Quand et dans quelles salles se produiront les \u00e9l\u00e8ves ? La liste compl\u00e8te\" width=\"320\" height=\"180\" loading=\"lazy\" role=\"presentation\"\/><\/p>\n<p>                                            Tourn\u00e9e Star Academy 2026 : Quand et dans quelles salles se produiront les \u00e9l\u00e8ves ? La liste compl\u00e8te<\/p>\n<p>        <img decoding=\"async\" class=\"thumb-img-100 thumb-img\" src=\"https:\/\/www.europesays.com\/fr\/wp-content\/uploads\/2026\/01\/f68b8bacbebcd92e-320x180-1.jpg\" alt=\"&quot;\u00c7a ne va pas du tout&quot; : Apr\u00e8s Jonathan Jenvrin, Sofia Morgavi s'emporte \u00e0 son tour contre les \u00e9l\u00e8ves de la &quot;Star Academy&quot;\" width=\"320\" height=\"180\" loading=\"lazy\" role=\"presentation\"\/><\/p>\n<p>                                            \u00ab\u00a0\u00c7a ne va pas du tout\u00a0\u00bb : Apr\u00e8s Jonathan Jenvrin, Sofia Morgavi s&#8217;emporte \u00e0 son tour contre les \u00e9l\u00e8ves de la \u00ab\u00a0Star Academy\u00a0\u00bb<\/p>\n","protected":false},"excerpt":{"rendered":"Par Mathis Ferrut | Journaliste Passionn\u00e9 par le monde des m\u00e9dias depuis sa tendre enfance, la t\u00e9l\u00e9vision et&hellip;\n","protected":false},"author":2,"featured_media":650063,"comment_status":"","ping_status":"","sticky":false,"template":"","format":"standard","meta":{"footnotes":""},"categories":[1356],"tags":[58,59,1011,27,252,1364],"class_list":{"0":"post-650062","1":"post","2":"type-post","3":"status-publish","4":"format-standard","5":"has-post-thumbnail","7":"category-television","8":"tag-divertissement","9":"tag-entertainment","10":"tag-fr","11":"tag-france","12":"tag-television","13":"tag-tv"},"share_on_mastodon":{"url":"","error":""},"_links":{"self":[{"href":"https:\/\/www.europesays.com\/fr\/wp-json\/wp\/v2\/posts\/650062","targetHints":{"allow":["GET"]}}],"collection":[{"href":"https:\/\/www.europesays.com\/fr\/wp-json\/wp\/v2\/posts"}],"about":[{"href":"https:\/\/www.europesays.com\/fr\/wp-json\/wp\/v2\/types\/post"}],"author":[{"embeddable":true,"href":"https:\/\/www.europesays.com\/fr\/wp-json\/wp\/v2\/users\/2"}],"replies":[{"embeddable":true,"href":"https:\/\/www.europesays.com\/fr\/wp-json\/wp\/v2\/comments?post=650062"}],"version-history":[{"count":0,"href":"https:\/\/www.europesays.com\/fr\/wp-json\/wp\/v2\/posts\/650062\/revisions"}],"wp:featuredmedia":[{"embeddable":true,"href":"https:\/\/www.europesays.com\/fr\/wp-json\/wp\/v2\/media\/650063"}],"wp:attachment":[{"href":"https:\/\/www.europesays.com\/fr\/wp-json\/wp\/v2\/media?parent=650062"}],"wp:term":[{"taxonomy":"category","embeddable":true,"href":"https:\/\/www.europesays.com\/fr\/wp-json\/wp\/v2\/categories?post=650062"},{"taxonomy":"post_tag","embeddable":true,"href":"https:\/\/www.europesays.com\/fr\/wp-json\/wp\/v2\/tags?post=650062"}],"curies":[{"name":"wp","href":"https:\/\/api.w.org\/{rel}","templated":true}]}}