{"id":650064,"date":"2026-01-08T19:40:11","date_gmt":"2026-01-08T19:40:11","guid":{"rendered":"https:\/\/www.europesays.com\/fr\/650064\/"},"modified":"2026-01-08T19:40:11","modified_gmt":"2026-01-08T19:40:11","slug":"composer-une-setlist-sans-faire-dimpasse-cest-complique-steve-harris-veut-rejouer-the-evil-that-men-do","status":"publish","type":"post","link":"https:\/\/www.europesays.com\/fr\/650064\/","title":{"rendered":"\u201cComposer une setlist sans faire d\u2019impasse, c\u2019est compliqu\u00e9\u201d \u2013 Steve Harris veut rejouer The Evil That Men Do"},"content":{"rendered":"<p><strong>Alors qu\u2019<a href=\"https:\/\/www.metalzone.fr\/iron-maiden\/\" target=\"_blank\" rel=\"noopener\">Iron Maiden<\/a> s\u2019appr\u00eate \u00e0 repartir en tourn\u00e9e pour f\u00eater ses 50 ans de carri\u00e8re, Steve Harris a confi\u00e9 \u00e0 Metal Hammer qu\u2019il aimerait rejouer un titre embl\u00e9matique : The Evil That Men Do.<\/strong><\/p>\n<p>Steve Harris veut rejouer un classique d\u2019Iron Maiden<\/p>\n<p>Dans une interview accord\u00e9e \u00e0 <a href=\"https:\/\/www.loudersound.com\/news\/steve-harris-song-bring-back-iron-maiden-set-2026\" target=\"_blank\" rel=\"noopener\">Metal Hammer<\/a>, Steve Harris, fondateur et bassiste d\u2019Iron Maiden, a indiqu\u00e9 qu\u2019il aimerait remettre The Evil That Men Do dans la setlist. Ce titre, extrait de l\u2019album Seventh Son Of A Seventh Son (1988), n\u2019a plus \u00e9t\u00e9 jou\u00e9 en concert depuis 2019.<\/p>\n<p>\u201cJ\u2019aime tous nos morceaux, mais certains, comme The Evil That Men Do, me donnent vraiment envie de les rejouer\u201d, explique Harris. \u201cOn en a parl\u00e9, mais il n\u2019a pas \u00e9t\u00e9 retenu pour cette tourn\u00e9e. Faire une setlist sans laisser de c\u00f4t\u00e9 des morceaux, c\u2019est compliqu\u00e9. Mais c\u2019est un bon probl\u00e8me \u00e0 avoir.\u201d<\/p>\n<p>Une tourn\u00e9e anniversaire tr\u00e8s attendue en France et en Europe<\/p>\n<p>Lanc\u00e9e en 2025, la tourn\u00e9e Run For Your Lives, centr\u00e9e sur les neuf premiers albums du groupe, reprendra au printemps 2026. Trois dates sont pr\u00e9vues en France : le 19 juin au <a href=\"https:\/\/www.metalzone.fr\/hellfest\/\" target=\"_blank\" rel=\"noopener\">Hellfest<\/a> (Clisson), le 22 \u00e0 la Paris La D\u00e9fense Arena et le 28 au Groupama Stadium de Lyon.<\/p>\n<p>Les fans belges et suisses pourront \u00e9galement retrouver le groupe au Live is Live (Anvers) le 29 juin, ou dans des festivals voisins comme le Nova Rock (Autriche) ou le Rock am Ring (Allemagne).<\/p>\n<p>Le groupe continue ainsi d\u2019explorer son riche r\u00e9pertoire. Lors de cette tourn\u00e9e, il a notamment r\u00e9introduit des titres absents depuis des ann\u00e9es, comme Killers, Murders in the Rue Morgue ou encore Rime Of The Ancient Mariner.<\/p>\n<p>La tourn\u00e9e se terminera par deux concerts \u00e0 Knebworth Park, les 10 et 11 juillet, avant une s\u00e9rie de dates en Am\u00e9rique jusqu\u2019en novembre.<\/p>\n<p>The Evil That Men Do d\u2019Iron Maiden :<\/p>\n","protected":false},"excerpt":{"rendered":"Alors qu\u2019Iron Maiden s\u2019appr\u00eate \u00e0 repartir en tourn\u00e9e pour f\u00eater ses 50 ans de carri\u00e8re, Steve Harris a&hellip;\n","protected":false},"author":2,"featured_media":598929,"comment_status":"","ping_status":"","sticky":false,"template":"","format":"standard","meta":{"footnotes":""},"categories":[1355],"tags":[58,59,1011,27,1361,873],"class_list":{"0":"post-650064","1":"post","2":"type-post","3":"status-publish","4":"format-standard","5":"has-post-thumbnail","7":"category-musique","8":"tag-divertissement","9":"tag-entertainment","10":"tag-fr","11":"tag-france","12":"tag-music","13":"tag-musique"},"share_on_mastodon":{"url":"https:\/\/pubeurope.com\/@fr\/115861181189129729","error":""},"_links":{"self":[{"href":"https:\/\/www.europesays.com\/fr\/wp-json\/wp\/v2\/posts\/650064","targetHints":{"allow":["GET"]}}],"collection":[{"href":"https:\/\/www.europesays.com\/fr\/wp-json\/wp\/v2\/posts"}],"about":[{"href":"https:\/\/www.europesays.com\/fr\/wp-json\/wp\/v2\/types\/post"}],"author":[{"embeddable":true,"href":"https:\/\/www.europesays.com\/fr\/wp-json\/wp\/v2\/users\/2"}],"replies":[{"embeddable":true,"href":"https:\/\/www.europesays.com\/fr\/wp-json\/wp\/v2\/comments?post=650064"}],"version-history":[{"count":0,"href":"https:\/\/www.europesays.com\/fr\/wp-json\/wp\/v2\/posts\/650064\/revisions"}],"wp:featuredmedia":[{"embeddable":true,"href":"https:\/\/www.europesays.com\/fr\/wp-json\/wp\/v2\/media\/598929"}],"wp:attachment":[{"href":"https:\/\/www.europesays.com\/fr\/wp-json\/wp\/v2\/media?parent=650064"}],"wp:term":[{"taxonomy":"category","embeddable":true,"href":"https:\/\/www.europesays.com\/fr\/wp-json\/wp\/v2\/categories?post=650064"},{"taxonomy":"post_tag","embeddable":true,"href":"https:\/\/www.europesays.com\/fr\/wp-json\/wp\/v2\/tags?post=650064"}],"curies":[{"name":"wp","href":"https:\/\/api.w.org\/{rel}","templated":true}]}}