{"id":650065,"date":"2026-01-08T19:41:16","date_gmt":"2026-01-08T19:41:16","guid":{"rendered":"https:\/\/www.europesays.com\/fr\/650065\/"},"modified":"2026-01-08T19:41:16","modified_gmt":"2026-01-08T19:41:16","slug":"sadie-sink-a-appris-quelle-jouerait-dans-spider-man-brand-new-day-grace-a-des-rumeurs-sur-internet","status":"publish","type":"post","link":"https:\/\/www.europesays.com\/fr\/650065\/","title":{"rendered":"Sadie Sink a appris qu&rsquo;elle jouerait dans \u00abSpider-Man: Brand New Day\u00bb gr\u00e2ce \u00e0 des rumeurs sur Internet"},"content":{"rendered":"<p><strong>Sadie Sink a lu des articles concernant son casting pour <\/strong><strong>Spider-Man: Brand New Day<\/strong><strong> quelques jours avant qu&rsquo;on lui propose le r\u00f4le.<\/strong><\/p>\n<p>L&rsquo;actrice de Stranger Things a termin\u00e9 le tournage de ses sc\u00e8nes aux c\u00f4t\u00e9s de Tom Holland, qui joue Peter Parker, dans le quatri\u00e8me film solo de Spider-Man. Toutefois, l&rsquo;identit\u00e9 de son personnage demeure un myst\u00e8re.<\/p>\n<p class=\"toreadalso-fromEMP\"><strong>\u2022 \u00c0 lire aussi: <\/strong><a href=\"https:\/\/www.lesacdechips.com\/2026\/01\/05\/stranger-things-une-video-des-coulisses-du-tournage-pourrait-reveler-le-vrai-destin-deleven\" target=\"6fb52695-cc8e-4bed-b13c-a2c3d9953533\" rel=\"noopener\"><strong>Stranger Things: une vid\u00e9o des coulisses du tournage pourrait r\u00e9v\u00e9ler le vrai destin d\u2019Eleven<\/strong><\/a><\/p>\n<p>Lors d&rsquo;une r\u00e9cente apparition dans l&rsquo;\u00e9mission The Tonight Show Starring Jimmy Fallon, Sink a admis avoir vu des rumeurs en ligne concernant sa distribution avant m\u00eame qu&rsquo;on lui propose le r\u00f4le.<\/p>\n<p>\u00abJ&rsquo;ai appris la nouvelle gr\u00e2ce \u00e0 des rumeurs en ligne. Avant d&rsquo;\u00eatre engag\u00e9e pour Spider-Man, il y avait des sp\u00e9culations sur Internet qui disaient: \u00ab\u00a0Sadie Sink va jouer dans le nouveau Spider-Man\u00a0\u00bb. Je me suis dit: \u00ab\u00a0Hmm? Vraiment?\u00a0\u00bb\u00bb, se souvient-elle. \u00abEt effectivement, deux jours plus tard, on m&rsquo;offrait le r\u00f4le. Alors oui, ces rumeurs, il y a parfois une part de v\u00e9rit\u00e9.\u00bb<\/p>\n<p><a href=\"https:\/\/www.lesacdechips.com\/2024\/03\/14\/abonnez-vous-a-linfolettre-du-sac-de-chips-la-meilleure-au-quebec\" target=\"_blank\" rel=\"noopener\"><br \/>\n    <img decoding=\"async\" src=\"https:\/\/www.europesays.com\/fr\/wp-content\/uploads\/2025\/04\/a0726ac5-71aa-4446-8497-d98287deea9c_bloc_sdc.jpg\" class=\"logoJe\"\/><br \/>\n<\/a><\/p>\n<p>La jeune femme de 23 ans a confi\u00e9 que l&rsquo;impossibilit\u00e9 de r\u00e9v\u00e9ler publiquement son personnage ou le moindre d\u00e9tail sur le film \u00e9tait un v\u00e9ritable supplice, m\u00eame si elle avait pu se confier \u00e0 ses proches.<\/p>\n<p>\u00abIl y a tellement de sp\u00e9culation! J&rsquo;ai l&rsquo;impression qu&rsquo;un nouveau personnage appara\u00eet chaque semaine\u00bb, a-t-elle ajout\u00e9.<\/p>\n<p>Dans une entrevue accord\u00e9e au Hollywood Reporter en d\u00e9cembre, l&rsquo;actrice a soulign\u00e9 qu&rsquo;il lui \u00e9tait plus facile de garder le secret sur la derni\u00e8re saison de Stranger Things, car elle avait des secrets Marvel encore plus importants \u00e0 prot\u00e9ger.<\/p>\n<p class=\"toreadalso-fromEMP\"><strong>\u2022 \u00c0 lire aussi: <\/strong><a href=\"https:\/\/www.lesacdechips.com\/2025\/12\/19\/david-harbour-ne-participera-pas-a-un-evenement-stranger-things\" target=\"f0389202-7be6-464b-8543-ced2e382b023\" rel=\"noopener\"><strong>David Harbour ne participera pas \u00e0 un \u00e9v\u00e9nement Stranger Things<\/strong><\/a><\/p>\n<p>\u00abJ&rsquo;ai tellement h\u00e2te d&rsquo;en parler davantage! J&rsquo;ai tellement de choses \u00e0 partager. C&rsquo;est pourquoi garder les secrets de Stranger Things me semble relativement facile, car j&rsquo;ai tellement de secrets sur Spider-Man, encore plus secrets\u00bb, a-t-elle expliqu\u00e9.<\/p>\n<p>Sink avait d\u00e9j\u00e0 collabor\u00e9 avec le r\u00e9alisateur Destin Daniel Cretton sur l&rsquo;un de ses premiers films, The Glass Castle (2017), alors qu&rsquo;elle n&rsquo;avait que 14 ans.<\/p>\n<p>Spider-Man: Brand New Day, dont la sortie est pr\u00e9vue le 31 juillet, met \u00e9galement en vedette Tom Holland, Mark Ruffalo, Jon Bernthal, Zendaya et Jacob Batalon.<\/p>\n","protected":false},"excerpt":{"rendered":"Sadie Sink a lu des articles concernant son casting pour Spider-Man: Brand New Day quelques jours avant qu&rsquo;on&hellip;\n","protected":false},"author":2,"featured_media":650066,"comment_status":"","ping_status":"","sticky":false,"template":"","format":"standard","meta":{"footnotes":""},"categories":[1354],"tags":[58,59,1346,1011,27,1360],"class_list":{"0":"post-650065","1":"post","2":"type-post","3":"status-publish","4":"format-standard","5":"has-post-thumbnail","7":"category-films","8":"tag-divertissement","9":"tag-entertainment","10":"tag-films","11":"tag-fr","12":"tag-france","13":"tag-movies"},"share_on_mastodon":{"url":"https:\/\/pubeurope.com\/@fr\/115861185100338146","error":""},"_links":{"self":[{"href":"https:\/\/www.europesays.com\/fr\/wp-json\/wp\/v2\/posts\/650065","targetHints":{"allow":["GET"]}}],"collection":[{"href":"https:\/\/www.europesays.com\/fr\/wp-json\/wp\/v2\/posts"}],"about":[{"href":"https:\/\/www.europesays.com\/fr\/wp-json\/wp\/v2\/types\/post"}],"author":[{"embeddable":true,"href":"https:\/\/www.europesays.com\/fr\/wp-json\/wp\/v2\/users\/2"}],"replies":[{"embeddable":true,"href":"https:\/\/www.europesays.com\/fr\/wp-json\/wp\/v2\/comments?post=650065"}],"version-history":[{"count":0,"href":"https:\/\/www.europesays.com\/fr\/wp-json\/wp\/v2\/posts\/650065\/revisions"}],"wp:featuredmedia":[{"embeddable":true,"href":"https:\/\/www.europesays.com\/fr\/wp-json\/wp\/v2\/media\/650066"}],"wp:attachment":[{"href":"https:\/\/www.europesays.com\/fr\/wp-json\/wp\/v2\/media?parent=650065"}],"wp:term":[{"taxonomy":"category","embeddable":true,"href":"https:\/\/www.europesays.com\/fr\/wp-json\/wp\/v2\/categories?post=650065"},{"taxonomy":"post_tag","embeddable":true,"href":"https:\/\/www.europesays.com\/fr\/wp-json\/wp\/v2\/tags?post=650065"}],"curies":[{"name":"wp","href":"https:\/\/api.w.org\/{rel}","templated":true}]}}