{"id":650075,"date":"2026-01-08T19:46:16","date_gmt":"2026-01-08T19:46:16","guid":{"rendered":"https:\/\/www.europesays.com\/fr\/650075\/"},"modified":"2026-01-08T19:46:16","modified_gmt":"2026-01-08T19:46:16","slug":"lfss-2026-promulguee-les-mesures-qui-concernent-les-pharmaciens","status":"publish","type":"post","link":"https:\/\/www.europesays.com\/fr\/650075\/","title":{"rendered":"LFSS 2026 promulgu\u00e9e : les mesures qui concernent les pharmaciens"},"content":{"rendered":"<p style=\"text-align:justify;\">Dans sa d\u00e9cision du 30 d\u00e9cembre 2025, le Conseil constitutionnel a censur\u00e9 10 articles. Parmi ces derniers, sont concern\u00e9es les dispositions sur l\u2019extension de l&rsquo;exp\u00e9rimentation des antennes de pharmacie \u00e0 l&rsquo;ensemble du territoire national et aux communes d\u00e9l\u00e9gu\u00e9es en zone de montagne, ainsi que celles portant sur la g\u00e9n\u00e9ralisation de l\u2019exp\u00e9rimentation au 1er juillet 2027. Ces mesures ont en effet \u00e9t\u00e9 consid\u00e9r\u00e9es comme des cavaliers sociaux.<\/p>\n<p>La loi promulgu\u00e9e comprend ainsi en d\u00e9finitive les articles suivants impactant les pharmaciens :\u00a0<\/p>\n<ul>\n<li>Inscription dans la loi de la fixation des <strong>plafonds des remises<\/strong> sur les g\u00e9n\u00e9riques, hybrides et biosimilaires (article 37).<\/li>\n<li>Base l\u00e9gale pour de nouvelles <strong>obligations vaccinales<\/strong> et <strong>autorisation de d\u00e9tenir des vaccins <\/strong>pour les centres de sant\u00e9, m\u00e9decins, sages-femmes et infirmiers, dans le cadre de leur exercice lib\u00e9ral, dont les conditions d\u2019application seront fix\u00e9es par d\u00e9cret (article 55).<\/li>\n<li><strong>G\u00e9n\u00e9ralisation d\u2019OSyS<\/strong> : une avanc\u00e9e port\u00e9e par l\u2019Ordre aupr\u00e8s des pouvoirs publics, qui repr\u00e9sente un \u00e9largissement significatif du r\u00f4le de premier recours du pharmacien (article 63). La liste des situations cliniques concern\u00e9es et leurs modalit\u00e9s de prise en charge seront d\u00e9finies par un arr\u00eat\u00e9.<\/li>\n<li>Constitution du <strong>r\u00e9seau France Sant\u00e9<\/strong> : un r\u00e9seau qui comprendra des structures de soins de premier recours fournissant une offre de service socle (article 63).<\/li>\n<li>Extension des <strong>financements<\/strong> accord\u00e9s aux officines au-del\u00e0 des territoires fragiles (article 63).<\/li>\n<li>Exp\u00e9rimentation de la <strong>collecte et redistribution<\/strong> de l\u2019ensemble des m\u00e9dicaments remboursables en \u00e9tablissements de sant\u00e9, dont les modalit\u00e9s d\u2019application seront pr\u00e9cis\u00e9es par d\u00e9cret (article 86).<\/li>\n<li>Instauration du <strong>tiers payant<\/strong> contre biosimilaires et hybrides substituables (article 87).<\/li>\n<li>R\u00e9forme des m\u00e9canismes de <strong>r\u00e9gulation du m\u00e9dicament<\/strong> : clause de sauvegarde en exon\u00e9rant les m\u00e9dicaments g\u00e9n\u00e9riques et les sp\u00e9cialit\u00e9s de r\u00e9f\u00e9rence sous tarif fixe de responsabilit\u00e9 au m\u00eame prix que les g\u00e9n\u00e9riques, les m\u00e9dicaments hybrides et biosimilaires substituables (article 28), remises conventionnelles consenties par les industriels \u00e0 l\u2019Assurance Maladie (article 33), diminution d\u2019une partie de la contribution due par les grossistes-r\u00e9partiteurs (article 36), renouvellement de l\u2019exp\u00e9rimentation d&rsquo;acc\u00e8s direct pour deux ans suppl\u00e9mentaires (article 88).<\/li>\n<\/ul>\n<p>En savoir plus :<\/p>\n","protected":false},"excerpt":{"rendered":"Dans sa d\u00e9cision du 30 d\u00e9cembre 2025, le Conseil constitutionnel a censur\u00e9 10 articles. Parmi ces derniers, sont&hellip;\n","protected":false},"author":2,"featured_media":650076,"comment_status":"","ping_status":"","sticky":false,"template":"","format":"standard","meta":{"footnotes":""},"categories":[6],"tags":[35,33,34,1011,27],"class_list":{"0":"post-650075","1":"post","2":"type-post","3":"status-publish","4":"format-standard","5":"has-post-thumbnail","7":"category-economie","8":"tag-business","9":"tag-economie","10":"tag-economy","11":"tag-fr","12":"tag-france"},"share_on_mastodon":{"url":"https:\/\/pubeurope.com\/@fr\/115861204764827273","error":""},"_links":{"self":[{"href":"https:\/\/www.europesays.com\/fr\/wp-json\/wp\/v2\/posts\/650075","targetHints":{"allow":["GET"]}}],"collection":[{"href":"https:\/\/www.europesays.com\/fr\/wp-json\/wp\/v2\/posts"}],"about":[{"href":"https:\/\/www.europesays.com\/fr\/wp-json\/wp\/v2\/types\/post"}],"author":[{"embeddable":true,"href":"https:\/\/www.europesays.com\/fr\/wp-json\/wp\/v2\/users\/2"}],"replies":[{"embeddable":true,"href":"https:\/\/www.europesays.com\/fr\/wp-json\/wp\/v2\/comments?post=650075"}],"version-history":[{"count":0,"href":"https:\/\/www.europesays.com\/fr\/wp-json\/wp\/v2\/posts\/650075\/revisions"}],"wp:featuredmedia":[{"embeddable":true,"href":"https:\/\/www.europesays.com\/fr\/wp-json\/wp\/v2\/media\/650076"}],"wp:attachment":[{"href":"https:\/\/www.europesays.com\/fr\/wp-json\/wp\/v2\/media?parent=650075"}],"wp:term":[{"taxonomy":"category","embeddable":true,"href":"https:\/\/www.europesays.com\/fr\/wp-json\/wp\/v2\/categories?post=650075"},{"taxonomy":"post_tag","embeddable":true,"href":"https:\/\/www.europesays.com\/fr\/wp-json\/wp\/v2\/tags?post=650075"}],"curies":[{"name":"wp","href":"https:\/\/api.w.org\/{rel}","templated":true}]}}