{"id":650077,"date":"2026-01-08T19:47:11","date_gmt":"2026-01-08T19:47:11","guid":{"rendered":"https:\/\/www.europesays.com\/fr\/650077\/"},"modified":"2026-01-08T19:47:11","modified_gmt":"2026-01-08T19:47:11","slug":"la-france-votera-contre-le-traite-de-libre-echange-ue-mercosur-un-accord-dun-autre-age-annonce-emmanuel-macron","status":"publish","type":"post","link":"https:\/\/www.europesays.com\/fr\/650077\/","title":{"rendered":"la France votera contre le trait\u00e9 de libre-\u00e9change UE-Mercosur, \u00ab\u00a0un accord d\u2019un autre \u00e2ge\u00a0\u00bb, annonce Emmanuel Macron"},"content":{"rendered":"\n<p class=\"post__live-container--answer-text post__space-node\">Merci pour votre question. Emmanuel Macron vient d\u2019annoncer que la France voterait contre le trait\u00e9 de libre-\u00e9change avec le Mercosur lors du vote pr\u00e9vu vendredi \u00e0 Bruxelles. La d\u00e9cision fran\u00e7aise s\u2019ajoute \u00e0 l\u2019opposition de la Pologne, de l\u2019Autriche, de la Hongrie, ou encore de l\u2019Irlande, qui a annonc\u00e9 aujourd\u2019hui son rejet de\u00a0cet accord commercial.<\/p>\n<p class=\"post__live-container--answer-text post__space-node\">La France, toutefois, ne devrait pas \u00eatre en mesure\u00a0de bloquer l\u2019accord. La Commission europ\u00e9enne semble, en effet, en passe d\u2019obtenir le soutien crucial de l\u2019Italie, longtemps r\u00e9ticente, mettant ainsi fin aux derniers espoirs de Paris de pouvoir former une minorit\u00e9 de blocage. Le ministre des affaires \u00e9trang\u00e8res italien, Antonio Tajani, a salu\u00e9 hier de nouvelles mesures de l\u2019UE en faveur des agriculteurs et \u00ab\u00a0les \u00e9normes avantages\u00a0\u00bb du trait\u00e9 avec le Mercosur, montrant ainsi des signes de ralliement au camp des \u00ab\u00a0pro-Mercosur\u00a0\u00bb, aux c\u00f4t\u00e9s de l\u2019Allemagne, des Pays-Bas, de l\u2019Espagne, ou des pays scandinaves, qui pl\u00e9biscitent cet accord pour relancer l\u2019\u00e9conomie europ\u00e9enne.<\/p>\n<p class=\"post__live-container--answer-text post__space-node\">La Commission europ\u00e9enne devrait donc obtenir vendredi\u00a0l\u2019aval des \u00c9Etats europ\u00e9ens \u00e0 la majorit\u00e9 qualifi\u00e9e, une signature pourrait avoir lieu d\u00e8s lundi au Paraguay, apr\u00e8s plus de vingt-cinq ans de n\u00e9gociations.<\/p>\n","protected":false},"excerpt":{"rendered":"Merci pour votre question. Emmanuel Macron vient d\u2019annoncer que la France voterait contre le trait\u00e9 de libre-\u00e9change avec&hellip;\n","protected":false},"author":2,"featured_media":650078,"comment_status":"","ping_status":"","sticky":false,"template":"","format":"standard","meta":{"footnotes":""},"categories":[5],"tags":[11,1011,27,14,12,28],"class_list":{"0":"post-650077","1":"post","2":"type-post","3":"status-publish","4":"format-standard","5":"has-post-thumbnail","7":"category-international","8":"tag-actualites","9":"tag-fr","10":"tag-france","11":"tag-international","12":"tag-news","13":"tag-world"},"share_on_mastodon":{"url":"https:\/\/pubeurope.com\/@fr\/115861209147305505","error":""},"_links":{"self":[{"href":"https:\/\/www.europesays.com\/fr\/wp-json\/wp\/v2\/posts\/650077","targetHints":{"allow":["GET"]}}],"collection":[{"href":"https:\/\/www.europesays.com\/fr\/wp-json\/wp\/v2\/posts"}],"about":[{"href":"https:\/\/www.europesays.com\/fr\/wp-json\/wp\/v2\/types\/post"}],"author":[{"embeddable":true,"href":"https:\/\/www.europesays.com\/fr\/wp-json\/wp\/v2\/users\/2"}],"replies":[{"embeddable":true,"href":"https:\/\/www.europesays.com\/fr\/wp-json\/wp\/v2\/comments?post=650077"}],"version-history":[{"count":0,"href":"https:\/\/www.europesays.com\/fr\/wp-json\/wp\/v2\/posts\/650077\/revisions"}],"wp:featuredmedia":[{"embeddable":true,"href":"https:\/\/www.europesays.com\/fr\/wp-json\/wp\/v2\/media\/650078"}],"wp:attachment":[{"href":"https:\/\/www.europesays.com\/fr\/wp-json\/wp\/v2\/media?parent=650077"}],"wp:term":[{"taxonomy":"category","embeddable":true,"href":"https:\/\/www.europesays.com\/fr\/wp-json\/wp\/v2\/categories?post=650077"},{"taxonomy":"post_tag","embeddable":true,"href":"https:\/\/www.europesays.com\/fr\/wp-json\/wp\/v2\/tags?post=650077"}],"curies":[{"name":"wp","href":"https:\/\/api.w.org\/{rel}","templated":true}]}}