{"id":650082,"date":"2026-01-08T19:50:30","date_gmt":"2026-01-08T19:50:30","guid":{"rendered":"https:\/\/www.europesays.com\/fr\/650082\/"},"modified":"2026-01-08T19:50:30","modified_gmt":"2026-01-08T19:50:30","slug":"saint-etienne-le-chu-abandonne-lapprovisionnement-mural-en-protoxyde-dazote-a-limpact-environnemental-lourd","status":"publish","type":"post","link":"https:\/\/www.europesays.com\/fr\/650082\/","title":{"rendered":"Saint-Etienne. Le CHU abandonne l\u2019approvisionnement mural en protoxyde d\u2019azote, \u00e0 l&rsquo;impact environnemental lourd"},"content":{"rendered":"<p>Apr\u00e8s son boycott \u00e0 l\u2019h\u00f4pital de Pau, de la Timone, \u00e0 Marseille ou encore d\u2019Angers, c\u2019est au CHU de Saint-Etienne qu\u2019il vient de perdre sa place.<\/p>\n<p>Depuis le 5\u00a0janvier, l\u2019h\u00f4pital a arr\u00eat\u00e9 l\u2019approvisionnement mural du plus vieux m\u00e9dicament anesth\u00e9siant\u00a0: le protoxyde d\u2019azote (N\u2082O).<\/p>\n<p>Cette d\u00e9cision s\u2019inscrit dans la politique de responsabilit\u00e9 soci\u00e9tale et environnementale (RSE), engag\u00e9e par l\u2019\u00e9tablissement qui entend r\u00e9duire durablement l\u2019impact environnemental des activit\u00e9s de soins qu\u2019il dispense. Une d\u00e9cision prise en concertation avec les \u00e9quipes m\u00e9dico-soignantes qui y \u00e9taient expos\u00e9es. Des bouteilles individuelles resteront disponibles si une indication m\u00e9dicale le justifie.<\/p>\n<p>  Une dur\u00e9e de vie atmosph\u00e9rique d\u00e9passant 120 ans<\/p>\n<p>Avec son potentiel de r\u00e9chauffement global 289 fois sup\u00e9rieur \u00e0 celui du CO\u2082, une fois rejet\u00e9, ce gaz \u00e0 effet de serre ultra-puissant participait \u00e0 la destruction de la couche d\u2019ozone avec une dur\u00e9e de vie atmosph\u00e9rique d\u00e9passant 120 ans.<\/p>\n<p>Dans les \u00e9tablissements de sant\u00e9, on le retrouvait dans les blocs op\u00e9ratoires jusque-l\u00e0 \u00e9quip\u00e9s de circuits d\u00e9di\u00e9s \u00e0 ce gaz. Des circuits connaissant des fuites de ses r\u00e9seaux qui repr\u00e9sentaient jusqu\u2019\u00e0 90\u00a0% de sa consommation r\u00e9elle. Les fuites, invisibles, de ce comburant augmentaient \u00e9galement le risque d\u2019incendie dans les b\u00e2timents hospitaliers.<\/p>\n<p>12\u00a0000 euros d&rsquo;\u00e9conomies par an<\/p>\n<p>Malgr\u00e9 les efforts engag\u00e9s depuis plus de dix ans par les \u00e9quipes d\u2019anesth\u00e9sie (ayant permis de r\u00e9duire de 80\u00a0% les consommations individuelles), le r\u00e9seau mural du CHU abritait encore 1,56\u00a0million de litres de N\u2082O en 2024, soit l\u2019\u00e9quivalent de 620 tonnes de CO\u2082.<\/p>\n<p>Avec l\u2019arr\u00eat de cet approvisionnement, c\u2019est une empreinte carbone annuelle de pr\u00e8s de 50 Fran\u00e7ais qui ne sera plus \u00e9mise et 12\u00a0000\u00a0euros d\u2019\u00e9conomies par an qui seront r\u00e9alis\u00e9es.<\/p>\n<p>Au-del\u00e0 de son impact environnemental, le protoxyde d\u2019azote pr\u00e9sentait, depuis quelques ann\u00e9es, un int\u00e9r\u00eat m\u00e9dical limit\u00e9 en anesth\u00e9sie g\u00e9n\u00e9rale avec des risques pour la sant\u00e9 des professionnels qui y \u00e9taient expos\u00e9s de mani\u00e8re chronique avec, parmi les effets d\u00e9crits, des maux de t\u00eate, \u00e9tourdissements, naus\u00e9es et m\u00eame troubles reproductifs.<\/p>\n","protected":false},"excerpt":{"rendered":"Apr\u00e8s son boycott \u00e0 l\u2019h\u00f4pital de Pau, de la Timone, \u00e0 Marseille ou encore d\u2019Angers, c\u2019est au CHU&hellip;\n","protected":false},"author":2,"featured_media":650083,"comment_status":"","ping_status":"","sticky":false,"template":"","format":"standard","meta":{"footnotes":""},"categories":[9653],"tags":[1111,11,2430,7539,1777,674,1011,27,3367,12,25,4001,7538,71],"class_list":{"0":"post-650082","1":"post","2":"type-post","3":"status-publish","4":"format-standard","5":"has-post-thumbnail","7":"category-saint-etienne","8":"tag-actu","9":"tag-actualites","10":"tag-auvergne-rhone-alpes","11":"tag-edition-loire-sud","12":"tag-eu","13":"tag-europe","14":"tag-fr","15":"tag-france","16":"tag-loire","17":"tag-news","18":"tag-republique-francaise","19":"tag-saint-etienne","20":"tag-saint-etienne-ville","21":"tag-sante"},"share_on_mastodon":{"url":"https:\/\/pubeurope.com\/@fr\/115861220542591040","error":""},"_links":{"self":[{"href":"https:\/\/www.europesays.com\/fr\/wp-json\/wp\/v2\/posts\/650082","targetHints":{"allow":["GET"]}}],"collection":[{"href":"https:\/\/www.europesays.com\/fr\/wp-json\/wp\/v2\/posts"}],"about":[{"href":"https:\/\/www.europesays.com\/fr\/wp-json\/wp\/v2\/types\/post"}],"author":[{"embeddable":true,"href":"https:\/\/www.europesays.com\/fr\/wp-json\/wp\/v2\/users\/2"}],"replies":[{"embeddable":true,"href":"https:\/\/www.europesays.com\/fr\/wp-json\/wp\/v2\/comments?post=650082"}],"version-history":[{"count":0,"href":"https:\/\/www.europesays.com\/fr\/wp-json\/wp\/v2\/posts\/650082\/revisions"}],"wp:featuredmedia":[{"embeddable":true,"href":"https:\/\/www.europesays.com\/fr\/wp-json\/wp\/v2\/media\/650083"}],"wp:attachment":[{"href":"https:\/\/www.europesays.com\/fr\/wp-json\/wp\/v2\/media?parent=650082"}],"wp:term":[{"taxonomy":"category","embeddable":true,"href":"https:\/\/www.europesays.com\/fr\/wp-json\/wp\/v2\/categories?post=650082"},{"taxonomy":"post_tag","embeddable":true,"href":"https:\/\/www.europesays.com\/fr\/wp-json\/wp\/v2\/tags?post=650082"}],"curies":[{"name":"wp","href":"https:\/\/api.w.org\/{rel}","templated":true}]}}