{"id":650084,"date":"2026-01-08T19:51:24","date_gmt":"2026-01-08T19:51:24","guid":{"rendered":"https:\/\/www.europesays.com\/fr\/650084\/"},"modified":"2026-01-08T19:51:24","modified_gmt":"2026-01-08T19:51:24","slug":"saint-etienne-le-peintre-mohamad-alkadamani-de-la-syrie-a-reves-dailleurs","status":"publish","type":"post","link":"https:\/\/www.europesays.com\/fr\/650084\/","title":{"rendered":"Saint-\u00c9tienne. Le peintre Mohamad Alkadamani, de la Syrie \u00e0 R\u00eaves d\u2019ailleurs"},"content":{"rendered":"<p>Parti de son pays, la Syrie, en mars\u00a02023 en raison de la guerre civile et de la violence qui y r\u00e9gnaient, Mohamad Alkadamani a connu un long parcours avant d\u2019arriver \u00e0 Firminy. Liban, Turquie, Venezuela, Cuba, Br\u00e9sil, ont jalonn\u00e9 son chemin jusqu\u2019en Guyane fran\u00e7aise o\u00f9 il a v\u00e9cu un an avec sa famille. Apr\u00e8s avoir expos\u00e9 l\u00e0-bas et donn\u00e9 b\u00e9n\u00e9volement des cours de peinture, puis avoir obtenu le statut de r\u00e9fugi\u00e9 pour&#8230;<\/p>\n","protected":false},"excerpt":{"rendered":"Parti de son pays, la Syrie, en mars\u00a02023 en raison de la guerre civile et de la violence&hellip;\n","protected":false},"author":2,"featured_media":650085,"comment_status":"","ping_status":"","sticky":false,"template":"","format":"standard","meta":{"footnotes":""},"categories":[9653],"tags":[1111,11,2430,1687,7539,1777,674,2271,1011,27,12,25,4001,7538],"class_list":{"0":"post-650084","1":"post","2":"type-post","3":"status-publish","4":"format-standard","5":"has-post-thumbnail","7":"category-saint-etienne","8":"tag-actu","9":"tag-actualites","10":"tag-auvergne-rhone-alpes","11":"tag-culture-loisirs","12":"tag-edition-loire-sud","13":"tag-eu","14":"tag-europe","15":"tag-exposition-arts-plastiques","16":"tag-fr","17":"tag-france","18":"tag-news","19":"tag-republique-francaise","20":"tag-saint-etienne","21":"tag-saint-etienne-ville"},"share_on_mastodon":{"url":"https:\/\/pubeurope.com\/@fr\/115861224457710441","error":""},"_links":{"self":[{"href":"https:\/\/www.europesays.com\/fr\/wp-json\/wp\/v2\/posts\/650084","targetHints":{"allow":["GET"]}}],"collection":[{"href":"https:\/\/www.europesays.com\/fr\/wp-json\/wp\/v2\/posts"}],"about":[{"href":"https:\/\/www.europesays.com\/fr\/wp-json\/wp\/v2\/types\/post"}],"author":[{"embeddable":true,"href":"https:\/\/www.europesays.com\/fr\/wp-json\/wp\/v2\/users\/2"}],"replies":[{"embeddable":true,"href":"https:\/\/www.europesays.com\/fr\/wp-json\/wp\/v2\/comments?post=650084"}],"version-history":[{"count":0,"href":"https:\/\/www.europesays.com\/fr\/wp-json\/wp\/v2\/posts\/650084\/revisions"}],"wp:featuredmedia":[{"embeddable":true,"href":"https:\/\/www.europesays.com\/fr\/wp-json\/wp\/v2\/media\/650085"}],"wp:attachment":[{"href":"https:\/\/www.europesays.com\/fr\/wp-json\/wp\/v2\/media?parent=650084"}],"wp:term":[{"taxonomy":"category","embeddable":true,"href":"https:\/\/www.europesays.com\/fr\/wp-json\/wp\/v2\/categories?post=650084"},{"taxonomy":"post_tag","embeddable":true,"href":"https:\/\/www.europesays.com\/fr\/wp-json\/wp\/v2\/tags?post=650084"}],"curies":[{"name":"wp","href":"https:\/\/api.w.org\/{rel}","templated":true}]}}