{"id":650086,"date":"2026-01-08T19:52:19","date_gmt":"2026-01-08T19:52:19","guid":{"rendered":"https:\/\/www.europesays.com\/fr\/650086\/"},"modified":"2026-01-08T19:52:19","modified_gmt":"2026-01-08T19:52:19","slug":"sandrans-les-47-adherents-de-loisirs-et-rencontres-ont-repris-leurs-activites","status":"publish","type":"post","link":"https:\/\/www.europesays.com\/fr\/650086\/","title":{"rendered":"Sandrans. Les 47 adh\u00e9rents de Loisirs et rencontres ont repris leurs activit\u00e9s"},"content":{"rendered":"<p>Mercredi 7\u00a0janvier, les 47 adh\u00e9rents du club Loisirs et rencontres ont repris le chemin de la salle des f\u00eates, apr\u00e8s une fermeture de 15 jours durant les f\u00eates de fin d\u2019ann\u00e9e, tous \u00e9taient ravis de se retrouver et partager ensemble la traditionnelle galette des\u00a0Rois.<\/p>\n<p>La prochaine manifestation de l\u2019association aura lieu le 31\u00a0janvier avec un concours de coinche, puis un apr\u00e8s-midi bugnes le 4\u00a0mars, un repas de printemps le 18\u00a0mars, suivi d\u2019un repas d\u2019\u00e9t\u00e9 le 24\u00a0juin.<\/p>\n<p>Le mercredi 30\u00a0septembre se d\u00e9roulera l\u2019interclubs avec Relevant Ain loisirs o\u00f9 le troph\u00e9e sera remis en jeu.<\/p>\n","protected":false},"excerpt":{"rendered":"Mercredi 7\u00a0janvier, les 47 adh\u00e9rents du club Loisirs et rencontres ont repris le chemin de la salle des&hellip;\n","protected":false},"author":2,"featured_media":650087,"comment_status":"","ping_status":"","sticky":false,"template":"","format":"standard","meta":{"footnotes":""},"categories":[9635],"tags":[1111,11,28487,6751,1777,674,1011,27,775,1702,12,25,28486,104,1631],"class_list":{"0":"post-650086","1":"post","2":"type-post","3":"status-publish","4":"format-standard","5":"has-post-thumbnail","7":"category-nancy","8":"tag-actu","9":"tag-actualites","10":"tag-chatillon-sur-chalaronne-bassin","11":"tag-edition-ain-ouest","12":"tag-eu","13":"tag-europe","14":"tag-fr","15":"tag-france","16":"tag-grand-est","17":"tag-nancy","18":"tag-news","19":"tag-republique-francaise","20":"tag-sandrans","21":"tag-societe","22":"tag-vie-associative"},"share_on_mastodon":{"url":"https:\/\/pubeurope.com\/@fr\/115861228462047164","error":""},"_links":{"self":[{"href":"https:\/\/www.europesays.com\/fr\/wp-json\/wp\/v2\/posts\/650086","targetHints":{"allow":["GET"]}}],"collection":[{"href":"https:\/\/www.europesays.com\/fr\/wp-json\/wp\/v2\/posts"}],"about":[{"href":"https:\/\/www.europesays.com\/fr\/wp-json\/wp\/v2\/types\/post"}],"author":[{"embeddable":true,"href":"https:\/\/www.europesays.com\/fr\/wp-json\/wp\/v2\/users\/2"}],"replies":[{"embeddable":true,"href":"https:\/\/www.europesays.com\/fr\/wp-json\/wp\/v2\/comments?post=650086"}],"version-history":[{"count":0,"href":"https:\/\/www.europesays.com\/fr\/wp-json\/wp\/v2\/posts\/650086\/revisions"}],"wp:featuredmedia":[{"embeddable":true,"href":"https:\/\/www.europesays.com\/fr\/wp-json\/wp\/v2\/media\/650087"}],"wp:attachment":[{"href":"https:\/\/www.europesays.com\/fr\/wp-json\/wp\/v2\/media?parent=650086"}],"wp:term":[{"taxonomy":"category","embeddable":true,"href":"https:\/\/www.europesays.com\/fr\/wp-json\/wp\/v2\/categories?post=650086"},{"taxonomy":"post_tag","embeddable":true,"href":"https:\/\/www.europesays.com\/fr\/wp-json\/wp\/v2\/tags?post=650086"}],"curies":[{"name":"wp","href":"https:\/\/api.w.org\/{rel}","templated":true}]}}