{"id":650088,"date":"2026-01-08T19:53:25","date_gmt":"2026-01-08T19:53:25","guid":{"rendered":"https:\/\/www.europesays.com\/fr\/650088\/"},"modified":"2026-01-08T19:53:25","modified_gmt":"2026-01-08T19:53:25","slug":"stael-mackoumbou-punch-nancy-et-deux-dombaslois-entrent-en-lice","status":"publish","type":"post","link":"https:\/\/www.europesays.com\/fr\/650088\/","title":{"rendered":"Sta\u00ebl Mackoumbou (Punch Nancy) et deux Dombaslois entrent en lice"},"content":{"rendered":"<p>Quart de finaliste malheureux l\u2019ann\u00e9e derni\u00e8re (il avait combattu malade), Sta\u00ebl Mackoumbou remonte sur la sc\u00e8ne des championnats de France amateurs, ce week-end \u00e0 Paris, o\u00f9 se tiendra le plateau des 16e et 8e\u00a0 de finale. C\u2019est d\u2019ailleurs en 8e\u00a0 de finale (dimanche) que le boxeur du Punch Nancy, <a href=\"https:\/\/www.estrepublicain.fr\/sport\/2025\/10\/02\/le-nanceien-stael-mackoumbou-a-participe-a-ses-premiers-championnats-du-monde-de-chessboxing\" target=\"_blank\" rel=\"noopener\">s\u00e9lectionn\u00e9 pour les derniers championnats du monde de ChessBoxing<\/a> (en septembre\u00a02025), fera son entr\u00e9e en lice chez les moins de 57\u00a0kg, face \u00e0 un adversaire dont il ne conna\u00eetra le nom que samedi, \u00e0 l\u2019issue des 16e de finale.<\/p>\n<p>Outre le Punch Nancy, Dombasle Boxe sera \u00e9galement repr\u00e9sent\u00e9 sur les rings du stade Max Rousi\u00e9 (XVIIe arrondissement). D\u00e8s samedi, Karim Ahamadi (-65\u00a0kg) sera engag\u00e9 en 16e de finale, face \u00e0 Simon Guindon (Nantes). Son camarade de club, Ilyas Castaing (-80kg), lui, d\u00e9butera la comp\u00e9tition en 8e\u00a0 de finale, le lendemain.<\/p>\n","protected":false},"excerpt":{"rendered":"Quart de finaliste malheureux l\u2019ann\u00e9e derni\u00e8re (il avait combattu malade), Sta\u00ebl Mackoumbou remonte sur la sc\u00e8ne des championnats&hellip;\n","protected":false},"author":2,"featured_media":650089,"comment_status":"","ping_status":"","sticky":false,"template":"","format":"standard","meta":{"footnotes":""},"categories":[9635],"tags":[1111,11,13740,1704,1777,674,1011,27,775,1702,1703,12,25,517,1700,21508],"class_list":{"0":"post-650088","1":"post","2":"type-post","3":"status-publish","4":"format-standard","5":"has-post-thumbnail","7":"category-nancy","8":"tag-actu","9":"tag-actualites","10":"tag-boxe","11":"tag-edition-nancy-et-agglomeration","12":"tag-eu","13":"tag-europe","14":"tag-fr","15":"tag-france","16":"tag-grand-est","17":"tag-nancy","18":"tag-nancy-ville-54b","19":"tag-news","20":"tag-republique-francaise","21":"tag-sport","22":"tag-sport-lorrain","23":"tag-sports-de-combat"},"share_on_mastodon":{"url":"https:\/\/pubeurope.com\/@fr\/115861232222529124","error":""},"_links":{"self":[{"href":"https:\/\/www.europesays.com\/fr\/wp-json\/wp\/v2\/posts\/650088","targetHints":{"allow":["GET"]}}],"collection":[{"href":"https:\/\/www.europesays.com\/fr\/wp-json\/wp\/v2\/posts"}],"about":[{"href":"https:\/\/www.europesays.com\/fr\/wp-json\/wp\/v2\/types\/post"}],"author":[{"embeddable":true,"href":"https:\/\/www.europesays.com\/fr\/wp-json\/wp\/v2\/users\/2"}],"replies":[{"embeddable":true,"href":"https:\/\/www.europesays.com\/fr\/wp-json\/wp\/v2\/comments?post=650088"}],"version-history":[{"count":0,"href":"https:\/\/www.europesays.com\/fr\/wp-json\/wp\/v2\/posts\/650088\/revisions"}],"wp:featuredmedia":[{"embeddable":true,"href":"https:\/\/www.europesays.com\/fr\/wp-json\/wp\/v2\/media\/650089"}],"wp:attachment":[{"href":"https:\/\/www.europesays.com\/fr\/wp-json\/wp\/v2\/media?parent=650088"}],"wp:term":[{"taxonomy":"category","embeddable":true,"href":"https:\/\/www.europesays.com\/fr\/wp-json\/wp\/v2\/categories?post=650088"},{"taxonomy":"post_tag","embeddable":true,"href":"https:\/\/www.europesays.com\/fr\/wp-json\/wp\/v2\/tags?post=650088"}],"curies":[{"name":"wp","href":"https:\/\/api.w.org\/{rel}","templated":true}]}}