{"id":650110,"date":"2026-01-08T20:05:19","date_gmt":"2026-01-08T20:05:19","guid":{"rendered":"https:\/\/www.europesays.com\/fr\/650110\/"},"modified":"2026-01-08T20:05:19","modified_gmt":"2026-01-08T20:05:19","slug":"strasbourg-le-campement-krimmeri-demantele-dans-de-mauvaises-conditions-inedites","status":"publish","type":"post","link":"https:\/\/www.europesays.com\/fr\/650110\/","title":{"rendered":"Strasbourg. Le campement Krimmeri d\u00e9mantel\u00e9 dans \u00ab\u00a0de mauvaises conditions in\u00e9dites\u00a0\u00bb"},"content":{"rendered":"<p>\u00ab\u00a0Une \u00e9vacuation dans d\u2019aussi mauvaises conditions, c\u2019est du jamais-vu. Aucun gymnase n\u2019a \u00e9t\u00e9 ouvert par la pr\u00e9fecture pour une mise \u00e0 l\u2019abri, personne n\u2019a \u00e9t\u00e9 pr\u00e9venu et l\u2019op\u00e9ration a eu lieu en pleine journ\u00e9e alors que de nombreux occupants \u00e9taient partis r\u00e9aliser des d\u00e9marches, travailler ou \u00e9taient \u00e0 l\u2019\u00e9cole\u00a0!\u00a0\u00bb s\u2019offusque <a href=\"https:\/\/www.dna.fr\/societe\/2025\/09\/14\/le-secours-populaire-aux-cotes-des-etudiants\" target=\"_blank\" rel=\"noopener\">Camille Vega, secr\u00e9taire g\u00e9n\u00e9ral du Secours populaire bas-rhinois<\/a>. <\/p>\n<p>Ce jeudi 8\u00a0janvier, le d\u00e9mant\u00e8lement du campement Krimmeri, <a href=\"https:\/\/www.dna.fr\/societe\/2026\/01\/04\/au-krimmeri-sept-familles-dans-le-froid-et-l-indifference-de-l-etat\" target=\"_blank\" rel=\"noopener\">o\u00f9 dormaient des dizaines de personnes sans domicile depuis plusieurs mois<\/a> , a en effet eu lieu dans des conditions toutes particuli\u00e8res.<\/p>\n<p>  Les occupants pris au d\u00e9pourvu<\/p>\n<p>Alors que ce type d\u2019op\u00e9ration se d\u00e9roule habituellement au petit matin pour s\u2019assurer que les occupants soient pr\u00e9sents pour r\u00e9cup\u00e9rer leurs biens, l\u2019\u00e9vacuation a cette fois eu lieu peu apr\u00e8s 13\u00a0h. Les forces de l\u2019ordre sont alors arriv\u00e9es dans plusieurs fourgons, ont install\u00e9 des rubalises et ont enjoint aux personnes pr\u00e9sentes de quitter les lieux avec leurs affaires. Les tentes restantes ont \u00e9t\u00e9 aplaties pour v\u00e9rifier qu\u2019il n\u2019y restait personne.<\/p>\n<p>\u00c0 l\u2019arriv\u00e9e de la police, une dizaine de personnes seulement \u00e9taient pr\u00e9sentes. Une quarantaine d\u2019autres ont \u00e9t\u00e9 pr\u00e9venues et sont revenues dans la demi-heure. \u00ab\u00a0J\u2019ai d\u00fb quitter mon travail en catastrophe pour venir r\u00e9cup\u00e9rer mes affaires. J\u2019avais l\u2019espoir aussi qu\u2019on me proposerait une solution pour me loger\u00a0\u00bb, t\u00e9moigne Ajab Khan, un r\u00e9fugi\u00e9 Afghan. \u00ab\u00a0J\u2019ai une carte de s\u00e9jour, un emploi, il ne me manque plus qu\u2019un logement, mais je ne trouve pas car personne ne veut louer \u00e0 un r\u00e9fugi\u00e9. Ma demande de logement social date de 2024 et \u00e7a n\u2019avance pas\u00a0\u00bb, regrette-t-il. \u00ab\u00a0O\u00f9 va-t-on dormir ce soir\u00a0?\u00a0\u00bb s\u2019inqui\u00e8te une autre jeune femme.<\/p>\n<p>    &#13;<br \/>\n    &#13;<br \/>\n    &#13;<br \/>\n    <a href=\"https:\/\/cdn-s-www.dna.fr\/images\/9edccf44-7809-48b0-9727-8151d74f5a31\/NW_raw\/alors-que-ce-type-d-operation-se-deroule-habituellement-au-petit-matin-pour-s-assurer-que-les-occupants-soient-presents-pour-recuperer-leurs-biens-l-evacuation-a-cette-fois-eu-lieu-peu-apres-13-h-photo-alizee-chebboub-courtin-1767901075.jpg\" title=\"Alors que ce type d\u2019op\u00e9ration se d\u00e9roule habituellement au petit matin pour s\u2019assurer que les occupants soient pr\u00e9sents pour r\u00e9cup\u00e9rer leurs biens, l\u2019\u00e9vacuation a cette fois eu lieu peu apr\u00e8s 13\u00a0h. \u00a0 Photo\u00a0Aliz\u00e9e Chebboub-Courtin\" class=\"chocolat-image GA-tracking\" data-ga_type=\"click\" data-ga_category=\"D\u00e9tail\" data-ga_action=\"zoomer\" data-ga_label=\"aggrandir image\" target=\"_blank\" rel=\"noopener\">&#13;<br \/>\n        <img src=\"https:\/\/www.europesays.com\/fr\/wp-content\/uploads\/2026\/01\/alors-que-ce-type-d-operation-se-deroule-habituellement-au-petit-matin-pour-s-assurer-que-les-occupa.jpeg\"   alt=\"Alors que ce type d\u2019op\u00e9ration se d\u00e9roule habituellement au petit matin pour s\u2019assurer que les occupants soient pr\u00e9sents pour r\u00e9cup\u00e9rer leurs biens, l\u2019\u00e9vacuation a cette fois eu lieu peu apr\u00e8s 13\u00a0h. \u00a0 Photo\u00a0Aliz\u00e9e Chebboub-Courtin\" fetchpriority=\"high\" decoding=\"async\" data-mobile=\"NW_listA_M|1767901075\" data-base=\"NW_listA|1767901075\"\/>&#13;<br \/>\n    <\/a>&#13;<\/p>\n<p> Alors que ce type d\u2019op\u00e9ration se d\u00e9roule habituellement au petit matin pour s\u2019assurer que les occupants soient pr\u00e9sents pour r\u00e9cup\u00e9rer leurs biens, l\u2019\u00e9vacuation a cette fois eu lieu peu apr\u00e8s 13\u00a0h. \u00a0 Photo\u00a0Aliz\u00e9e Chebboub-Courtin <\/p>\n<p>  Un d\u00e9mant\u00e8lement \u00ab\u00a0organis\u00e9 \u00e0 la va-vite\u00a0\u00bb<\/p>\n<p>\u00ab\u00a0Nous n\u2019avons \u00e9t\u00e9 pr\u00e9venus que lorsque la police \u00e9tait d\u00e9j\u00e0 sur place. Nous demandions une mise \u00e0 l\u2019abri dans le cadre <a href=\"https:\/\/www.dna.fr\/environnement\/2025\/12\/24\/le-plan-grand-froid-active-dans-le-departement\" target=\"_blank\" rel=\"noopener\">du plan grand froid<\/a>, pas un d\u00e9mant\u00e8lement sec organis\u00e9 \u00e0 la va-vite sans vraie solution d\u2019h\u00e9bergement\u00a0\u00bb, d\u00e9plore Floriane Varieras, adjointe \u00e0 la maire en charge des solidarit\u00e9s.<\/p>\n<p>Ce contenu est bloqu\u00e9 car vous n&rsquo;avez pas accept\u00e9 les cookies et autres traceurs.<\/p>\n<p>En cliquant sur \u00ab J\u2019accepte \u00bb, les cookies et autres traceurs seront d\u00e9pos\u00e9s et vous pourrez visualiser les contenus  (<a href=\"\" class=\"consentModule_policy\" target=\"_blank\" title=\"Consulter la politique de protection des donn\u00e9es du fournisseur\">plus d&rsquo;informations<\/a>).<\/p>\n<p>En cliquant sur \u00ab J\u2019accepte tous les cookies \u00bb, vous autorisez des d\u00e9p\u00f4ts de cookies et autres traceurs pour le stockage de vos donn\u00e9es sur nos sites et applications \u00e0 des fins de personnalisation et de ciblage publicitaire.<\/p>\n<p class=\"consentModule_secondaryText\">Vous gardez la possibilit\u00e9 de retirer votre consentement \u00e0 tout moment en consultant notre <a href=\"https:\/\/www.dna.fr\/protection-des-donnees\" target=\"_blank\" title=\"Consulter notre politique de protection des donn\u00e9es\" rel=\"noopener\">politique de protection des donn\u00e9es<\/a>. <br \/>&#13;<br \/>\n            <a href=\"https:\/\/www.dna.fr\/societe\/2026\/01\/08\/javascript:Didomi.notice.show()\" class=\"consentModule_cmp\" target=\"_blank\" rel=\"noopener\">G\u00e9rer mes choix<\/a>&#13;\n        <\/p>\n<p>&#13;<br \/>\n                        J&rsquo;accepte&#13;<br \/>\n            J&rsquo;accepte tous les cookies&#13;\n        <\/p>\n<p>    <img class=\"placeholder-svg\" loading=\"lazy\" decoding=\"async\" src=\"https:\/\/cdn-files.prsmedia.fr\/files\/REDAC\/images\/svg\/placeholders\/facebook.svg\" alt=\"Facebook PlaceHolder\"\/><\/p>\n<p>G\u00e9n\u00e9ralement, <a href=\"https:\/\/www.dna.fr\/environnement\/2026\/01\/07\/neige-froid-rafales-de-vent-a-quelle-meteo-s-attendre-dans-les-prochains-jours\" target=\"_blank\" rel=\"noopener\">lorsque les temp\u00e9ratures chutent<\/a> , un bus est affr\u00e9t\u00e9 et un gymnase ouvert pour permettre aux campeurs de se mettre \u00e0 l\u2019abri pour quelques jours. Sur place, leurs droits sont \u00e9tudi\u00e9s, puis ils sont orient\u00e9s vers un logement provisoire, vers le centre d\u2019aide pour le retour (CAPR) de Bouxwiller ou retournent \u00e0 la rue.<\/p>\n<p>Cet apr\u00e8s-midi, il a simplement \u00e9t\u00e9 propos\u00e9 \u00e0 quelques personnes de rejoindre le CAPR, une option souvent refus\u00e9e par des migrants qui esp\u00e8rent encore pouvoir r\u00e9gulariser leur situation et ne veulent pas quitter le territoire. \u00ab\u00a0Les campeurs sont partis dans la rue charg\u00e9s de leurs sacs. Ils vont rejoindre les autres campements ou revenir. Cette action n\u2019a servi qu\u2019\u00e0 les pr\u00e9cariser davantage\u00a0\u00bb, pr\u00e9voit le secr\u00e9taire g\u00e9n\u00e9ral du Secours populaire.<\/p>\n<p>&#13;<br \/>\n  La pr\u00e9fecture n\u2019ouvre aucun gymnase<\/p>\n<p>    &#13;<br \/>\n    &#13;<br \/>\n    &#13;<br \/>\n    <a href=\"https:\/\/cdn-s-www.dna.fr\/images\/039f4b68-c465-429f-98e6-a79d2b1faaa6\/NW_raw\/apres-le-depart-des-forces-de-l-ordre-vers-15-h-15-des-hommes-des-femmes-et-des-enfants-du-camp-tentent-de-recuperer-encore-quelques-affaires-au-milieu-des-tentes-affaissees-photo-alizee-chebboub-courtin-1767901075.jpg\" title=\"Apr\u00e8s le d\u00e9part des forces de l\u2019ordre vers 15\u00a0h\u00a015, des hommes, des femmes et des enfants du camp tentent de r\u00e9cup\u00e9rer encore quelques affaires au milieu des tentes affaiss\u00e9es. \u00a0 Photo\u00a0Aliz\u00e9e Chebboub-Courtin\" class=\"chocolat-image GA-tracking\" data-ga_type=\"click\" data-ga_category=\"D\u00e9tail\" data-ga_action=\"zoomer\" data-ga_label=\"aggrandir image\" target=\"_blank\" rel=\"noopener\">&#13;<br \/>\n        <img src=\"https:\/\/www.europesays.com\/fr\/wp-content\/uploads\/2026\/01\/apres-le-depart-des-forces-de-l-ordre-vers-15-h-15-des-hommes-des-femmes-et-des-enfants-du-camp-tent.jpeg\"   alt=\"Apr\u00e8s le d\u00e9part des forces de l\u2019ordre vers 15\u00a0h\u00a015, des hommes, des femmes et des enfants du camp tentent de r\u00e9cup\u00e9rer encore quelques affaires au milieu des tentes affaiss\u00e9es. \u00a0 Photo\u00a0Aliz\u00e9e Chebboub-Courtin\" fetchpriority=\"high\" decoding=\"async\" data-mobile=\"NW_listA_M|1767901075\" data-base=\"NW_listA|1767901075\"\/>&#13;<br \/>\n    <\/a>&#13;<\/p>\n<p> Apr\u00e8s le d\u00e9part des forces de l\u2019ordre vers 15\u00a0h\u00a015, des hommes, des femmes et des enfants du camp tentent de r\u00e9cup\u00e9rer encore quelques affaires au milieu des tentes affaiss\u00e9es. \u00a0 Photo\u00a0Aliz\u00e9e Chebboub-Courtin <\/p>\n<p>Sur place \u00e9galement, <a href=\"https:\/\/www.dna.fr\/politique\/2025\/06\/19\/maxime-ahrweiller-adousso-nouvelle-secretaire-generale-de-la-prefecture-du-bas-rhin\" target=\"_blank\" rel=\"noopener\">Maxime Ahrweiller-Adousso, la secr\u00e9taire g\u00e9n\u00e9rale de la pr\u00e9fecture du Bas-Rhin,<\/a> rappelle que cette expulsion fait suite \u00e0 une demande de la Ville et \u00e0 une d\u00e9cision du tribunal administratif jugeant les conditions de vie sur place dangereuses et insalubres et autorisant une intervention \u00e0 partir du 8\u00a0d\u00e9cembre. \u00ab\u00a0Avec <a href=\"https:\/\/www.dna.fr\/d\/marche-de-noel-de-strasbourg-2d5b077a-71b9-45ee-a451-f9f5e5836c19\" target=\"_blank\" rel=\"noopener\">le march\u00e9 de No\u00ebl<\/a> , nous n\u2019avions pas assez de personnel, c\u2019est pour cela que nous avons attendu jusqu\u2019\u00e0 aujourd\u2019hui\u00a0\u00bb, explique-t-elle. \u00ab\u00a0Nous avons d\u00e9j\u00e0 mis \u00e0 l\u2019abri cet hiver 80 personnes ayant des droits. Ceux qui restent sont orient\u00e9s vers le CAPR ou la pr\u00e9fecture. S\u2019ils refusent, c\u2019est leur choix\u00a0\u00bb, ass\u00e8ne-t-elle<\/p>\n<p>Apr\u00e8s le d\u00e9part des forces de l\u2019ordre vers 15\u00a0h\u00a015, des hommes, des femmes et des enfants du camp tentaient encore de r\u00e9cup\u00e9rer quelques affaires au milieu des tentes affaiss\u00e9es.<\/p>\n","protected":false},"excerpt":{"rendered":"\u00ab\u00a0Une \u00e9vacuation dans d\u2019aussi mauvaises conditions, c\u2019est du jamais-vu. Aucun gymnase n\u2019a \u00e9t\u00e9 ouvert par la pr\u00e9fecture pour&hellip;\n","protected":false},"author":2,"featured_media":650111,"comment_status":"","ping_status":"","sticky":false,"template":"","format":"standard","meta":{"footnotes":""},"categories":[2820],"tags":[1111,11,2880,1777,674,107,1011,27,775,1061,12,25,801,104,640,2879],"class_list":{"0":"post-650110","1":"post","2":"type-post","3":"status-publish","4":"format-standard","5":"has-post-thumbnail","7":"category-strasbourg","8":"tag-actu","9":"tag-actualites","10":"tag-edition-strasbourg","11":"tag-eu","12":"tag-europe","13":"tag-fil-info","14":"tag-fr","15":"tag-france","16":"tag-grand-est","17":"tag-immigration","18":"tag-news","19":"tag-republique-francaise","20":"tag-social","21":"tag-societe","22":"tag-strasbourg","23":"tag-strasbourg-ville"},"share_on_mastodon":{"url":"https:\/\/pubeurope.com\/@fr\/115861279605485755","error":""},"_links":{"self":[{"href":"https:\/\/www.europesays.com\/fr\/wp-json\/wp\/v2\/posts\/650110","targetHints":{"allow":["GET"]}}],"collection":[{"href":"https:\/\/www.europesays.com\/fr\/wp-json\/wp\/v2\/posts"}],"about":[{"href":"https:\/\/www.europesays.com\/fr\/wp-json\/wp\/v2\/types\/post"}],"author":[{"embeddable":true,"href":"https:\/\/www.europesays.com\/fr\/wp-json\/wp\/v2\/users\/2"}],"replies":[{"embeddable":true,"href":"https:\/\/www.europesays.com\/fr\/wp-json\/wp\/v2\/comments?post=650110"}],"version-history":[{"count":0,"href":"https:\/\/www.europesays.com\/fr\/wp-json\/wp\/v2\/posts\/650110\/revisions"}],"wp:featuredmedia":[{"embeddable":true,"href":"https:\/\/www.europesays.com\/fr\/wp-json\/wp\/v2\/media\/650111"}],"wp:attachment":[{"href":"https:\/\/www.europesays.com\/fr\/wp-json\/wp\/v2\/media?parent=650110"}],"wp:term":[{"taxonomy":"category","embeddable":true,"href":"https:\/\/www.europesays.com\/fr\/wp-json\/wp\/v2\/categories?post=650110"},{"taxonomy":"post_tag","embeddable":true,"href":"https:\/\/www.europesays.com\/fr\/wp-json\/wp\/v2\/tags?post=650110"}],"curies":[{"name":"wp","href":"https:\/\/api.w.org\/{rel}","templated":true}]}}