{"id":650112,"date":"2026-01-08T20:06:11","date_gmt":"2026-01-08T20:06:11","guid":{"rendered":"https:\/\/www.europesays.com\/fr\/650112\/"},"modified":"2026-01-08T20:06:11","modified_gmt":"2026-01-08T20:06:11","slug":"un-premier-cafe-des-artistes-avec-les-danseuses-de-la-compagnie-baldila","status":"publish","type":"post","link":"https:\/\/www.europesays.com\/fr\/650112\/","title":{"rendered":"Un premier caf\u00e9 des artistes avec les danseuses de la Compagnie Bal\u2019dila"},"content":{"rendered":"<p>Math\u00e9a Rafini et D\u00e9borah Lombardo sont deux danseuses ajacciennes et se connaissent depuis toutes jeunes. Elles ont fait leur premier pas de danse chez Patricia Portal-Gozzi et au Jeune ballet corse. <\/p>\n<p>Jeunes adultes, elles ont pris chacune des chemins diff\u00e9rents. D\u00e9borah a \u00e9t\u00e9 form\u00e9e \u00e0 Montpellier, au centre national de la danse de Pantin et a fait ses armes au sein de plusieurs compagnies. Math\u00e9a, elle, est pass\u00e9e par Paris, le centre de danse contemporaine d\u2019Angers et par le centre national de Pantin.\u00a0 <\/p>\n<p><strong>L\u2019envie de cr\u00e9er ensemble<\/strong> <\/p>\n<p>Les deux jeunes femmes se sont retrouv\u00e9es \u00e0 Paris avant de rentrer en Corse. Des retrouvailles qui ont donn\u00e9 naissance \u00e0 un duo artistique et \u00e0 des cr\u00e9ations. \u00ab Nous souhaitions cr\u00e9er une pi\u00e8ce ensemble, cr\u00e9er un duo \u00bb. C\u2019est ainsi qu\u2019est n\u00e9e d\u2019abord la Compagnie Bal\u2019dila puis leur premier spectacle : \u00ab K\u00f6rper K\u00f6rper \u00bb. \u00ab Nous cr\u00e9ons \u00e0 deux. Nous avons notre langage, notre fa\u00e7on de cr\u00e9er puisque l&rsquo;on se conna\u00eet depuis longtemps \u00bb. Et \u00e0 Math\u00e9a de reconna\u00eetre : \u00ab Je ne sais pas si j\u2019aurais eu cette envie de cr\u00e9er seule \u00bb.\u00a0 <\/p>\n<p>La cr\u00e9ation qu\u2019elles vont pr\u00e9senter ce vendredi avec d\u2019autres artistes sur sc\u00e8ne puise son essence dans la rencontre entre danse traditionnelle corse, la quadrille notamment, et la danse contemporaine. Ce spectacle de danse est n\u00e9 d\u2019une r\u00e9flexion, d\u2019une question simple : pourquoi la culture corse s&rsquo;exprime-t-elle beaucoup par la langue, le chant, la musique et si peu par la danse ? Pour y r\u00e9pondre, ces artistes ont men\u00e9 un travail de recherches, sont remont\u00e9es \u00e0 la source des danses traditionnelles, les ont explor\u00e9 qu&rsquo;elles soient encore pratiqu\u00e9es ou disparues, pour en cr\u00e9er un spectacle contemporain \u00ab avec leur langage \u00e0 elles \u00bb et susciter ainsi la curiosit\u00e9 de la jeune g\u00e9n\u00e9ration sur ces danses. La Compagnie donnera une nouvelle repr\u00e9sentation de\u00a0 \u00ab La danse d\u2019apr\u00e8s \u00bb le 29 mai \u00e0 Carg\u00e8se.\u00a0<\/p>\n<p style=\"display: inline;\">  Le prochain rendez-vous du caf\u00e9 des artistes est pour sa part fix\u00e9 au 24 janvier de 15h \u00e0 17h, au caf\u00e9 litt\u00e9raire \u00ab Tourner les pages \u00bb, 1 avenue du Pr\u00e9sident Kennedy \u00e0 Ajaccio, pour un focus sur le th\u00e9\u00e2tre et sur l\u2019\u0153uvre de W. Shakespeare : \u00ab\u00a0Rom\u00e9o et Juliette\u00a0\u00bb avec le metteur en sc\u00e8ne <\/p>\n<p style=\"display: inline;\">. <\/p>\n<p style=\"display: inline;\">  Pour r\u00e9server sa place : 04 95 21 41 15.<\/p>\n","protected":false},"excerpt":{"rendered":"Math\u00e9a Rafini et D\u00e9borah Lombardo sont deux danseuses ajacciennes et se connaissent depuis toutes jeunes. Elles ont fait&hellip;\n","protected":false},"author":2,"featured_media":650113,"comment_status":"","ping_status":"","sticky":false,"template":"","format":"standard","meta":{"footnotes":""},"categories":[2819],"tags":[1111,11,75460,5622,2937,11049,2517,11050,11051,11052,4942,251,5972,1777,674,1011,27,12,2401,882,25,3140],"class_list":{"0":"post-650112","1":"post","2":"type-post","3":"status-publish","4":"format-standard","5":"has-post-thumbnail","7":"category-nice","8":"tag-actu","9":"tag-actualites","10":"tag-aghja","11":"tag-ajaccio","12":"tag-artistes","13":"tag-cni","14":"tag-corse","15":"tag-corse-net-infos","16":"tag-corsenetinfos","17":"tag-corsica","18":"tag-creation","19":"tag-culture","20":"tag-danse","21":"tag-eu","22":"tag-europe","23":"tag-fr","24":"tag-france","25":"tag-news","26":"tag-nice","27":"tag-provence-alpes-cote-dazur","28":"tag-republique-francaise","29":"tag-spectacle"},"share_on_mastodon":{"url":"https:\/\/pubeurope.com\/@fr\/115861283368336050","error":""},"_links":{"self":[{"href":"https:\/\/www.europesays.com\/fr\/wp-json\/wp\/v2\/posts\/650112","targetHints":{"allow":["GET"]}}],"collection":[{"href":"https:\/\/www.europesays.com\/fr\/wp-json\/wp\/v2\/posts"}],"about":[{"href":"https:\/\/www.europesays.com\/fr\/wp-json\/wp\/v2\/types\/post"}],"author":[{"embeddable":true,"href":"https:\/\/www.europesays.com\/fr\/wp-json\/wp\/v2\/users\/2"}],"replies":[{"embeddable":true,"href":"https:\/\/www.europesays.com\/fr\/wp-json\/wp\/v2\/comments?post=650112"}],"version-history":[{"count":0,"href":"https:\/\/www.europesays.com\/fr\/wp-json\/wp\/v2\/posts\/650112\/revisions"}],"wp:featuredmedia":[{"embeddable":true,"href":"https:\/\/www.europesays.com\/fr\/wp-json\/wp\/v2\/media\/650113"}],"wp:attachment":[{"href":"https:\/\/www.europesays.com\/fr\/wp-json\/wp\/v2\/media?parent=650112"}],"wp:term":[{"taxonomy":"category","embeddable":true,"href":"https:\/\/www.europesays.com\/fr\/wp-json\/wp\/v2\/categories?post=650112"},{"taxonomy":"post_tag","embeddable":true,"href":"https:\/\/www.europesays.com\/fr\/wp-json\/wp\/v2\/tags?post=650112"}],"curies":[{"name":"wp","href":"https:\/\/api.w.org\/{rel}","templated":true}]}}