{"id":650138,"date":"2026-01-08T20:19:26","date_gmt":"2026-01-08T20:19:26","guid":{"rendered":"https:\/\/www.europesays.com\/fr\/650138\/"},"modified":"2026-01-08T20:19:26","modified_gmt":"2026-01-08T20:19:26","slug":"sainte-foy-les-lyon-en-2026-lyon-so-basket-devra-apprendre-a-voyager","status":"publish","type":"post","link":"https:\/\/www.europesays.com\/fr\/650138\/","title":{"rendered":"Sainte-Foy-l\u00e8s-Lyon. En 2026, Lyon So Basket devra apprendre \u00e0 voyager"},"content":{"rendered":"<p>Cinqui\u00e8me de sa poule de nationale 3 \u00e0 seulement deux points du podium, Lyon So Basket pr\u00e9sente cette saison deux visages. En effet, \u00e0 domicile l\u2019\u00e9quipe de Fred Miguel est \u00e0 son aise (5V-1D) alors qu\u2019\u00e0 l\u2019ext\u00e9rieur elle reste quatre revers de suite. En 2026, ses joueurs devront donc afficher plus de constance hors de leurs bases pour rester dans le haut du classement. Ils commenceront ainsi l\u2019ann\u00e9e par deux d\u00e9placements \u00e0 Menton puis Villars-les-Dombes avant de retrouver leur salle le 31\u00a0janvier contre Fos-sur-Mer.<\/p>\n","protected":false},"excerpt":{"rendered":"Cinqui\u00e8me de sa poule de nationale 3 \u00e0 seulement deux points du podium, Lyon So Basket pr\u00e9sente cette&hellip;\n","protected":false},"author":2,"featured_media":650139,"comment_status":"","ping_status":"","sticky":false,"template":"","format":"standard","meta":{"footnotes":""},"categories":[1889],"tags":[1111,11,2430,3154,1777,674,1011,27,2428,12,25,15673,15674,517],"class_list":{"0":"post-650138","1":"post","2":"type-post","3":"status-publish","4":"format-standard","5":"has-post-thumbnail","7":"category-lyon","8":"tag-actu","9":"tag-actualites","10":"tag-auvergne-rhone-alpes","11":"tag-edition-sud-lyonnais","12":"tag-eu","13":"tag-europe","14":"tag-fr","15":"tag-france","16":"tag-lyon","17":"tag-news","18":"tag-republique-francaise","19":"tag-sainte-foy-les-lyon","20":"tag-sainte-foy-les-lyon-bassin","21":"tag-sport"},"share_on_mastodon":{"url":"https:\/\/pubeurope.com\/@fr\/115861334452078297","error":""},"_links":{"self":[{"href":"https:\/\/www.europesays.com\/fr\/wp-json\/wp\/v2\/posts\/650138","targetHints":{"allow":["GET"]}}],"collection":[{"href":"https:\/\/www.europesays.com\/fr\/wp-json\/wp\/v2\/posts"}],"about":[{"href":"https:\/\/www.europesays.com\/fr\/wp-json\/wp\/v2\/types\/post"}],"author":[{"embeddable":true,"href":"https:\/\/www.europesays.com\/fr\/wp-json\/wp\/v2\/users\/2"}],"replies":[{"embeddable":true,"href":"https:\/\/www.europesays.com\/fr\/wp-json\/wp\/v2\/comments?post=650138"}],"version-history":[{"count":0,"href":"https:\/\/www.europesays.com\/fr\/wp-json\/wp\/v2\/posts\/650138\/revisions"}],"wp:featuredmedia":[{"embeddable":true,"href":"https:\/\/www.europesays.com\/fr\/wp-json\/wp\/v2\/media\/650139"}],"wp:attachment":[{"href":"https:\/\/www.europesays.com\/fr\/wp-json\/wp\/v2\/media?parent=650138"}],"wp:term":[{"taxonomy":"category","embeddable":true,"href":"https:\/\/www.europesays.com\/fr\/wp-json\/wp\/v2\/categories?post=650138"},{"taxonomy":"post_tag","embeddable":true,"href":"https:\/\/www.europesays.com\/fr\/wp-json\/wp\/v2\/tags?post=650138"}],"curies":[{"name":"wp","href":"https:\/\/api.w.org\/{rel}","templated":true}]}}