{"id":650142,"date":"2026-01-08T20:22:10","date_gmt":"2026-01-08T20:22:10","guid":{"rendered":"https:\/\/www.europesays.com\/fr\/650142\/"},"modified":"2026-01-08T20:22:10","modified_gmt":"2026-01-08T20:22:10","slug":"non-lieu-sur-ces-graves-charges","status":"publish","type":"post","link":"https:\/\/www.europesays.com\/fr\/650142\/","title":{"rendered":"non-lieu sur ces graves charges"},"content":{"rendered":"<p>                    Par<br \/>\n        <strong><br \/>\n            <a href=\"https:\/\/actu.fr\/auteur\/redaction-paris\" title=\"Consulter tous les articles de R\u00e9daction Paris\" target=\"_blank\" rel=\"noopener\">R\u00e9daction Paris<\/a><br \/>\n                    <\/strong><\/p>\n<p>        Publi\u00e9 le<\/p>\n<p>            8 janv. 2026 \u00e0 20h59        <\/p>\n<p>Les deux parents, de nationalit\u00e9 <a href=\"https:\/\/actu.fr\/ile-de-france\/paris_75056\/arnaque-pres-de-la-tour-eiffel-a-paris-un-reseau-specialise-dans-le-jeu-de-bonneteau-demantele_59784006.html\" target=\"_blank\" rel=\"noopener\">roumaine<\/a>, sont soup\u00e7onn\u00e9s d\u2019avoir permis \u00e0 un homme de nationalit\u00e9 fran\u00e7aise <a href=\"https:\/\/actu.fr\/ile-de-france\/chessy_77111\/la-police-intervient-pour-stopper-un-faux-mariage-entre-un-adulte-et-une-enfant-de-9-ans-a-disneyland-paris_62807077.html\" target=\"_blank\" rel=\"noopener\">d\u2019abuser de leur fille<\/a> de 12\u00a0ans <strong>contre r\u00e9mun\u00e9ration<\/strong>. Ils avaient m\u00eame <strong>mis en examen<\/strong> pour ces faits \u00e0 Paris en 2023. Mais le chef de <a href=\"https:\/\/actu.fr\/ile-de-france\/paris_75056\/paris-la-gerante-d-un-salon-de-message-condamnee-pour-traite-d-etres-humains_63493162.html\" target=\"_blank\" rel=\"noopener\">traite d\u2019\u00eatre humain<\/a>\u00a0qui avait un temps \u00e9t\u00e9 retenu a finalement fait l\u2019objet d\u2019un non-lieu, selon les informations communiqu\u00e9es ce jeudi 8\u00a0janvier 2026 par une source judiciaire \u00e0 l\u2019AFP, pr\u00e9cisant que les investigations n\u2019ont pas permis d\u2019\u00e9tablir \u00ab\u2009un but d\u2019<strong>exploitation sexuelle<\/strong>\u2009\u00bb.<\/p>\n<p>600\u2009000\u00a0euros vers\u00e9s entre\u00a02012 et\u00a02023<\/p>\n<p class=\" wall-content\">Le proc\u00e8s de ces parents et de l\u2019agresseur pr\u00e9sum\u00e9 aura lieu devant le tribunal correctionnel mais pour seulement deux chefs d\u2019accusations\u2009: agression sexuelle et complicit\u00e9 d\u2019agression sexuelle.<\/p>\n<p class=\" wall-content\">C\u2019est en f\u00e9vrier\u00a02023 que l\u2019alerte avait \u00e9t\u00e9 donn\u00e9e\u2009: le directeur d\u2019un cin\u00e9ma de Paris avait alert\u00e9 la police apr\u00e8s avoir observ\u00e9 <strong>un homme embrasser sur la bouche une enfant<\/strong> et lui caresser la poitrine et les cuisses. La sc\u00e8ne se d\u00e9roulait alors devant les parents de l\u2019enfant. Selon des \u00e9l\u00e9ments de l\u2019enqu\u00eate consult\u00e9s par l\u2019AFP, une salari\u00e9e du cin\u00e9ma \u00e9voque aussi un \u00ab\u2009baiser langoureux\u2009\u00bb.<\/p>\n<p class=\" wall-content\">L\u2019homme, un Fran\u00e7ais de 70\u00a0ans, \u00e9tait interpell\u00e9. La m\u00e8re, une Roumaine de 27\u00a0ans, aussi. Le p\u00e8re, lui, fuyait mais \u00e9tait arr\u00eat\u00e9 en Roumanie en mars\u00a02023. Les investigations ont r\u00e9v\u00e9l\u00e9 plus de 600\u2009000\u00a0euros vers\u00e9s depuis 2012 par l\u2019informaticien retrait\u00e9 \u00e0 la famille roumaine.<\/p>\n<p>Des recherches p\u00e9docriminelles sur Internet pour le \u00ab\u2009grand-p\u00e8re fran\u00e7ais\u2009\u00bb<\/p>\n<p class=\" wall-content\">De nombreuses photos \u00e9taient ensuite retrouv\u00e9es dans le t\u00e9l\u00e9phone du retrait\u00e9\u2009: envoy\u00e9es par la m\u00e8re au \u00ab\u2009grand-p\u00e8re fran\u00e7ais\u2009\u00bb, elle montrait la fillette dans des poses \u00ab\u2009suggestives\u2009\u00bb, selon les mots des enqu\u00eateurs. Son ordinateur contenait des recherches p\u00e9docriminelles sur des sites pornographiques.<\/p>\n<p class=\" wall-content\">Toutefois, les soup\u00e7ons des policiers se sont heurt\u00e9s aux r\u00e9futations constantes des mis en cause concernant ces \u00ab\u2009dons\u2009\u00bb financiers. \u00ab\u2009Le caract\u00e8re <strong>\u2018trop\u2019 g\u00e9n\u00e9reux<\/strong>\u2009\u00bb du suspect a \u00e9t\u00e9 soulign\u00e9 par son entourage, a par ailleurs not\u00e9 la juge d\u2019instruction, demandant un non-lieu concernant la traite d\u2019\u00eatre humain aggrav\u00e9e.<\/p>\n<p class=\" wall-content\">Cette \u00ab\u2009qualification p\u00e9nale d\u2019une gravit\u00e9 extr\u00eame\u2009\u00bb a conduit \u00e0 l\u2019incarc\u00e9ration du suspect alors qu\u2019elle \u00e9tait \u00ab\u2009manifestement en d\u00e9calage avec les \u00e9l\u00e9ments du dossier\u2009\u00bb, a soulign\u00e9 l\u2019avocate du retrait\u00e9, Me Margaux van der Have, contact\u00e9e par l\u2019AFP.\u00a0Son client compara\u00eetra libre, pour agression sexuelle sur mineure de 15\u00a0ans. Des accusations qu\u2019il conteste.<\/p>\n<p>Votre r\u00e9gion, votre actu !<\/p>\n<p>Recevez chaque jour les infos qui comptent pour vous.<\/p>\n<p>\t<a href=\"https:\/\/actu.fr\/newsletter\" class=\"ac-btn ac-btn--corner ac-btn--medium ac-btn--blue800\" target=\"_blank\" rel=\"noopener\">S&rsquo;incrire<\/a><\/p>\n<p class=\" wall-content\">Il a assur\u00e9 que ses baisers n\u2019avaient aucune intention sexuelle et qu\u2019il imitait une coutume roumaine, d\u2019apr\u00e8s des \u00e9l\u00e9ments de l\u2019enqu\u00eate. Les parents doivent eux compara\u00eetre pour complicit\u00e9 d\u2019agression sexuelle, accus\u00e9s d\u2019avoir assist\u00e9 \u00e0 \u00ab\u2009ces gestes sexuels sans r\u00e9agir\u2009\u00bb. La m\u00e8re \u00ab\u2009se r\u00e9jouit\u2009\u00bb de constater que la justice a \u00e9cart\u00e9 \u00ab\u2009d\u00e9finitivement les accusations les plus infamantes \u00e0 son \u00e9gard\u2009\u00bb, a r\u00e9agi son avocat, Me Romain Boulet. Il s\u2019agit \u00ab\u2009d\u2019une bonne m\u00e8re et je suis certain que le tribunal l\u00e8vera les derniers soup\u00e7ons qui p\u00e8sent sur elle au moment du proc\u00e8s\u2009\u00bb, a-t-il insist\u00e9.<\/p>\n<p>Avec AFP.<\/p>\n<p class=\" wall-content\">Personnalisez votre actualit\u00e9 en ajoutant vos villes et m\u00e9dias en favori avec <a href=\"https:\/\/moncompte.actu.fr\" title=\"D\u00e9couvez Mon Actu\" rel=\"nofollow noopener\" data-trk=\"{&quot;cta&quot;:{&quot;action&quot;:&quot;https:\\\/\\\/moncompte.actu.fr&quot;,&quot;category&quot;:&quot;mon compte&quot;,&quot;from&quot;:&quot;article footer&quot;,&quot;name&quot;:&quot;Mon actu&quot;,&quot;type&quot;:&quot;cta&quot;}}\" target=\"_blank\">Mon Actu<\/a>.<\/p>\n","protected":false},"excerpt":{"rendered":"Par R\u00e9daction Paris Publi\u00e9 le 8 janv. 2026 \u00e0 20h59 Les deux parents, de nationalit\u00e9 roumaine, sont soup\u00e7onn\u00e9s&hellip;\n","protected":false},"author":2,"featured_media":650143,"comment_status":"","ping_status":"","sticky":false,"template":"","format":"standard","meta":{"footnotes":""},"categories":[1888],"tags":[1111,1928,11,1927,1719,1777,674,118,1011,27,303,12,1926,626,1925,25,799],"class_list":{"0":"post-650142","1":"post","2":"type-post","3":"status-publish","4":"format-standard","5":"has-post-thumbnail","7":"category-paris","8":"tag-actu","9":"tag-actu-paris","10":"tag-actualites","11":"tag-actualites-paris","12":"tag-enfants","13":"tag-eu","14":"tag-europe","15":"tag-faits-divers","16":"tag-fr","17":"tag-france","18":"tag-justice","19":"tag-news","20":"tag-news-paris","21":"tag-paris","22":"tag-paris-news","23":"tag-republique-francaise","24":"tag-violences-sexuelles"},"share_on_mastodon":{"url":"https:\/\/pubeurope.com\/@fr\/115861346349947489","error":""},"_links":{"self":[{"href":"https:\/\/www.europesays.com\/fr\/wp-json\/wp\/v2\/posts\/650142","targetHints":{"allow":["GET"]}}],"collection":[{"href":"https:\/\/www.europesays.com\/fr\/wp-json\/wp\/v2\/posts"}],"about":[{"href":"https:\/\/www.europesays.com\/fr\/wp-json\/wp\/v2\/types\/post"}],"author":[{"embeddable":true,"href":"https:\/\/www.europesays.com\/fr\/wp-json\/wp\/v2\/users\/2"}],"replies":[{"embeddable":true,"href":"https:\/\/www.europesays.com\/fr\/wp-json\/wp\/v2\/comments?post=650142"}],"version-history":[{"count":0,"href":"https:\/\/www.europesays.com\/fr\/wp-json\/wp\/v2\/posts\/650142\/revisions"}],"wp:featuredmedia":[{"embeddable":true,"href":"https:\/\/www.europesays.com\/fr\/wp-json\/wp\/v2\/media\/650143"}],"wp:attachment":[{"href":"https:\/\/www.europesays.com\/fr\/wp-json\/wp\/v2\/media?parent=650142"}],"wp:term":[{"taxonomy":"category","embeddable":true,"href":"https:\/\/www.europesays.com\/fr\/wp-json\/wp\/v2\/categories?post=650142"},{"taxonomy":"post_tag","embeddable":true,"href":"https:\/\/www.europesays.com\/fr\/wp-json\/wp\/v2\/tags?post=650142"}],"curies":[{"name":"wp","href":"https:\/\/api.w.org\/{rel}","templated":true}]}}