{"id":650150,"date":"2026-01-08T20:26:12","date_gmt":"2026-01-08T20:26:12","guid":{"rendered":"https:\/\/www.europesays.com\/fr\/650150\/"},"modified":"2026-01-08T20:26:12","modified_gmt":"2026-01-08T20:26:12","slug":"guerre-en-ukraine-la-russie-libere-son-detenu-francais-mais-bombarde-lourdement","status":"publish","type":"post","link":"https:\/\/www.europesays.com\/fr\/650150\/","title":{"rendered":"Guerre en Ukraine : La Russie lib\u00e8re son d\u00e9tenu fran\u00e7ais mais bombarde lourdement"},"content":{"rendered":"<p class=\"mb-4 text-lg md:leading-8 break-words\"><strong>R\u00e9cap &#8211; \u00ab\u00a020 Minutes\u00a0\u00bb fait le point pour vous tous les soirs sur le conflit en Ukraine. Ce jeudi, la journ\u00e9e a \u00e9t\u00e9 marqu\u00e9e par la lib\u00e9ration du chercheur fran\u00e7ais Laurent Vinatier et par les d\u00e9g\u00e2ts de nouvelles frappes russes<\/strong><\/p>\n<p class=\"mb-4 text-lg md:leading-8 break-words\">Vous avez rat\u00e9 les derniers \u00e9v\u00e9nements sur la <a href=\"https:\/\/www.20minutes.fr\/monde\/ukraine\/?at_medium=RSS%20feed&amp;at_campaign=ynews&amp;utm_source=yahoo&amp;utm_medium=rss&amp;utm_campaign=news_feed&amp;utm_content=in_article_link\" rel=\"nofollow noopener\" target=\"_blank\" data-ylk=\"slk:guerre en Ukraine;elm:context_link;itc:0;sec:content-canvas\" class=\"link \">guerre en Ukraine<\/a>\u00a0? 20 Minutes fait le point pour vous tous les soirs. Voici l\u2019essentiel de ce jeudi 8\u00a0janvier, au 1.414e jour du conflit.<\/p>\n<p>Le fait du jour<\/p>\n<p class=\"mb-4 text-lg md:leading-8 break-words\">\u00ab\u00a0Je partage le soulagement de sa famille et de ses proches\u00a0\u00bb, a r\u00e9agi Emmanuel Macron. Le chercheur fran\u00e7ais Laurent Vinatier, <a href=\"https:\/\/www.20minutes.fr\/monde\/russie\/4140434-20250224-russie-condamnation-francais-laurent-vinatier-trois-ans-prison-maintenue-appel?at_medium=RSS%20feed&amp;at_campaign=ynews&amp;utm_source=yahoo&amp;utm_medium=rss&amp;utm_campaign=news_feed&amp;utm_content=in_article_link\" rel=\"nofollow noopener\" target=\"_blank\" data-ylk=\"slk:emprisonn\u00e9 en Russie depuis juin\u00a02024;elm:context_link;itc:0;sec:content-canvas\" class=\"link \">emprisonn\u00e9 en Russie depuis juin\u00a02024<\/a>, a \u00e9t\u00e9 <a href=\"https:\/\/www.20minutes.fr\/monde\/russie\/4195013-20260108-chercheur-laurent-vinatier-libere-echange-basketteur-russe-detenu-france?at_medium=RSS%20feed&amp;at_campaign=ynews&amp;utm_source=yahoo&amp;utm_medium=rss&amp;utm_campaign=news_feed&amp;utm_content=in_article_link\" rel=\"nofollow noopener\" target=\"_blank\" data-ylk=\"slk:lib\u00e9r\u00e9 et est rentr\u00e9 en France ce jeudi;elm:context_link;itc:0;sec:content-canvas\" class=\"link \">lib\u00e9r\u00e9 et est rentr\u00e9 en France ce jeudi<\/a>. Cette lib\u00e9ration intervient alors que Paris et Moscou ont r\u00e9cemment manifest\u00e9 leur int\u00e9r\u00eat d\u2019un contact direct au sommet, sur fond de guerre en Ukraine.<\/p>\n<p class=\"mb-4 text-lg md:leading-8 break-words\">Laurent Vinatier est arriv\u00e9 en d\u00e9but d\u2019apr\u00e8s-midi \u00e0 la base militaire de Villacoublay, pr\u00e8s de Paris, avant d\u2019\u00eatre accueilli avec ses parents au minist\u00e8re fran\u00e7ais des Affaires \u00e9trang\u00e8res.<\/p>\n<p class=\"mb-4 text-lg md:leading-8 break-words\">Le service de s\u00e9curit\u00e9 russe (FSB) avait pr\u00e9cis\u00e9 plus t\u00f4t que le chercheur avait \u00e9t\u00e9 lib\u00e9r\u00e9 en \u00e9change du basketteur, d\u00e9tenu en France depuis juin dernier \u00e0 la demande de la justice am\u00e9ricaine, qui le soup\u00e7onne d\u2019\u00eatre membre d\u2019un groupe de hackers.<\/p>\n<p class=\"mb-4 text-lg md:leading-8 break-words\">Chercheur sp\u00e9cialiste de l\u2019espace post-sovi\u00e9tique, Laurent Vinatier, 49 ans, travaillait au moment de son arrestation pour le Centre pour le dialogue humanitaire, une ONG suisse qui fait de la m\u00e9diation dans des conflits hors des circuits diplomatiques officiels, notamment s\u2019agissant de l\u2019Ukraine.<\/p>\n<p>La d\u00e9claration du jour<\/p>\n<blockquote class=\"mb-4 border-l-2 pl-5 italic text-tertiary\">\n<p class=\"mb-4 text-lg md:leading-8 break-words\">Nous \u00e9voluons dans un monde de grandes puissances avec une vraie tentation de se partager le monde<\/p>\n<\/blockquote>\n<p class=\"mb-4 text-lg md:leading-8 break-words\">Emmanuel Macron a vivement d\u00e9nonc\u00e9 ce jeudi \u00ab\u00a0le nouveau colonialisme e(&#8230;)<\/p>\n<p class=\"mb-4 text-lg md:leading-8 break-words\"><a href=\"https:\/\/www.20minutes.fr\/monde\/ukraine\/4195065-20260108-guerre-ukraine-russie-libere-detenu-francais-bombarde-lourdement?at_medium=RSS%20feed&amp;at_campaign=ynews&amp;utm_source=yahoo&amp;utm_medium=rss&amp;utm_campaign=news_feed&amp;utm_content=read_more_link&quot;\" rel=\"nofollow noopener\" target=\"_blank\" data-ylk=\"slk:Lire la suite sur 20minutes;elm:context_link;itc:0;sec:content-canvas\" class=\"link \">Lire la suite sur 20minutes<\/a><\/p>\n<p>\u00c0 lire aussi :<br \/><a href=\"https:\/\/www.20minutes.fr\/monde\/russie\/4195013-20260108-chercheur-laurent-vinatier-libere-echange-basketteur-russe-detenu-france?at_medium=RSS%20feed&amp;at_campaign=ynews&amp;utm_source=yahoo&amp;utm_medium=rss&amp;utm_campaign=news_feed&amp;utm_content=related_content_link\" rel=\"nofollow noopener\" target=\"_blank\" data-ylk=\"slk:Russie\u00a0: Le chercheur Laurent Vinatier lib\u00e9r\u00e9 en \u00e9change d\u2019un basketteur d\u00e9tenu en France;elm:context_link;itc:0;sec:content-canvas\" class=\"link \">Russie\u00a0: Le chercheur Laurent Vinatier lib\u00e9r\u00e9 en \u00e9change d\u2019un basketteur d\u00e9tenu en France<\/a><br \/><a href=\"https:\/\/www.20minutes.fr\/monde\/ukraine\/4194878-20260107-guerre-ukraine-etats-unis-reprennent-negociations-kiev-fustigent-otan-arretent-navire-russe?at_medium=RSS%20feed&amp;at_campaign=ynews&amp;utm_source=yahoo&amp;utm_medium=rss&amp;utm_campaign=news_feed&amp;utm_content=related_content_link\" rel=\"nofollow noopener\" target=\"_blank\" data-ylk=\"slk:Guerre en Ukraine\u00a0: Les Etats-Unis reprennent les n\u00e9gociations avec Kiev, fustigent l\u2019Otan et arr\u00eatent un navire russe;elm:context_link;itc:0;sec:content-canvas\" class=\"link \">Guerre en Ukraine\u00a0: Les Etats-Unis reprennent les n\u00e9gociations avec Kiev, fustigent l\u2019Otan et arr\u00eatent un navire russe<\/a><\/p>\n","protected":false},"excerpt":{"rendered":"R\u00e9cap &#8211; \u00ab\u00a020 Minutes\u00a0\u00bb fait le point pour vous tous les soirs sur le conflit en Ukraine. Ce&hellip;\n","protected":false},"author":2,"featured_media":650151,"comment_status":"","ping_status":"","sticky":false,"template":"","format":"standard","meta":{"footnotes":""},"categories":[1591],"tags":[642,11,1073,1887,46980,25783,12,1885,1886,132,220],"class_list":{"0":"post-650150","1":"post","2":"type-post","3":"status-publish","4":"format-standard","5":"has-post-thumbnail","7":"category-russie","8":"tag-20-minutes","9":"tag-actualites","10":"tag-emmanuel-macron","11":"tag-federation-de-russie","12":"tag-laurent-vinatier","13":"tag-ministere-francais-des-affaires-etrangeres","14":"tag-news","15":"tag-russia","16":"tag-russian-federation","17":"tag-russie","18":"tag-ukraine"},"share_on_mastodon":{"url":"https:\/\/pubeurope.com\/@fr\/115861362110672118","error":""},"_links":{"self":[{"href":"https:\/\/www.europesays.com\/fr\/wp-json\/wp\/v2\/posts\/650150","targetHints":{"allow":["GET"]}}],"collection":[{"href":"https:\/\/www.europesays.com\/fr\/wp-json\/wp\/v2\/posts"}],"about":[{"href":"https:\/\/www.europesays.com\/fr\/wp-json\/wp\/v2\/types\/post"}],"author":[{"embeddable":true,"href":"https:\/\/www.europesays.com\/fr\/wp-json\/wp\/v2\/users\/2"}],"replies":[{"embeddable":true,"href":"https:\/\/www.europesays.com\/fr\/wp-json\/wp\/v2\/comments?post=650150"}],"version-history":[{"count":0,"href":"https:\/\/www.europesays.com\/fr\/wp-json\/wp\/v2\/posts\/650150\/revisions"}],"wp:featuredmedia":[{"embeddable":true,"href":"https:\/\/www.europesays.com\/fr\/wp-json\/wp\/v2\/media\/650151"}],"wp:attachment":[{"href":"https:\/\/www.europesays.com\/fr\/wp-json\/wp\/v2\/media?parent=650150"}],"wp:term":[{"taxonomy":"category","embeddable":true,"href":"https:\/\/www.europesays.com\/fr\/wp-json\/wp\/v2\/categories?post=650150"},{"taxonomy":"post_tag","embeddable":true,"href":"https:\/\/www.europesays.com\/fr\/wp-json\/wp\/v2\/tags?post=650150"}],"curies":[{"name":"wp","href":"https:\/\/api.w.org\/{rel}","templated":true}]}}