{"id":650152,"date":"2026-01-08T20:27:15","date_gmt":"2026-01-08T20:27:15","guid":{"rendered":"https:\/\/www.europesays.com\/fr\/650152\/"},"modified":"2026-01-08T20:27:15","modified_gmt":"2026-01-08T20:27:15","slug":"la-russie-libere-son-detenu-francais-mais-bombarde-lourdement","status":"publish","type":"post","link":"https:\/\/www.europesays.com\/fr\/650152\/","title":{"rendered":"La Russie lib\u00e8re son d\u00e9tenu fran\u00e7ais mais bombarde lourdement"},"content":{"rendered":"<p>Vous avez rat\u00e9 les derniers \u00e9v\u00e9nements sur la <a href=\"https:\/\/www.20minutes.fr\/monde\/ukraine\/\" class=\"c-link c-link--is-underlined\" target=\"_blank\" rel=\"noopener\">guerre en Ukraine<\/a>\u00a0? 20 Minutes fait le point pour vous tous les soirs. Voici l\u2019essentiel de ce jeudi 8\u00a0janvier, au 1.414e jour du conflit.<\/p>\n<p>Le fait du jour<\/p>\n<p>\u00ab\u00a0Je partage le soulagement de sa famille et de ses proches\u00a0\u00bb, a r\u00e9agi Emmanuel Macron. Le chercheur fran\u00e7ais Laurent Vinatier, <a href=\"https:\/\/www.20minutes.fr\/monde\/russie\/4140434-20250224-russie-condamnation-francais-laurent-vinatier-trois-ans-prison-maintenue-appel\" class=\"c-link c-link--is-underlined\" target=\"_blank\" rel=\"noopener\">emprisonn\u00e9 en Russie depuis juin\u00a02024<\/a>, a \u00e9t\u00e9 <a href=\"https:\/\/www.20minutes.fr\/monde\/russie\/4195013-20260108-chercheur-laurent-vinatier-libere-echange-basketteur-russe-detenu-france\" class=\"c-link c-link--is-underlined\" target=\"_blank\" rel=\"noopener\">lib\u00e9r\u00e9 et est rentr\u00e9 en France ce jeudi<\/a>. Cette lib\u00e9ration intervient alors que Paris et Moscou ont r\u00e9cemment manifest\u00e9 leur int\u00e9r\u00eat d\u2019un contact direct au sommet, sur fond de guerre en Ukraine.<\/p>\n<\/p>\n<p>Laurent Vinatier est arriv\u00e9 en d\u00e9but d\u2019apr\u00e8s-midi \u00e0 la base militaire de Villacoublay, pr\u00e8s de Paris, avant d\u2019\u00eatre accueilli avec ses parents au minist\u00e8re fran\u00e7ais des Affaires \u00e9trang\u00e8res. Le service de s\u00e9curit\u00e9 russe (FSB) avait pr\u00e9cis\u00e9 plus t\u00f4t que le chercheur avait \u00e9t\u00e9 lib\u00e9r\u00e9 en \u00e9change d\u2019un basketteur, d\u00e9tenu en France depuis juin dernier \u00e0 la demande de la justice am\u00e9ricaine, qui le soup\u00e7onne d\u2019\u00eatre membre d\u2019un groupe de hackers.<\/p>\n<p>Chercheur sp\u00e9cialiste de l\u2019espace post-sovi\u00e9tique, Laurent Vinatier, 49 ans, travaillait au moment de son arrestation pour le Centre pour le dialogue humanitaire, une ONG suisse qui fait de la m\u00e9diation dans des conflits hors des circuits diplomatiques officiels, notamment s\u2019agissant de l\u2019Ukraine.<\/p>\n<p>La d\u00e9claration du jour<\/p>\n<blockquote class=\"mx-m@xs mx-xxl@md color-ultramarine c-citation\">\n<p class=\"font-weight-regular@xs text-italic font-source-serif-pro text-l@xs c-citation__content\">\u00ab\u00a0Nous \u00e9voluons dans un monde de grandes puissances avec une vraie tentation de se partager le monde\u00a0\u00bb<\/p>\n<\/blockquote>\n<p>Emmanuel Macron a vivement d\u00e9nonc\u00e9 ce jeudi \u00ab\u00a0le nouveau colonialisme et le nouvel imp\u00e9rialisme\u00a0\u00bb dans les relations internationales. Dans son discours annuel devant les ambassadeurs fran\u00e7ais, le pr\u00e9sident a d\u00e9fendu, en r\u00e9ponse \u00e0 ce \u00ab\u00a0monde qui se d\u00e9r\u00e8gle\u00a0\u00bb, ce qu\u2019il appelle un \u00ab\u00a0multilat\u00e9ralisme efficace\u00a0\u00bb. Et il a plaid\u00e9 pour que les grandes puissances du <a href=\"https:\/\/www.20minutes.fr\/economie\/g7\/\" class=\"c-link c-link--is-underlined\" target=\"_blank\" rel=\"noopener\">G7<\/a>, pr\u00e9sid\u00e9 cette ann\u00e9e par la France, s\u2019unissent avec les grands pays \u00e9mergents pour r\u00e9former la gouvernance mondiale et l\u2019ONU.<\/p>\n<p>\u00ab\u00a0Nous refusons le nouveau colonialisme et le nouvel imp\u00e9rialisme\u00a0\u00bb, mais \u00ab\u00a0nous refusons aussi la vassalisation et le d\u00e9faitisme\u00a0\u00bb, a-t-il lanc\u00e9 dans la salle des f\u00eates de l\u2019Elys\u00e9e.<\/p>\n<p>S\u2019il a critiqu\u00e9 \u00e0 la fois la <a href=\"https:\/\/www.20minutes.fr\/dossier\/chine\" class=\"c-link c-link--is-underlined\" target=\"_blank\" rel=\"noopener\">Chine<\/a> et son \u00ab\u00a0agressivit\u00e9 commerciale de plus en plus d\u00e9sinhib\u00e9e\u00a0\u00bb, et la Russie &#8211; \u00ab\u00a0puissance de d\u00e9stabilisation\u00a0\u00bb en Ukraine, ce sont ses commentaires sur <a href=\"https:\/\/www.20minutes.fr\/dossier\/donald_trump\" class=\"c-link c-link--is-underlined\" target=\"_blank\" rel=\"noopener\">Donald Trump<\/a> qui ont \u00e9t\u00e9 les plus marquants. Les \u00c9tats-Unis sont une puissance qui \u00ab\u00a0se d\u00e9tourne progressivement de certains de ses alli\u00e9s et s\u2019affranchit des r\u00e8gles internationales qu\u2019elle promouvait encore r\u00e9cemment\u00a0\u00bb, a d\u00e9plor\u00e9 le pr\u00e9sident fran\u00e7ais.<\/p>\n<p>Le chiffre du jour<\/p>\n<p>1\u00a0million. C\u2019est, a minima, le nombre de foyers de la r\u00e9gion de Dnipropetrovsk, dans le centre de l\u2019Ukraine, qui sont priv\u00e9s d\u2019eau et d\u2019\u00e9lectricit\u00e9, par des temp\u00e9ratures glaciales, apr\u00e8s des frappes russes nocturnes sur les infrastructures \u00e9nerg\u00e9tiques, a annonc\u00e9 jeudi un ministre ukrainien. Les infrastructures des r\u00e9gions de Dnipropetrovsk et Zaporijjia (sud) ont \u00e9t\u00e9 touch\u00e9es dans la nuit par des frappes massives de drones russes, entra\u00eenant des coupures d\u2019\u00e9lectricit\u00e9, a expliqu\u00e9 le fournisseur d\u2019\u00e9nergie ukrainien Ukrenergo.<\/p>\n<p>Trois personnes ont par ailleurs \u00e9t\u00e9 tu\u00e9es dans une s\u00e9rie de bombardements russes sur la r\u00e9gion de Kherson, dans le sud, ont d\u00e9plor\u00e9 les autorit\u00e9s locales.<\/p>\n<p>La tendance<\/p>\n<p>La Russie a torpill\u00e9 jeudi le plan europ\u00e9en pr\u00e9voyant le d\u00e9ploiement d\u2019une force multinationale compos\u00e9e de plusieurs milliers de soldats en Ukraine apr\u00e8s la fin de la guerre, avertissant que toute pr\u00e9sence militaire occidentale dans ce pays serait consid\u00e9r\u00e9e par Moscou comme une \u00ab\u00a0cible l\u00e9gitime\u00a0\u00bb.<\/p>\n<p>Evoquant le dispositif militaire propos\u00e9 par les Europ\u00e9ens, la porte-parole de la diplomatie russe, Maria Zakharova, a averti\u00a0: \u00ab\u00a0Toutes ces unit\u00e9s et installations seront consid\u00e9r\u00e9es comme des cibles militaires l\u00e9gitimes pour les forces arm\u00e9es de la Russie\u00a0\u00bb. \u00ab\u00a0Ces avertissements ont \u00e9t\u00e9 r\u00e9p\u00e9t\u00e9s \u00e0 plusieurs reprises au plus haut niveau et restent d\u2019actualit\u00e9\u00a0\u00bb, a-t-elle ajout\u00e9.<\/p>\n<p>Maria Zakharova a d\u00e9nonc\u00e9 les \u00ab\u00a0d\u00e9clarations militaristes\u00a0\u00bb des soutiens europ\u00e9ens de Kiev, estimant que ceux-ci constituaient un \u00ab\u00a0axe de la guerre\u00a0\u00bb apr\u00e8s le sommet de Paris qui a r\u00e9uni mardi les pays membres de la Coalition des volontaires, essentiellement europ\u00e9ens.<\/p>\n","protected":false},"excerpt":{"rendered":"Vous avez rat\u00e9 les derniers \u00e9v\u00e9nements sur la guerre en Ukraine\u00a0? 20 Minutes fait le point pour vous&hellip;\n","protected":false},"author":2,"featured_media":650153,"comment_status":"","ping_status":"","sticky":false,"template":"","format":"standard","meta":{"footnotes":""},"categories":[1590],"tags":[47,11,1777,674,131,28370,74,12,132,3067,220,135,134],"class_list":{"0":"post-650152","1":"post","2":"type-post","3":"status-publish","4":"format-standard","5":"has-post-thumbnail","7":"category-ukraine","8":"tag-actualite","9":"tag-actualites","10":"tag-eu","11":"tag-europe","12":"tag-guerre-en-ukraine","13":"tag-kherson","14":"tag-monde","15":"tag-news","16":"tag-russie","17":"tag-suisse","18":"tag-ukraine","19":"tag-vladimir-poutine","20":"tag-volodymyr-zelensky"},"share_on_mastodon":{"url":"https:\/\/pubeurope.com\/@fr\/115861366017102982","error":""},"_links":{"self":[{"href":"https:\/\/www.europesays.com\/fr\/wp-json\/wp\/v2\/posts\/650152","targetHints":{"allow":["GET"]}}],"collection":[{"href":"https:\/\/www.europesays.com\/fr\/wp-json\/wp\/v2\/posts"}],"about":[{"href":"https:\/\/www.europesays.com\/fr\/wp-json\/wp\/v2\/types\/post"}],"author":[{"embeddable":true,"href":"https:\/\/www.europesays.com\/fr\/wp-json\/wp\/v2\/users\/2"}],"replies":[{"embeddable":true,"href":"https:\/\/www.europesays.com\/fr\/wp-json\/wp\/v2\/comments?post=650152"}],"version-history":[{"count":0,"href":"https:\/\/www.europesays.com\/fr\/wp-json\/wp\/v2\/posts\/650152\/revisions"}],"wp:featuredmedia":[{"embeddable":true,"href":"https:\/\/www.europesays.com\/fr\/wp-json\/wp\/v2\/media\/650153"}],"wp:attachment":[{"href":"https:\/\/www.europesays.com\/fr\/wp-json\/wp\/v2\/media?parent=650152"}],"wp:term":[{"taxonomy":"category","embeddable":true,"href":"https:\/\/www.europesays.com\/fr\/wp-json\/wp\/v2\/categories?post=650152"},{"taxonomy":"post_tag","embeddable":true,"href":"https:\/\/www.europesays.com\/fr\/wp-json\/wp\/v2\/tags?post=650152"}],"curies":[{"name":"wp","href":"https:\/\/api.w.org\/{rel}","templated":true}]}}