{"id":650156,"date":"2026-01-08T20:29:13","date_gmt":"2026-01-08T20:29:13","guid":{"rendered":"https:\/\/www.europesays.com\/fr\/650156\/"},"modified":"2026-01-08T20:29:13","modified_gmt":"2026-01-08T20:29:13","slug":"mettez-vous-a-labri-nutilisez-pas-votre-vehicule-une-violente-tempete-va-sabattre-ce-jeudi-soir-sur-la-france","status":"publish","type":"post","link":"https:\/\/www.europesays.com\/fr\/650156\/","title":{"rendered":"\u00ab Mettez-vous \u00e0 l\u2019abri, n\u2019utilisez pas votre v\u00e9hicule \u00bb : une violente temp\u00eate va s\u2019abattre ce jeudi soir sur la France"},"content":{"rendered":"<p class=\"mb-4 text-lg md:leading-8 break-words\">La France et le Royaume-Uni, o\u00f9 une rare alerte rouge a \u00e9t\u00e9 \u00e9mise pour la r\u00e9gion des <a href=\"https:\/\/www.parismatch.com\/actu\/societe\/il-etait-tres-content-un-chien-perche-a-une-hauteur-vertigineuse-secouru-sur-une-falaise-au-royaume-uni-262679\" rel=\"nofollow noopener\" target=\"_blank\" data-ylk=\"slk:Cornouailles;elm:context_link;itc:0;sec:content-canvas\" class=\"link \">Cornouailles<\/a>, se pr\u00e9parent jeudi au passage d\u2019une temp\u00eate qui devrait apporter des vents violents et des chutes de neige, ont annonc\u00e9 les services m\u00e9t\u00e9orologiques des deux pays.<\/p>\n<p class=\"mb-4 text-lg md:leading-8 break-words\">Avant de frapper les c\u00f4tes fran\u00e7aises, la temp\u00eate Goretti va traverser jeudi le Royaume-Uni, o\u00f9 l\u2019agence britannique de m\u00e9t\u00e9orologie, le Met Office, a \u00e9mis une alerte rouge aux vents violents pour les Cornouailles, dans le sud-ouest de l\u2019Angleterre.<\/p>\n<p class=\"mb-4 text-lg md:leading-8 break-words\">Le chef des pr\u00e9visions au Met Office, Neil Armstrong, qui s\u2019attend \u00e9galement \u00e0 des chutes de neige importantes \u00ab\u00a0dans certaines r\u00e9gions du Pays de Galles et des Midlands\u00a0\u00bb dans le centre de l\u2019Angleterre, a pr\u00e9venu que Goretti pr\u00e9sentait des \u00ab\u00a0risques multiples\u00a0\u00bb.<\/p>\n<p class=\"mb-4 text-lg md:leading-8 break-words\">Les vents les plus violents au Royaume-Uni devraient toucher \u00e0 partir de jeudi apr\u00e8s-midi l\u2019ouest des Cornouailles et les \u00eeles Scilly (au sud-ouest de l\u2019Angleterre), o\u00f9 les rafales pourraient atteindre jusqu\u2019\u00e0 160\u00a0km\/h dans les zones c\u00f4ti\u00e8res expos\u00e9es.<\/p>\n<p class=\"mb-4 text-lg md:leading-8 break-words\">Jusqu\u2019\u00e0 30\u00a0centim\u00e8tres de neige pourraient tomber sur les Midlands. Des chutes de neige importantes pourraient \u00e9galement intervenir dans le sud du pays.<\/p>\n<p class=\"mb-4 text-lg md:leading-8 break-words\">Dans le nord-ouest de la France, des rafales pouvant atteindre jusqu\u2019\u00e0 160\u00a0km\/h sont notamment attendues dans le d\u00e9partement de la Manche (nord), o\u00f9 une alerte m\u00e9t\u00e9o rouge du niveau le plus \u00e9lev\u00e9 a \u00e9t\u00e9 diffus\u00e9e. Des alertes m\u00e9t\u00e9o ont \u00e9galement \u00e9t\u00e9 \u00e9mises dans une trentaine de d\u00e9partements du pays.<\/p>\n<p class=\"mb-4 text-lg md:leading-8 break-words\">\u00ab\u00a0Mettez-vous \u00e0 l\u2019abr&#8230;<\/p>\n<p class=\"mb-4 text-lg md:leading-8 break-words\"><a href=\"https:\/\/www.parismatch.com\/Actu\/Environnement\/mettez-vous-a-labri-nutilisez-pas-votre-vehicule-une-violente-tempete-va-sabattre-ce-jeudi-soir-sur-la-france-262681?at_medium=affiliate&amp;at_campaign=Yahoo\" rel=\"nofollow noopener\" target=\"_blank\" data-ylk=\"slk:Lire la suite sur ParisMatch;elm:context_link;itc:0;sec:content-canvas\" class=\"link \">Lire la suite sur ParisMatch<\/a><\/p>\n","protected":false},"excerpt":{"rendered":"La France et le Royaume-Uni, o\u00f9 une rare alerte rouge a \u00e9t\u00e9 \u00e9mise pour la r\u00e9gion des Cornouailles,&hellip;\n","protected":false},"author":2,"featured_media":650157,"comment_status":"","ping_status":"","sticky":false,"template":"","format":"standard","meta":{"footnotes":""},"categories":[1588],"tags":[11,75463,75464,1777,674,75466,75465,12,12044,473,1853,1851,1850,1852],"class_list":{"0":"post-650156","1":"post","2":"type-post","3":"status-publish","4":"format-standard","5":"has-post-thumbnail","7":"category-royaume-uni","8":"tag-actualites","9":"tag-cornouailles","10":"tag-departement-de-la-manche","11":"tag-eu","12":"tag-europe","13":"tag-met-office","14":"tag-neil-armstrong","15":"tag-news","16":"tag-pays-de-galles","17":"tag-royaume-uni","18":"tag-royaume-uni-de-grande-bretagne-et-dirlande-du-nord","19":"tag-uk","20":"tag-united-kingdom","21":"tag-united-kingdom-of-great-britain-and-northern-ireland"},"share_on_mastodon":{"url":"https:\/\/pubeurope.com\/@fr\/115861373856886872","error":""},"_links":{"self":[{"href":"https:\/\/www.europesays.com\/fr\/wp-json\/wp\/v2\/posts\/650156","targetHints":{"allow":["GET"]}}],"collection":[{"href":"https:\/\/www.europesays.com\/fr\/wp-json\/wp\/v2\/posts"}],"about":[{"href":"https:\/\/www.europesays.com\/fr\/wp-json\/wp\/v2\/types\/post"}],"author":[{"embeddable":true,"href":"https:\/\/www.europesays.com\/fr\/wp-json\/wp\/v2\/users\/2"}],"replies":[{"embeddable":true,"href":"https:\/\/www.europesays.com\/fr\/wp-json\/wp\/v2\/comments?post=650156"}],"version-history":[{"count":0,"href":"https:\/\/www.europesays.com\/fr\/wp-json\/wp\/v2\/posts\/650156\/revisions"}],"wp:featuredmedia":[{"embeddable":true,"href":"https:\/\/www.europesays.com\/fr\/wp-json\/wp\/v2\/media\/650157"}],"wp:attachment":[{"href":"https:\/\/www.europesays.com\/fr\/wp-json\/wp\/v2\/media?parent=650156"}],"wp:term":[{"taxonomy":"category","embeddable":true,"href":"https:\/\/www.europesays.com\/fr\/wp-json\/wp\/v2\/categories?post=650156"},{"taxonomy":"post_tag","embeddable":true,"href":"https:\/\/www.europesays.com\/fr\/wp-json\/wp\/v2\/tags?post=650156"}],"curies":[{"name":"wp","href":"https:\/\/api.w.org\/{rel}","templated":true}]}}