{"id":650158,"date":"2026-01-08T20:30:12","date_gmt":"2026-01-08T20:30:12","guid":{"rendered":"https:\/\/www.europesays.com\/fr\/650158\/"},"modified":"2026-01-08T20:30:12","modified_gmt":"2026-01-08T20:30:12","slug":"allemagne-declin-et-paradoxes-de-la-foi-zenit","status":"publish","type":"post","link":"https:\/\/www.europesays.com\/fr\/650158\/","title":{"rendered":"Allemagne : d\u00e9clin et paradoxes de la foi &#8211; ZENIT"},"content":{"rendered":"<p>                    <a href=\"#\" rel=\"nofollow\" onclick=\"window.print(); return false;\" title=\"Printer Friendly, PDF &amp; Email\"><br \/>\n                    <img decoding=\"async\" class=\"pf-button-img\" src=\"https:\/\/www.europesays.com\/fr\/wp-content\/uploads\/2025\/04\/printfriendly-pdf-button.png\" alt=\"Print Friendly, PDF &amp; Email\" style=\"width: 112px;height: 24px;\"\/><br \/>\n                    <\/a><\/p>\n<p>\u00a0<\/p>\n<p>On d\u00e9crit souvent le paysage religieux en Allemagne comme \u00e9tant en d\u00e9clin, mais une analyse plus approfondie des chiffres r\u00e9v\u00e8le une situation bien plus complexe et, \u00e0 certains \u00e9gards, contradictoire. Une nouvelle \u00e9tude repr\u00e9sentative sur la vie chr\u00e9tienne en Allemagne met en lumi\u00e8re non seulement une \u00e9rosion continue du nombre de fid\u00e8les, mais aussi des signes tangibles d\u2019ouverture, notamment chez les jeunes g\u00e9n\u00e9rations et m\u00eame chez ceux qui ne se reconnaissent pas comme chr\u00e9tiens.\u00a0<\/p>\n<p>Le sondage, r\u00e9alis\u00e9 par l\u2019institut INSA, r\u00e9v\u00e8le qu\u2019environ 45 % des Allemands appartiennent encore formellement \u00e0 une \u00c9glise chr\u00e9tienne, tandis que 73 % se d\u00e9clarent baptis\u00e9s. Cet \u00e9cart signifie qu\u2019il y a environ 50 % de chr\u00e9tiens baptis\u00e9s de plus que de membres inscrits dans une \u00c9glise, une disparit\u00e9 qui souligne \u00e0 quel point l\u2019identit\u00e9 culturelle et sacramentelle se d\u00e9tache de plus en plus de l\u2019appartenance institutionnelle.<\/p>\n<p>\u00a0Au sein de cette base institutionnelle en d\u00e9clin, les catholiques romains repr\u00e9sentent 23,7 % de la population, un pourcentage l\u00e9g\u00e8rement sup\u00e9rieur aux 21,5 % appartenant aux \u00c9glises protestantes r\u00e9gionales d\u2019Allemagne. Cependant, lorsqu\u2019on interroge les personnes sur leur identit\u00e9 chr\u00e9tienne globale, la situation s\u2019inverse\u00a0: 36 % se d\u00e9clarent protestants, contre 31 % catholiques. N\u00e9anmoins, parmi les jeunes g\u00e9n\u00e9rations, les catholiques constituent le groupe le plus important, un d\u00e9tail d\u00e9mographique qui complexifie les pr\u00e9visions quant \u00e0 l\u2019avenir des deux traditions.\u00a0<\/p>\n<p>Les chiffres les plus frappants concernent peut-\u00eatre ceux qui n\u2019appartiennent \u00e0 aucune \u00e9glise. Parmi les Allemands qui ne sont actuellement membres d\u2019aucune \u00e9glise chr\u00e9tienne, 8 % d\u00e9clarent qu\u2019ils pourraient envisager d\u2019en rejoindre une ou d\u2019en r\u00e9int\u00e9grer une \u00e0 nouveau. Cette proportion double chez les jeunes adultes de 18 \u00e0 29 ans, atteignant 16 %, soit environ une personne sur six. M\u00eame parmi les musulmans, 14 % ont d\u00e9clar\u00e9 qu\u2019ils pourraient envisager de rejoindre une \u00e9glise chr\u00e9tienne, un r\u00e9sultat qui a surpris les chercheurs compte tenu des id\u00e9es re\u00e7ues sur les fronti\u00e8res religieuses.\u00a0<\/p>\n<p>Ces conclusions ont \u00e9t\u00e9 pr\u00e9sent\u00e9es le 5 janvier \u00e0 Rome par Hermann Binkert, directeur de l\u2019INSA, lors du p\u00e8lerinage annuel organis\u00e9 par l\u2019initiative catholique Neuer Anfang et le quotidien Die Tagespost. L\u2019\u00e9tude, command\u00e9e conjointement par Die Tagespost, Neuer Anfang et l\u2019agence de presse protestante Idea, a fait l\u2019objet d\u2019une table ronde r\u00e9unissant journalistes et analystes catholiques et protestants. Selon les organisateurs, ces donn\u00e9es seront \u00e9galement communiqu\u00e9es au pape L\u00e9on XIV dans les prochains jours.\u00a0<\/p>\n<p>Ces chiffres soulignent \u00e9galement les tensions internes qui p\u00e8sent sur les \u00c9glises allemandes. Parmi les fid\u00e8les appartenant actuellement \u00e0 l\u2019\u00c9glise catholique romaine, aux \u00c9glises protestantes r\u00e9gionales ou aux \u00c9glises ind\u00e9pendantes, 22 % d\u00e9clarent avoir l\u2019intention de quitter la foi dans les deux prochaines ann\u00e9es. Chez les catholiques, ce chiffre atteint presque un quart. Cette propension \u00e0 abandonner la foi est particuli\u00e8rement marqu\u00e9e chez les jeunes, ce qui renforce les inqui\u00e9tudes persistantes quant \u00e0 la continuit\u00e9 interg\u00e9n\u00e9rationnelle.\u00a0<\/p>\n<p>La croyance elle-m\u00eame pr\u00e9sente des contrastes marqu\u00e9s selon les groupes d\u2019\u00e2ge. Globalement, 42 % des Allemands se disent croyants, tandis que 45 % ne le sont pas. Chez les moins de 30 ans, ce pourcentage de croyants atteint 53 %, et chez les 30-39 ans, il s\u2019\u00e9l\u00e8ve \u00e0 46 %. Apr\u00e8s 40 ans, la croyance diminue significativement, oscillant entre 33 % et 40 % selon la tranche d\u2019\u00e2ge. L\u2019appartenance religieuse et la croyance ne co\u00efncident pas toujours\u00a0: 44 % des Allemands se d\u00e9clarent chr\u00e9tiens, mais pr\u00e8s d\u2019un sur cinq (18 %) affirme ne pas croire en Dieu.\u00a0<\/p>\n<p>L\u2019engagement religieux varie \u00e9galement selon les r\u00e9gions. Parmi les catholiques, les protestants et les membres des \u00c9glises libres, 47 % se d\u00e9clarent chr\u00e9tiens pratiquants. Cette proportion est plus \u00e9lev\u00e9e en Allemagne de l\u2019Est (54 %) qu\u2019\u00e0 l\u2019Ouest (46 %). Les pratiques de t\u00e9moignage de la foi pr\u00e9sentent une diff\u00e9rence similaire. Parmi ceux qui se consid\u00e8rent comme chr\u00e9tiens pratiquants, 48 \u200b\u200b% affirment discuter de leur foi avec des non-chr\u00e9tiens. En Allemagne de l\u2019Est, ce chiffre atteint 65 %, contre 46 % \u00e0 l\u2019Ouest.\u00a0<\/p>\n<p>L\u2019enqu\u00eate a \u00e9galement explor\u00e9 la mani\u00e8re dont les Allemands d\u00e9finissent le christianisme. Pr\u00e8s des deux tiers des personnes interrog\u00e9es (64 %) ont mentionn\u00e9 au moins un aspect d\u00e9terminant parmi une liste de huit. L\u2019amour de Dieu et du prochain arrive en t\u00eate avec 28 %. Chez les plus de 70 ans, l\u2019\u00e9l\u00e9ment d\u00e9terminant le plus fr\u00e9quemment cit\u00e9 est le respect des Dix Commandements (36 %). Les jeunes adultes mettent l\u2019accent sur d\u2019autres aspects\u00a0: chez les 18-29 ans, un sur quatre consid\u00e8re J\u00e9sus-Christ comme \u00e0 la fois vrai Dieu et vrai homme, un \u00e9l\u00e9ment central du christianisme \u2013 une proportion plus \u00e9lev\u00e9e que dans toute autre tranche d\u2019\u00e2ge.\u00a0<\/p>\n<p>La pratique religieuse personnelle demeure importante pour de nombreux croyants. Pr\u00e8s de la moiti\u00e9 (48 %) des personnes qui croient en Dieu d\u00e9clarent prier r\u00e9guli\u00e8rement, et parmi elles, 84 % affirment avoir ressenti le pouvoir de la pri\u00e8re dans leur vie.\u00a0<\/p>\n<p>Les opinions sur la r\u00e9forme de l\u2019\u00c9glise sont beaucoup moins tranch\u00e9es. Seuls 16 % des sond\u00e9s estiment que le Chemin synodal de l\u2019\u00c9glise catholique en Allemagne est correct, tandis que 19 % pensent le contraire. 65 % soit n\u2019en avaient jamais entendu parler (39 %) soit ont d\u00e9clar\u00e9 ne pas pouvoir ou ne pas vouloir r\u00e9pondre (26 %). M\u00eame parmi les catholiques, le soutien reste limit\u00e9\u00a0: seuls 21 % consid\u00e8rent le Chemin synodal comme correct.\u00a0<\/p>\n<p>L\u2019interaction num\u00e9rique complexifie encore la situation. Un sondage distinct command\u00e9 par Die Tagespost r\u00e9v\u00e8le que pr\u00e8s d\u2019un Allemand sur quatre a d\u00e9j\u00e0 effectu\u00e9 des recherches de contenu religieux en ligne ou sur les r\u00e9seaux sociaux. Chez les 18-29 ans, ce chiffre atteint m\u00eame 61 %. Cette exploration religieuse en ligne est particuli\u00e8rement fr\u00e9quente chez les musulmans, ce qui sugg\u00e8re que les espaces num\u00e9riques sont devenus un lieu privil\u00e9gi\u00e9 pour la curiosit\u00e9 et la d\u00e9couverte des religions.\u00a0<\/p>\n<p>Malgr\u00e9 les d\u00e9fis institutionnels, le christianisme b\u00e9n\u00e9ficie d\u2019un large soutien culturel. Plus de la moiti\u00e9 des Allemands (55 %) souhaitent que le christianisme demeure pr\u00e9sent dans le pays. Pr\u00e8s des deux tiers (64 %) d\u00e9sirent que les \u00c9glises chr\u00e9tiennes offrent un accompagnement spirituel et exercent une influence politique et sociale. Le message chr\u00e9tien de No\u00ebl reste \u00e9galement important pour pr\u00e8s de la moiti\u00e9 de la population, 47 % d\u2019entre eux affirmant qu\u2019il joue encore un r\u00f4le significatif dans leur vie.\u00a0<\/p>\n<p>Pris dans leur ensemble, ces chiffres r\u00e9v\u00e8lent une Allemagne moins marqu\u00e9e par une simple s\u00e9cularisation que par une fragmentation, des tensions et une ouverture inattendue. D\u00e9clin et renouvellement coexistent dans les donn\u00e9es, souvent au sein des m\u00eames tranches d\u2019\u00e2ge. Si les \u00c9glises perdent des fid\u00e8les, les chiffres sugg\u00e8rent que la foi, la curiosit\u00e9, voire la possibilit\u00e9 d\u2019un retour, demeurent des \u00e9l\u00e9ments importants du d\u00e9bat national.<\/p>\n","protected":false},"excerpt":{"rendered":"\u00a0 On d\u00e9crit souvent le paysage religieux en Allemagne comme \u00e9tant en d\u00e9clin, mais une analyse plus approfondie&hellip;\n","protected":false},"author":2,"featured_media":650159,"comment_status":"","ping_status":"","sticky":false,"template":"","format":"standard","meta":{"footnotes":""},"categories":[1587],"tags":[11,672,1804,1805,1803,1777,674,1801,12,1802],"class_list":{"0":"post-650158","1":"post","2":"type-post","3":"status-publish","4":"format-standard","5":"has-post-thumbnail","7":"category-allemagne","8":"tag-actualites","9":"tag-allemagne","10":"tag-bundesrepublik-deutschland","11":"tag-de","12":"tag-deutschland","13":"tag-eu","14":"tag-europe","15":"tag-germany","16":"tag-news","17":"tag-republique-federale-dallemagne"},"share_on_mastodon":{"url":"https:\/\/pubeurope.com\/@fr\/115861377950237529","error":""},"_links":{"self":[{"href":"https:\/\/www.europesays.com\/fr\/wp-json\/wp\/v2\/posts\/650158","targetHints":{"allow":["GET"]}}],"collection":[{"href":"https:\/\/www.europesays.com\/fr\/wp-json\/wp\/v2\/posts"}],"about":[{"href":"https:\/\/www.europesays.com\/fr\/wp-json\/wp\/v2\/types\/post"}],"author":[{"embeddable":true,"href":"https:\/\/www.europesays.com\/fr\/wp-json\/wp\/v2\/users\/2"}],"replies":[{"embeddable":true,"href":"https:\/\/www.europesays.com\/fr\/wp-json\/wp\/v2\/comments?post=650158"}],"version-history":[{"count":0,"href":"https:\/\/www.europesays.com\/fr\/wp-json\/wp\/v2\/posts\/650158\/revisions"}],"wp:featuredmedia":[{"embeddable":true,"href":"https:\/\/www.europesays.com\/fr\/wp-json\/wp\/v2\/media\/650159"}],"wp:attachment":[{"href":"https:\/\/www.europesays.com\/fr\/wp-json\/wp\/v2\/media?parent=650158"}],"wp:term":[{"taxonomy":"category","embeddable":true,"href":"https:\/\/www.europesays.com\/fr\/wp-json\/wp\/v2\/categories?post=650158"},{"taxonomy":"post_tag","embeddable":true,"href":"https:\/\/www.europesays.com\/fr\/wp-json\/wp\/v2\/tags?post=650158"}],"curies":[{"name":"wp","href":"https:\/\/api.w.org\/{rel}","templated":true}]}}