{"id":650160,"date":"2026-01-08T20:31:15","date_gmt":"2026-01-08T20:31:15","guid":{"rendered":"https:\/\/www.europesays.com\/fr\/650160\/"},"modified":"2026-01-08T20:31:15","modified_gmt":"2026-01-08T20:31:15","slug":"la-france-peut-elle-bloquer-laccord-de-libre-echange-leurope-repond","status":"publish","type":"post","link":"https:\/\/www.europesays.com\/fr\/650160\/","title":{"rendered":"la France peut-elle bloquer l&rsquo;accord de libre-\u00e9change? L&rsquo;Europe r\u00e9pond"},"content":{"rendered":"<p>Mercosur: la France peut-elle bloquer l&rsquo;accord de libre-\u00e9change? L&rsquo;Europe r\u00e9pondSur le m\u00eame sujet<a href=\"https:\/\/www.bfmtv.com\/international\/europe\/video-mercosur-la-france-peut-elle-bloquer-l-accord-de-libre-echange-l-europe-repond_VN-202601080902.html\" title=\"Mercosur: la France peut-elle bloquer l&#039;accord de libre-\u00e9change? L&#039;Europe r\u00e9pond\" target=\"_blank\" rel=\"noopener\"><img width=\"16\" height=\"9\" class=\"lozad\"  alt=\"Mercosur: la France peut-elle bloquer l'accord de libre-\u00e9change? L'Europe r\u00e9pond\"\/>en lectureMercosur: la France peut-elle bloquer l&rsquo;accord de libre-\u00e9change? L&rsquo;Europe r\u00e9pond<\/a><a href=\"https:\/\/www.bfmtv.com\/economie\/video-diplomatie-macron-denonce-la-methode-trump_VN-202601080867.html\" title=\"Diplomatie : Macron d\u00e9nonce la m\u00e9thode Trump\" target=\"_blank\" rel=\"noopener\"><img width=\"16\" height=\"9\" class=\"lozad\"  alt=\"Diplomatie : Macron d\u00e9nonce la m\u00e9thode Trump\"\/>3:23Diplomatie : Macron d\u00e9nonce la m\u00e9thode Trump<\/a><a href=\"https:\/\/www.bfmtv.com\/economie\/video-le-groenland-vaut-il-une-guerre_VN-202601080833.html\" title=\"Le Groenland vaut-il une guerre ? \" target=\"_blank\" rel=\"noopener\"><img width=\"16\" height=\"9\" class=\"lozad\"  alt=\"Le Groenland vaut-il une guerre ? \"\/>2:59Le Groenland vaut-il une guerre ?<\/a><a href=\"https:\/\/www.bfmtv.com\/politique\/video-info-bmftv-emmanuel-macron-votera-non-a-l-accord-entre-le-mercosur-et-l-union-europeenne_VN-202601080828.html\" title=\"INFO BMFTV. Emmanuel Macron votera &quot;non&quot; \u00e0 l&#039;accord entre le Mercosur et l&#039;Union europ\u00e9enne\" target=\"_blank\" rel=\"noopener\"><img width=\"16\" height=\"9\" class=\"lozad\"  alt=\"INFO BMFTV. Emmanuel Macron votera &quot;non&quot; \u00e0 l'accord entre le Mercosur et l'Union europ\u00e9enne\"\/>0:48INFO BMFTV. Emmanuel Macron votera \u00ab\u00a0non\u00a0\u00bb \u00e0 l&rsquo;accord entre le Mercosur et l&rsquo;Union europ\u00e9enne<\/a><a href=\"https:\/\/www.bfmtv.com\/economie\/replay-emissions\/bfm-bourse\/video-la-data-room-80-gw-les-capacites-de-production-nucleaire-gaz-charbon-qui-vont-fermer-en-europe-d-ici-2035-soit-25-de-la-consommation-actuelle-08-01_VN-202601080751.html\" title=\"La Data Room : 80 GW = les capacit\u00e9s de production (Nucl\u00e9aire, Gaz, Charbon) qui vont fermer en Europe d&#039;ici 2035, soit 25% de la consommation actuelle  - 08\/01\" target=\"_blank\" rel=\"noopener\"><img width=\"16\" height=\"9\" class=\"lozad\"  alt=\"La Data Room : 80 GW = les capacit\u00e9s de production (Nucl\u00e9aire, Gaz, Charbon) qui vont fermer en Europe d'ici 2035, soit 25% de la consommation actuelle  - 08\/01\"\/>2:58La Data Room : 80 GW = les capacit\u00e9s de production (Nucl\u00e9aire, Gaz, Charbon) qui vont fermer en Europe d&rsquo;ici 2035, soit 25% de la consommation actuelle &#8211; 08\/01<\/a><a href=\"https:\/\/www.bfmtv.com\/international\/europe\/espagne\/video-un-streamer-espagnol-meurt-en-plein-direct-apres-avoir-ingere-de-la-drogue-et-de-l-alcool-pour-un-defi-extreme_VN-202601080509.html\" title=\"Un streamer espagnol meurt en plein direct apr\u00e8s avoir ing\u00e9r\u00e9 de la drogue et de l\u2019alcool pour un d\u00e9fi extr\u00eame \" target=\"_blank\" rel=\"noopener\"><img width=\"16\" height=\"9\" class=\"lozad\"  alt=\"Un streamer espagnol meurt en plein direct apr\u00e8s avoir ing\u00e9r\u00e9 de la drogue et de l\u2019alcool pour un d\u00e9fi extr\u00eame \"\/>0:54Un streamer espagnol meurt en plein direct apr\u00e8s avoir ing\u00e9r\u00e9 de la drogue et de l\u2019alcool pour un d\u00e9fi extr\u00eame<\/a><a href=\"https:\/\/www.bfmtv.com\/economie\/replay-emissions\/good-morning-market\/video-la-1ere-levee-de-dette-de-l-annee_VN-202601080409.html\" title=\"La 1\u00e8re lev\u00e9e de  dette de l&#039;ann\u00e9e \" target=\"_blank\" rel=\"noopener\"><img width=\"16\" height=\"9\" class=\"lozad\"  alt=\"La 1\u00e8re lev\u00e9e de  dette de l'ann\u00e9e \"\/>2:04La 1\u00e8re lev\u00e9e de dette de l&rsquo;ann\u00e9e<\/a><a href=\"https:\/\/www.bfmtv.com\/economie\/replay-emissions\/good-morning-market\/video-l-eclaireur-08-01_VN-202601080307.html\" title=\"L&#039;\u00e9claireur - 08\/01\" target=\"_blank\" rel=\"noopener\"><img width=\"16\" height=\"9\" class=\"lozad\"  alt=\"L'\u00e9claireur - 08\/01\"\/>7:59L&rsquo;\u00e9claireur &#8211; 08\/01<\/a><a href=\"https:\/\/www.bfmtv.com\/police-justice\/video-crans-montana-ce-vendredi-9-janvier-aura-lieu-l-hommage-national-en-memoire-des-victimes_VN-202601080247.html\" title=\"Crans-Montana: la Suisse se pr\u00e9pare \u00e0 l&#039;hommage national\" target=\"_blank\" rel=\"noopener\"><img width=\"16\" height=\"9\" class=\"lozad\"  alt=\"Crans-Montana: la Suisse se pr\u00e9pare \u00e0 l'hommage national\"\/>0:59Crans-Montana: la Suisse se pr\u00e9pare \u00e0 l&rsquo;hommage national<\/a><a href=\"https:\/\/www.bfmtv.com\/international\/europe\/suisse\/video-crans-montana-cet-avocat-de-parents-de-victimes-de-l-incendie-demande-la-detention-provisoire-des-gerants-du-bar_VN-202601071019.html\" title=\"Crans-Montana: cet avocat de parents de victimes de l&#039;incendie demande &quot;la d\u00e9tention provisoire&quot; des g\u00e9rants du bar \" target=\"_blank\" rel=\"noopener\"><img width=\"16\" height=\"9\" class=\"lozad\"  alt=\"Crans-Montana: cet avocat de parents de victimes de l'incendie demande &quot;la d\u00e9tention provisoire&quot; des g\u00e9rants du bar \"\/>2:26Crans-Montana: cet avocat de parents de victimes de l&rsquo;incendie demande \u00ab\u00a0la d\u00e9tention provisoire\u00a0\u00bb des g\u00e9rants du bar<\/a><a href=\"https:\/\/www.bfmtv.com\/international\/europe\/suisse\/video-a-crans-montana-l-hommage-aux-victimes-de-l-incendie-qui-aura-lieu-ce-vendredi-9-janvier-se-prepare_VN-202601071005.html\" title=\"\u00c0 Crans-Montana, l&#039;hommage aux victimes de l&#039;incendie, qui aura lieu ce vendredi 9 janvier, se pr\u00e9pare\" target=\"_blank\" rel=\"noopener\"><img width=\"16\" height=\"9\" class=\"lozad\"  alt=\"\u00c0 Crans-Montana, l'hommage aux victimes de l'incendie, qui aura lieu ce vendredi 9 janvier, se pr\u00e9pare\"\/>1:10\u00c0 Crans-Montana, l&rsquo;hommage aux victimes de l&rsquo;incendie, qui aura lieu ce vendredi 9 janvier, se pr\u00e9pare<\/a><a href=\"https:\/\/www.bfmtv.com\/international\/europe\/suisse\/video-incendie-a-crans-montana-c-est-incomprehensible-juge-me-fanti-avocat-de-familles-victimes-de-l-incendie_VN-202601071004.html\" title=\"Incendie \u00e0 Crans-Montana: &quot;C&#039;est incompr\u00e9hensible&quot;, juge Me Fanti, avocat de familles victimes de l&#039;incendie\" target=\"_blank\" rel=\"noopener\"><img width=\"16\" height=\"9\" class=\"lozad\"  alt=\"Incendie \u00e0 Crans-Montana: &quot;C'est incompr\u00e9hensible&quot;, juge Me Fanti, avocat de familles victimes de l'incendie\"\/>3:03Incendie \u00e0 Crans-Montana: \u00ab\u00a0C&rsquo;est incompr\u00e9hensible\u00a0\u00bb, juge Me Fanti, avocat de familles victimes de l&rsquo;incendie<\/a><a href=\"https:\/\/www.bfmtv.com\/international\/europe\/suisse\/video-crans-montana-certaines-preuves-ont-ete-occultees-estime-cet-avocat-de-famille-victimes-de-l-incendie_VN-202601071003.html\" title=\"Crans-Montana: &quot;Certaines preuves ont \u00e9t\u00e9 occult\u00e9es&quot;, estime cet avocat de famille victimes de l&#039;incendie\" target=\"_blank\" rel=\"noopener\"><img width=\"16\" height=\"9\" class=\"lozad\"  alt=\"Crans-Montana: &quot;Certaines preuves ont \u00e9t\u00e9 occult\u00e9es&quot;, estime cet avocat de famille victimes de l'incendie\"\/>1:49Crans-Montana: \u00ab\u00a0Certaines preuves ont \u00e9t\u00e9 occult\u00e9es\u00a0\u00bb, estime cet avocat de famille victimes de l&rsquo;incendie<\/a><a href=\"https:\/\/www.bfmtv.com\/international\/amerique-nord\/etats-unis\/video-guerre-en-ukraine-rearmement-de-l-europe-il-faut-qu-on-ait-un-budget-de-la-defense-affirme-alice-rufo-ministre-deleguee-aux-armees_VN-202601070927.html\" title=\"Guerre en Ukraine, r\u00e9armement de l&#039;Europe... &quot;Il faut qu&#039;on ait un budget de la D\u00e9fense&quot;, affirme Alice Rufo, ministre d\u00e9l\u00e9gu\u00e9e aux Arm\u00e9es\" target=\"_blank\" rel=\"noopener\"><img width=\"16\" height=\"9\" class=\"lozad\"  alt=\"Guerre en Ukraine, r\u00e9armement de l'Europe... &quot;Il faut qu'on ait un budget de la D\u00e9fense&quot;, affirme Alice Rufo, ministre d\u00e9l\u00e9gu\u00e9e aux Arm\u00e9es\"\/>0:53Guerre en Ukraine, r\u00e9armement de l&rsquo;Europe&#8230; \u00ab\u00a0Il faut qu&rsquo;on ait un budget de la D\u00e9fense\u00a0\u00bb, affirme Alice Rufo, ministre d\u00e9l\u00e9gu\u00e9e aux Arm\u00e9es<\/a><a class=\"jumpToVideo\" target=\"_blank\"><img class=\"thumbnailPreview\"\/><\/a><\/p>\n","protected":false},"excerpt":{"rendered":"Mercosur: la France peut-elle bloquer l&rsquo;accord de libre-\u00e9change? L&rsquo;Europe r\u00e9pondSur le m\u00eame sujeten lectureMercosur: la France peut-elle bloquer&hellip;\n","protected":false},"author":2,"featured_media":650161,"comment_status":"","ping_status":"","sticky":false,"template":"","format":"standard","meta":{"footnotes":""},"categories":[1586],"tags":[11,1777,674,1011,27,12,25],"class_list":{"0":"post-650160","1":"post","2":"type-post","3":"status-publish","4":"format-standard","5":"has-post-thumbnail","7":"category-europe","8":"tag-actualites","9":"tag-eu","10":"tag-europe","11":"tag-fr","12":"tag-france","13":"tag-news","14":"tag-republique-francaise"},"share_on_mastodon":{"url":"https:\/\/pubeurope.com\/@fr\/115861381823648538","error":""},"_links":{"self":[{"href":"https:\/\/www.europesays.com\/fr\/wp-json\/wp\/v2\/posts\/650160","targetHints":{"allow":["GET"]}}],"collection":[{"href":"https:\/\/www.europesays.com\/fr\/wp-json\/wp\/v2\/posts"}],"about":[{"href":"https:\/\/www.europesays.com\/fr\/wp-json\/wp\/v2\/types\/post"}],"author":[{"embeddable":true,"href":"https:\/\/www.europesays.com\/fr\/wp-json\/wp\/v2\/users\/2"}],"replies":[{"embeddable":true,"href":"https:\/\/www.europesays.com\/fr\/wp-json\/wp\/v2\/comments?post=650160"}],"version-history":[{"count":0,"href":"https:\/\/www.europesays.com\/fr\/wp-json\/wp\/v2\/posts\/650160\/revisions"}],"wp:featuredmedia":[{"embeddable":true,"href":"https:\/\/www.europesays.com\/fr\/wp-json\/wp\/v2\/media\/650161"}],"wp:attachment":[{"href":"https:\/\/www.europesays.com\/fr\/wp-json\/wp\/v2\/media?parent=650160"}],"wp:term":[{"taxonomy":"category","embeddable":true,"href":"https:\/\/www.europesays.com\/fr\/wp-json\/wp\/v2\/categories?post=650160"},{"taxonomy":"post_tag","embeddable":true,"href":"https:\/\/www.europesays.com\/fr\/wp-json\/wp\/v2\/tags?post=650160"}],"curies":[{"name":"wp","href":"https:\/\/api.w.org\/{rel}","templated":true}]}}