{"id":650162,"date":"2026-01-08T20:32:14","date_gmt":"2026-01-08T20:32:14","guid":{"rendered":"https:\/\/www.europesays.com\/fr\/650162\/"},"modified":"2026-01-08T20:32:14","modified_gmt":"2026-01-08T20:32:14","slug":"pourquoi-le-non-de-la-france-nempechera-pas-le-vote-du-texte-lexpress","status":"publish","type":"post","link":"https:\/\/www.europesays.com\/fr\/650162\/","title":{"rendered":"pourquoi le non de la France n&#8217;emp\u00eachera pas le vote du texte \u2013 L&rsquo;Express"},"content":{"rendered":"<p class=\"paragraph article-body-paragraph article__item   article-body-paragraph--first \"><a href=\"https:\/\/www.lexpress.fr\/politique\/derriere-linterdiction-des-reseaux-sociaux-un-invraisemblable-match-emmanuel-macron-gabriel-attal-2ADR2UR7S5HCNDXF7UI35GZKJA\/\" target=\"_self\" rel=\"noopener\" title=\"https:\/\/www.lexpress.fr\/politique\/derriere-linterdiction-des-reseaux-sociaux-un-invraisemblable-match-emmanuel-macron-gabriel-attal-2ADR2UR7S5HCNDXF7UI35GZKJA\/\">Emmanuel Macron<\/a> a annonc\u00e9 jeudi 8 janvier, dans un communiqu\u00e9 et sur ses r\u00e9seaux sociaux, que la France voterait \u00ab\u00a0contre la signature de l&rsquo;accord entre l&rsquo;Union europ\u00e9enne et les pays du <a href=\"https:\/\/www.lexpress.fr\/economie\/politique-economique\/agathe-demarais-le-mercosur-est-un-bouc-emissaire-facile-pour-occulter-les-vrais-problemes-de-AIIMGLL765GLZDNBTJ3BENRKTU\/\" target=\"_self\" rel=\"noopener\" title=\"https:\/\/www.lexpress.fr\/economie\/politique-economique\/agathe-demarais-le-mercosur-est-un-bouc-emissaire-facile-pour-occulter-les-vrais-problemes-de-AIIMGLL765GLZDNBTJ3BENRKTU\/\">Mercosur<\/a>\u00ab\u00a0. Un accord \u00ab\u00a0d&rsquo;un autre \u00e2ge\u00a0\u00bb, selon le chef de l&rsquo;Etat, n\u00e9goci\u00e9 \u00ab\u00a0sur des bases trop anciennes\u00a0\u00bb. <\/p>\n<p class=\"paragraph article-body-paragraph article__item   \">Malgr\u00e9 des \u00ab\u00a0avanc\u00e9es incontestables, le constat doit \u00eatre dress\u00e9 d&rsquo;un rejet politique unanime de l&rsquo;accord, comme l&rsquo;ont clairement montr\u00e9 les r\u00e9cents d\u00e9bats \u00e0 l&rsquo;Assembl\u00e9e nationale et au S\u00e9nat\u00a0\u00bb, a-t-il d\u00e9clar\u00e9. Une position qui ne suffira toutefois probablement pas \u00e0 bloquer le texte au niveau europ\u00e9en.<\/p>\n<blockquote class=\"twitter-tweet\">\n<p lang=\"fr\" dir=\"ltr\">La France est favorable au commerce international, mais l\u2019accord UE-Mercosur est un accord d\u2019un autre \u00e2ge, n\u00e9goci\u00e9 depuis trop longtemps sur des bases trop anciennes (mandat de 1999).<\/p>\n<p>Si la diversification commerciale est n\u00e9cessaire, le gain \u00e9conomique de l\u2019accord UE-Mercosur\u2026<\/p>\n<p>\u2014 Emmanuel Macron (@EmmanuelMacron) <a href=\"https:\/\/twitter.com\/EmmanuelMacron\/status\/2009325210105778468?ref_src=twsrc%5Etfw\" target=\"_blank\" rel=\"noopener\">January 8, 2026<\/a><\/p><\/blockquote>\n<p class=\"paragraph article-body-paragraph article__item   \">Depuis plusieurs semaines, la France tente de rallier d\u2019autres Etats membres afin de constituer une minorit\u00e9 de blocage au sein du Conseil de l\u2019Union europ\u00e9enne &#8211; une coalition repr\u00e9sentant au moins 35 % de la population de l\u2019UE, n\u00e9cessaire pour emp\u00eacher l\u2019adoption d\u2019un texte commercial. Mais cette coalition ne s\u2019est pas mat\u00e9rialis\u00e9e. Malgr\u00e9 le soutien de la Pologne, de la Hongrie, de l\u2019Autriche et de l&rsquo;Irlande, d\u2019autres pays cl\u00e9s comme <a href=\"https:\/\/www.lexpress.fr\/monde\/europe\/mercosur-la-france-seule-au-front-apres-le-quasi-ralliement-de-litalie-a-laccord-COM2RQX6MJGLPJSKDKRTM2LAK4\/\" target=\"_self\" rel=\"noopener\" title=\"https:\/\/www.lexpress.fr\/monde\/europe\/mercosur-la-france-seule-au-front-apres-le-quasi-ralliement-de-litalie-a-laccord-COM2RQX6MJGLPJSKDKRTM2LAK4\/\">l\u2019Italie<\/a>, l\u2019Allemagne, l\u2019Espagne ou les pays scandinaves, ont choisi de soutenir le trait\u00e9 ou de ne pas s\u2019opposer frontalement, sapant ainsi cette strat\u00e9gie de blocage. Le ministre italien des Affaires \u00e9trang\u00e8res, Antonio Tajani, a d&rsquo;ailleurs jug\u00e9 mercredi 7 janvier qu\u2019un tel accord offrirait des \u00ab\u00a0avantages \u00e9normes\u00a0\u00bb et un \u00ab\u00a0potentiel consid\u00e9rable\u00a0\u00bb pour l\u2019Europe.<\/p>\n<p><strong class=\"article-body-link-list__item text-gray-800 article-body-link-list__item--one-item\">LIRE AUSSI : <a class=\"article-body-link-list__item-link\" href=\"https:\/\/www.lexpress.fr\/economie\/mercosur-en-cas-dechec-beaucoup-estimeront-que-lue-nest-pas-un-partenaire-fiable-SK7X77BL2RH2HMNIKTAH7IYNPM\/\" target=\"_blank\" rel=\"noopener\">Mercosur : \u00ab\u00a0En cas d\u2019\u00e9chec, beaucoup estimeront que l\u2019UE n\u2019est pas un partenaire fiable\u00a0\u00bb<\/a><\/strong><\/p>\n<p class=\"paragraph article-body-paragraph article__item   \">Cette s\u00e9quence europ\u00e9enne intervient alors qu&rsquo;Emmanuel Macron est, une fois encore, confront\u00e9 \u00e0 la <a href=\"https:\/\/www.lexpress.fr\/economie\/politique-economique\/ue-mercosur-laccord-qui-enflamme-les-campagnes-francaises-manipulations-bras-de-fer-et-menaces-7HBORL637ZGPXBW6EM3FST5BZI\/\" target=\"_self\" rel=\"noopener\" title=\"https:\/\/www.lexpress.fr\/economie\/politique-economique\/ue-mercosur-laccord-qui-enflamme-les-campagnes-francaises-manipulations-bras-de-fer-et-menaces-7HBORL637ZGPXBW6EM3FST5BZI\/\">gronde des agriculteurs<\/a>. Ceux-ci s&rsquo;inqui\u00e8tent d&rsquo;une arriv\u00e9e massive de produits agricoles bon march\u00e9, susceptibles de concurrencer leurs productions et de fragiliser leurs exploitations d\u00e9j\u00e0 sous pression. Ces derniers mois, la France affirme avoir oeuvr\u00e9 pour obtenir de Bruxelles des garanties suppl\u00e9mentaires : une clause de sauvegarde sp\u00e9cifique, des mesures de r\u00e9ciprocit\u00e9 sur les conditions de production, un renforcement des contr\u00f4les sanitaires en Europe et des audits v\u00e9t\u00e9rinaires et phytosanitaires dans les pays tiers, a \u00e9num\u00e9r\u00e9 Emmanuel Macron sur <a href=\"https:\/\/x.com\/EmmanuelMacron\/status\/2009325210105778468\" target=\"_self\" rel=\"\" title=\"https:\/\/x.com\/EmmanuelMacron\/status\/2009325210105778468\">X<\/a>.<\/p>\n<p>Vingt-ans de n\u00e9gociations<\/p>\n<p class=\"paragraph article-body-paragraph article__item   \">Dans le cadre des politiques commerciales, l\u2019Union europ\u00e9enne peut adopter certains accords \u00e0 la majorit\u00e9 qualifi\u00e9e, ce qui signifie que l\u2019opposition d\u2019un Etat membre ne suffit pas \u00e0 arr\u00eater le processus si une majorit\u00e9 d\u2019autres Etats y est favorable. La Commission peut \u00e9galement \u00eatre amen\u00e9e \u00e0 scinder le volet commercial du reste de l\u2019accord, ce qui permettrait une adoption sans n\u00e9cessiter l\u2019unanimit\u00e9 stricte de tous les Etats.<\/p>\n<p class=\"paragraph article-body-paragraph article__item    article__text__endpicto\">Sauf revirement de derni\u00e8re minute, les Etats membres devraient autoriser vendredi la pr\u00e9sidente de la Commission europ\u00e9enne, <a href=\"https:\/\/www.lexpress.fr\/economie\/politique-economique\/ursula-von-der-leyen-la-tacticienne-les-secrets-de-la-femme-la-plus-puissante-deurope-ZRDWRX6TOJD5LI3HNGNFBR46JA\/\" target=\"_self\" rel=\"noopener\" title=\"https:\/\/www.lexpress.fr\/economie\/politique-economique\/ursula-von-der-leyen-la-tacticienne-les-secrets-de-la-femme-la-plus-puissante-deurope-ZRDWRX6TOJD5LI3HNGNFBR46JA\/\">Ursula von der Leyen<\/a>, \u00e0 signer l&rsquo;accord conclu en d\u00e9cembre 2024. Apr\u00e8s vingt-cinq ans de n\u00e9gociations, une signature pourrait avoir lieu d\u00e8s lundi au Paraguay.<\/p>\n<p><script async src=\"https:\/\/platform.twitter.com\/widgets.js\" charset=\"utf-8\"><\/script><\/p>\n","protected":false},"excerpt":{"rendered":"Emmanuel Macron a annonc\u00e9 jeudi 8 janvier, dans un communiqu\u00e9 et sur ses r\u00e9seaux sociaux, que la France&hellip;\n","protected":false},"author":2,"featured_media":650163,"comment_status":"","ping_status":"","sticky":false,"template":"","format":"standard","meta":{"footnotes":""},"categories":[1586],"tags":[11,1777,674,1779,1011,27,74,12,25,1778,364],"class_list":{"0":"post-650162","1":"post","2":"type-post","3":"status-publish","4":"format-standard","5":"has-post-thumbnail","7":"category-europe","8":"tag-actualites","9":"tag-eu","10":"tag-europe","11":"tag-european-union","12":"tag-fr","13":"tag-france","14":"tag-monde","15":"tag-news","16":"tag-republique-francaise","17":"tag-ue","18":"tag-union-europeenne"},"share_on_mastodon":{"url":"https:\/\/pubeurope.com\/@fr\/115861385744984264","error":""},"_links":{"self":[{"href":"https:\/\/www.europesays.com\/fr\/wp-json\/wp\/v2\/posts\/650162","targetHints":{"allow":["GET"]}}],"collection":[{"href":"https:\/\/www.europesays.com\/fr\/wp-json\/wp\/v2\/posts"}],"about":[{"href":"https:\/\/www.europesays.com\/fr\/wp-json\/wp\/v2\/types\/post"}],"author":[{"embeddable":true,"href":"https:\/\/www.europesays.com\/fr\/wp-json\/wp\/v2\/users\/2"}],"replies":[{"embeddable":true,"href":"https:\/\/www.europesays.com\/fr\/wp-json\/wp\/v2\/comments?post=650162"}],"version-history":[{"count":0,"href":"https:\/\/www.europesays.com\/fr\/wp-json\/wp\/v2\/posts\/650162\/revisions"}],"wp:featuredmedia":[{"embeddable":true,"href":"https:\/\/www.europesays.com\/fr\/wp-json\/wp\/v2\/media\/650163"}],"wp:attachment":[{"href":"https:\/\/www.europesays.com\/fr\/wp-json\/wp\/v2\/media?parent=650162"}],"wp:term":[{"taxonomy":"category","embeddable":true,"href":"https:\/\/www.europesays.com\/fr\/wp-json\/wp\/v2\/categories?post=650162"},{"taxonomy":"post_tag","embeddable":true,"href":"https:\/\/www.europesays.com\/fr\/wp-json\/wp\/v2\/tags?post=650162"}],"curies":[{"name":"wp","href":"https:\/\/api.w.org\/{rel}","templated":true}]}}