{"id":650166,"date":"2026-01-08T20:34:13","date_gmt":"2026-01-08T20:34:13","guid":{"rendered":"https:\/\/www.europesays.com\/fr\/650166\/"},"modified":"2026-01-08T20:34:13","modified_gmt":"2026-01-08T20:34:13","slug":"reunions-au-sommet-pour-mc-court-et-longoria-au-koweit","status":"publish","type":"post","link":"https:\/\/www.europesays.com\/fr\/650166\/","title":{"rendered":"r\u00e9unions au sommet pour Mc Court et Longoria au Kowe\u00eft"},"content":{"rendered":"<p>Le propri\u00e9taire am\u00e9ricain de l&rsquo;OM va assister ce jeudi soir (<a href=\"https:\/\/www.laprovence.com\/article\/om\/2697872408976415\/psg-om-a-quelle-heure-et-sur-quelle-chaine-suivre-le-trophee-des-champions\" target=\"_blank\" rel=\"noopener\">coup d&rsquo;envoi \u00e0 19 heures, en France<\/a>) au Troph\u00e9e des champions entre son club et le PSG, en croisant les doigts pour conna\u00eetre une issue semblable \u00e0 celle de la mi-septembre, lorsque ses prot\u00e9g\u00e9s avaient <a href=\"https:\/\/www.laprovence.com\/article\/om\/3997654305103614\/om-psg-1-0-dans-un-velodrome-en-fusion-les-olympiens-ont-enfin-triomphe-face-aux-parisiens\" target=\"_blank\" rel=\"noopener\">remport\u00e9, en championnat, le Clasico<\/a> (1-0).<\/p>\n<p>En marge de la rencontre, le Bostonien a profit\u00e9 de sa pr\u00e9sence dans <a href=\"https:\/\/www.laprovence.com\/article\/om\/25063803636183\/psg-om-que-pensent-les-supporters-olympiens-du-trophee-des-champions\" target=\"_blank\" rel=\"noopener\">le richissime \u00e9tat du Morient-Orient<\/a> pour rencontre le pr\u00e9sident de la F\u00e9d\u00e9ration kowe\u00eftienne de football, Ahmed Al-Yousef Al-Sabah, tandis qu&rsquo;une rencontre au sommet \u00e9tait organis\u00e9e entre les pontes de l&rsquo;OM (le pr\u00e9sident Pablo Longoria, et son directeur g\u00e9n\u00e9ral Alessandro Antonello) et les repr\u00e9sentants de la chambre de commerce et d&rsquo;industrie du Kowe\u00eft<\/p>\n<p>\u00c0 l&rsquo;ordre du jour, \u00ab\u00a0les potentiels domaines de coop\u00e9ration, avec un accent particulier sur les opportunit\u00e9s d&rsquo;investissement dans le sport\u00a0\u00bb.<\/p>\n","protected":false},"excerpt":{"rendered":"Le propri\u00e9taire am\u00e9ricain de l&rsquo;OM va assister ce jeudi soir (coup d&rsquo;envoi \u00e0 19 heures, en France) au&hellip;\n","protected":false},"author":2,"featured_media":650167,"comment_status":"","ping_status":"","sticky":false,"template":"","format":"standard","meta":{"footnotes":""},"categories":[2],"tags":[5734,11,66771,1011,27,26137,23600,12,149,471,19369,25,20892,2764],"class_list":{"0":"post-650166","1":"post","2":"type-post","3":"status-publish","4":"format-standard","5":"has-post-thumbnail","7":"category-actualites","8":"tag-5734","9":"tag-actualites","10":"tag-court","11":"tag-fr","12":"tag-france","13":"tag-koweit","14":"tag-longoria","15":"tag-news","16":"tag-om","17":"tag-pour","18":"tag-psg-om","19":"tag-republique-francaise","20":"tag-reunions","21":"tag-sommet"},"share_on_mastodon":{"url":"https:\/\/pubeurope.com\/@fr\/115861393577367314","error":""},"_links":{"self":[{"href":"https:\/\/www.europesays.com\/fr\/wp-json\/wp\/v2\/posts\/650166","targetHints":{"allow":["GET"]}}],"collection":[{"href":"https:\/\/www.europesays.com\/fr\/wp-json\/wp\/v2\/posts"}],"about":[{"href":"https:\/\/www.europesays.com\/fr\/wp-json\/wp\/v2\/types\/post"}],"author":[{"embeddable":true,"href":"https:\/\/www.europesays.com\/fr\/wp-json\/wp\/v2\/users\/2"}],"replies":[{"embeddable":true,"href":"https:\/\/www.europesays.com\/fr\/wp-json\/wp\/v2\/comments?post=650166"}],"version-history":[{"count":0,"href":"https:\/\/www.europesays.com\/fr\/wp-json\/wp\/v2\/posts\/650166\/revisions"}],"wp:featuredmedia":[{"embeddable":true,"href":"https:\/\/www.europesays.com\/fr\/wp-json\/wp\/v2\/media\/650167"}],"wp:attachment":[{"href":"https:\/\/www.europesays.com\/fr\/wp-json\/wp\/v2\/media?parent=650166"}],"wp:term":[{"taxonomy":"category","embeddable":true,"href":"https:\/\/www.europesays.com\/fr\/wp-json\/wp\/v2\/categories?post=650166"},{"taxonomy":"post_tag","embeddable":true,"href":"https:\/\/www.europesays.com\/fr\/wp-json\/wp\/v2\/tags?post=650166"}],"curies":[{"name":"wp","href":"https:\/\/api.w.org\/{rel}","templated":true}]}}