{"id":650170,"date":"2026-01-08T20:37:14","date_gmt":"2026-01-08T20:37:14","guid":{"rendered":"https:\/\/www.europesays.com\/fr\/650170\/"},"modified":"2026-01-08T20:37:14","modified_gmt":"2026-01-08T20:37:14","slug":"malgre-les-sanctions-le-gfca-reste-solide-pour-son-president-paul-muracciole","status":"publish","type":"post","link":"https:\/\/www.europesays.com\/fr\/650170\/","title":{"rendered":"\u00a0\u00bb Malgr\u00e9 les sanctions, le GFCA reste solide \u00ab\u00a0, pour son pr\u00e9sident Paul Muracciole"},"content":{"rendered":"<p>Lanterne rouge du championnat apr\u00e8s le retrait de trois points d\u00e9cid\u00e9 par la DNACG, le gendarme financier du volley, le GFCA Volley se retrouve en difficult\u00e9 sportive dans son objectif de maintien. Son pr\u00e9sident, Paul Muracciole, confirme l&rsquo;appel, examin\u00e9 le 14\u00a0janvier et veut rassurer sur la sant\u00e9 financi\u00e8re du club ajaccien.<\/p>\n<p><strong>Malgr\u00e9 la victoire contre Cannes le week-end dernier, le GFCA est toujours dernier du classement. Quel regard portez-vous sur cette saison et n&rsquo;est-elle pas plus compliqu\u00e9e que pr\u00e9vu\u00a0?<\/strong>&#13;\n<\/p>\n<p>En fait, cette saison est devenue difficile depuis la mi-juin et l&rsquo;annonce de l&rsquo;encadrement de la masse salariale par la DNACG. Cela a engendr\u00e9 des perturbations dans le fonctionnement du club. Rien ne nous est \u00e9pargn\u00e9 depuis et, aujourd&rsquo;hui, c&rsquo;est compliqu\u00e9. Le secteur sportif en paie de lourdes cons\u00e9quences.<\/p>\n<p><strong>Que pensez-vous de ce retrait de trois points, inflig\u00e9 r\u00e9cemment au club par la DNACG\u00a0?<\/strong>&#13;\n<\/p>\n<p>C&rsquo;est la goutte d&rsquo;eau en plus. Mais si on en est l\u00e0 aujourd&rsquo;hui, c&rsquo;est que l&rsquo;\u00e9quipe n&rsquo;a pas pu \u00e9voluer avec un effectif au complet depuis le d\u00e9but. On avait certes un groupe r\u00e9duit pour pouvoir jouer le maintien mais on pensait au moins pouvoir disposer de tout l&rsquo;effectif. Au final, la&#8230;<\/p>\n","protected":false},"excerpt":{"rendered":"Lanterne rouge du championnat apr\u00e8s le retrait de trois points d\u00e9cid\u00e9 par la DNACG, le gendarme financier du&hellip;\n","protected":false},"author":2,"featured_media":650171,"comment_status":"","ping_status":"","sticky":false,"template":"","format":"standard","meta":{"footnotes":""},"categories":[1417],"tags":[5734,1011,27,6392,151,9085,49560,3138,7185,51532,60,1470,1469],"class_list":{"0":"post-650170","1":"post","2":"type-post","3":"status-publish","4":"format-standard","5":"has-post-thumbnail","7":"category-volley","8":"tag-5734","9":"tag-fr","10":"tag-france","11":"tag-gfca","12":"tag-les","13":"tag-malgre","14":"tag-marmara","15":"tag-reste","16":"tag-sanctions","17":"tag-spikeligue","18":"tag-sports","19":"tag-volley","20":"tag-volleyball"},"share_on_mastodon":{"url":"https:\/\/pubeurope.com\/@fr\/115861406540338713","error":""},"_links":{"self":[{"href":"https:\/\/www.europesays.com\/fr\/wp-json\/wp\/v2\/posts\/650170","targetHints":{"allow":["GET"]}}],"collection":[{"href":"https:\/\/www.europesays.com\/fr\/wp-json\/wp\/v2\/posts"}],"about":[{"href":"https:\/\/www.europesays.com\/fr\/wp-json\/wp\/v2\/types\/post"}],"author":[{"embeddable":true,"href":"https:\/\/www.europesays.com\/fr\/wp-json\/wp\/v2\/users\/2"}],"replies":[{"embeddable":true,"href":"https:\/\/www.europesays.com\/fr\/wp-json\/wp\/v2\/comments?post=650170"}],"version-history":[{"count":0,"href":"https:\/\/www.europesays.com\/fr\/wp-json\/wp\/v2\/posts\/650170\/revisions"}],"wp:featuredmedia":[{"embeddable":true,"href":"https:\/\/www.europesays.com\/fr\/wp-json\/wp\/v2\/media\/650171"}],"wp:attachment":[{"href":"https:\/\/www.europesays.com\/fr\/wp-json\/wp\/v2\/media?parent=650170"}],"wp:term":[{"taxonomy":"category","embeddable":true,"href":"https:\/\/www.europesays.com\/fr\/wp-json\/wp\/v2\/categories?post=650170"},{"taxonomy":"post_tag","embeddable":true,"href":"https:\/\/www.europesays.com\/fr\/wp-json\/wp\/v2\/tags?post=650170"}],"curies":[{"name":"wp","href":"https:\/\/api.w.org\/{rel}","templated":true}]}}