{"id":650182,"date":"2026-01-08T20:48:13","date_gmt":"2026-01-08T20:48:13","guid":{"rendered":"https:\/\/www.europesays.com\/fr\/650182\/"},"modified":"2026-01-08T20:48:13","modified_gmt":"2026-01-08T20:48:13","slug":"la-bataille-la-malediction-de-lile-saison-01-episode-40-du-8-janvier-2026-la-bataille-la-malediction-de-lile","status":"publish","type":"post","link":"https:\/\/www.europesays.com\/fr\/650182\/","title":{"rendered":"La Bataille : La Mal\u00e9diction de L&rsquo;\u00eele &#8211; Saison 01 Episode 40 du 8 janvier 2026 &#8211; La Bataille : La Mal\u00e9diction de L&rsquo;\u00eele"},"content":{"rendered":"<p class=\"default-2\">Finalement le retour du duo ne sera pas un retour marquant. En effet, Vivian et M\u00e9lanie sont partis aussi vite qu&rsquo;ils sont arriv\u00e9s&#8230; Et une nouvelle fois, Cynthia a perdu la confiance d&rsquo;une personne qu&rsquo;elle estime&#8230; Mais cette \u00e9limination prend une tournure tr\u00e8s regrettable car le comportement inappropri\u00e9 de Giovanni provoque son bannissement de l&rsquo;\u00eele. Il entraine donc Cynthia dans sa chute. L&rsquo;\u00eele n&rsquo;a plus que 4 duos sur sa plage et pour leur remettre les id\u00e9es en place, elle va organiser un vote maudit ! Si un duo est d\u00e9sign\u00e9 \u00e0 la majorit\u00e9, il sera nomm\u00e9 pour la prochaine c\u00e9r\u00e9monie ! La Bataille :  La Mal\u00e9diction de L&rsquo;\u00eele &#8211; Saison 01 Episode 40 du 8 janvier 2026<\/p>\n<p>T\u00e9l\u00e9r\u00e9alit\u00e9, Aventure44m<\/p>\n<p>Publi\u00e9 le 8 janv. 2026 \u00e0 20:05<\/p>\n","protected":false},"excerpt":{"rendered":"Finalement le retour du duo ne sera pas un retour marquant. En effet, Vivian et M\u00e9lanie sont partis&hellip;\n","protected":false},"author":2,"featured_media":650183,"comment_status":"","ping_status":"","sticky":false,"template":"","format":"standard","meta":{"footnotes":""},"categories":[1356],"tags":[58,59,1365,64104,64105,43632,1011,27,64102,64106,64107,64114,64118,64103,64115,64119,64111,64110,64116,64117,64112,64113,252,1364,64108,64109],"class_list":{"0":"post-650182","1":"post","2":"type-post","3":"status-publish","4":"format-standard","5":"has-post-thumbnail","7":"category-television","8":"tag-divertissement","9":"tag-entertainment","10":"tag-episode","11":"tag-episode-la-bataille-la-malediction-de-lile","12":"tag-episode-la-bataille-la-malediction-de-lile-tfx","13":"tag-episode-tfx","14":"tag-fr","15":"tag-france","16":"tag-la-bataille-la-malediction-de-lile","17":"tag-la-bataille-la-malediction-de-lile-episode","18":"tag-la-bataille-la-malediction-de-lile-episode-tfx","19":"tag-la-bataille-la-malediction-de-lile-streaming","20":"tag-la-bataille-la-malediction-de-lile-streaming-gratuit","21":"tag-la-bataille-la-malediction-de-lile-tfx","22":"tag-la-bataille-la-malediction-de-lile-tfx-streaming","23":"tag-la-bataille-la-malediction-de-lile-tfx-streaming-gratuit","24":"tag-la-bataille-la-malediction-de-lile-tfx-video","25":"tag-la-bataille-la-malediction-de-lile-video","26":"tag-streaming-gratuit-la-bataille-la-malediction-de-lile","27":"tag-streaming-gratuit-la-bataille-la-malediction-de-lile-tfx","28":"tag-streaming-la-bataille-la-malediction-de-lile","29":"tag-streaming-la-bataille-la-malediction-de-lile-tfx","30":"tag-television","31":"tag-tv","32":"tag-video-la-bataille-la-malediction-de-lile","33":"tag-video-la-bataille-la-malediction-de-lile-tfx"},"share_on_mastodon":{"url":"","error":"Validation failed: Text character limit of 500 exceeded"},"_links":{"self":[{"href":"https:\/\/www.europesays.com\/fr\/wp-json\/wp\/v2\/posts\/650182","targetHints":{"allow":["GET"]}}],"collection":[{"href":"https:\/\/www.europesays.com\/fr\/wp-json\/wp\/v2\/posts"}],"about":[{"href":"https:\/\/www.europesays.com\/fr\/wp-json\/wp\/v2\/types\/post"}],"author":[{"embeddable":true,"href":"https:\/\/www.europesays.com\/fr\/wp-json\/wp\/v2\/users\/2"}],"replies":[{"embeddable":true,"href":"https:\/\/www.europesays.com\/fr\/wp-json\/wp\/v2\/comments?post=650182"}],"version-history":[{"count":0,"href":"https:\/\/www.europesays.com\/fr\/wp-json\/wp\/v2\/posts\/650182\/revisions"}],"wp:featuredmedia":[{"embeddable":true,"href":"https:\/\/www.europesays.com\/fr\/wp-json\/wp\/v2\/media\/650183"}],"wp:attachment":[{"href":"https:\/\/www.europesays.com\/fr\/wp-json\/wp\/v2\/media?parent=650182"}],"wp:term":[{"taxonomy":"category","embeddable":true,"href":"https:\/\/www.europesays.com\/fr\/wp-json\/wp\/v2\/categories?post=650182"},{"taxonomy":"post_tag","embeddable":true,"href":"https:\/\/www.europesays.com\/fr\/wp-json\/wp\/v2\/tags?post=650182"}],"curies":[{"name":"wp","href":"https:\/\/api.w.org\/{rel}","templated":true}]}}