{"id":650184,"date":"2026-01-08T20:49:16","date_gmt":"2026-01-08T20:49:16","guid":{"rendered":"https:\/\/www.europesays.com\/fr\/650184\/"},"modified":"2026-01-08T20:49:16","modified_gmt":"2026-01-08T20:49:16","slug":"dirk-verbeuren-revient-sur-la-dynamique-de-travail-chez-megadeth","status":"publish","type":"post","link":"https:\/\/www.europesays.com\/fr\/650184\/","title":{"rendered":"Dirk Verbeuren revient sur la dynamique de travail chez Megadeth"},"content":{"rendered":"<p><strong>Dans un podcast r\u00e9cent, Dirk Verbeuren a dress\u00e9 un portrait sinc\u00e8re de Dave Mustaine, qu\u2019il c\u00f4toie depuis 2016 au sein de <a href=\"https:\/\/www.metalzone.fr\/megadeth\/\" target=\"_blank\" rel=\"noopener\">Megadeth<\/a>. Le batteur revient sur leur mani\u00e8re de collaborer, alors que le groupe s\u2019appr\u00eate \u00e0 faire ses adieux avec l\u2019album Megadeth.<\/strong><\/p>\n<p>\u201cAvec Dave, on sait toujours \u00e0 quoi s\u2019attendre\u201d<\/p>\n<p>Invit\u00e9 du podcast <a href=\"https:\/\/www.youtube.com\/watch?v=I2ZL2hkmBxU\" target=\"_blank\" rel=\"noopener\">Freddy And Friends<\/a>, Dirk Verbeuren a partag\u00e9 son exp\u00e9rience aux c\u00f4t\u00e9s de Dave Mustaine. Le batteur belge souligne le caract\u00e8re direct du leader de Megadeth : \u201cQuoi qu\u2019on dise de lui, avec Dave, on sait toujours \u00e0 quoi s\u2019attendre. Il dit ce qu\u2019il pense, sans d\u00e9tour. S\u2019il n\u2019aime pas quelque chose, il vous le dira en face.\u201d<\/p>\n<p>Selon lui, cette franchise a rendu leur collaboration plus simple d\u00e8s le d\u00e9part : \u201cIl nous a demand\u00e9 de proposer des id\u00e9es. J\u2019ai compos\u00e9 chez moi, j\u2019ai apport\u00e9 des riffs. Certains ont \u00e9t\u00e9 retenus, d\u2019autres non. Mais tout s\u2019est fait dans un cadre clair, o\u00f9 chacun pouvait s\u2019exprimer.\u201d<\/p>\n<p>Une collaboration bas\u00e9e sur la confiance<\/p>\n<p>Ayant d\u00e9couvert Megadeth \u00e0 l\u2019adolescence avec Peace Sells\u2026 But Who\u2019s Buying?, Verbeuren dit avoir rapidement saisi l\u2019essence du groupe, ce qui a facilit\u00e9 son int\u00e9gration. Sa participation au nouvel album, attendu le 23 janvier 2026, le confirme : plusieurs titres contiennent ses id\u00e9es ou ses compositions.<\/p>\n<p>Le processus de cr\u00e9ation s\u2019est d\u00e9roul\u00e9 entre Los Angeles et Nashville, m\u00ealant sessions nocturnes et \u00e9coutes en studio. Chaque jour, les membres proposaient de nouveaux morceaux, que Mustaine triait pour d\u00e9finir ceux \u00e0 d\u00e9velopper.<\/p>\n<p>Verbeuren confie avoir beaucoup appris aupr\u00e8s du frontman : \u201cIl g\u00e8re tout avec rigueur, et \u00e7a m\u2019a aid\u00e9 \u00e0 prendre confiance en moi, m\u00eame sur les aspects les plus publics du m\u00e9tier.\u201d<\/p>\n","protected":false},"excerpt":{"rendered":"Dans un podcast r\u00e9cent, Dirk Verbeuren a dress\u00e9 un portrait sinc\u00e8re de Dave Mustaine, qu\u2019il c\u00f4toie depuis 2016&hellip;\n","protected":false},"author":2,"featured_media":319348,"comment_status":"","ping_status":"","sticky":false,"template":"","format":"standard","meta":{"footnotes":""},"categories":[1355],"tags":[58,59,1011,27,1361,873],"class_list":{"0":"post-650184","1":"post","2":"type-post","3":"status-publish","4":"format-standard","5":"has-post-thumbnail","7":"category-musique","8":"tag-divertissement","9":"tag-entertainment","10":"tag-fr","11":"tag-france","12":"tag-music","13":"tag-musique"},"share_on_mastodon":{"url":"https:\/\/pubeurope.com\/@fr\/115861452595222443","error":""},"_links":{"self":[{"href":"https:\/\/www.europesays.com\/fr\/wp-json\/wp\/v2\/posts\/650184","targetHints":{"allow":["GET"]}}],"collection":[{"href":"https:\/\/www.europesays.com\/fr\/wp-json\/wp\/v2\/posts"}],"about":[{"href":"https:\/\/www.europesays.com\/fr\/wp-json\/wp\/v2\/types\/post"}],"author":[{"embeddable":true,"href":"https:\/\/www.europesays.com\/fr\/wp-json\/wp\/v2\/users\/2"}],"replies":[{"embeddable":true,"href":"https:\/\/www.europesays.com\/fr\/wp-json\/wp\/v2\/comments?post=650184"}],"version-history":[{"count":0,"href":"https:\/\/www.europesays.com\/fr\/wp-json\/wp\/v2\/posts\/650184\/revisions"}],"wp:featuredmedia":[{"embeddable":true,"href":"https:\/\/www.europesays.com\/fr\/wp-json\/wp\/v2\/media\/319348"}],"wp:attachment":[{"href":"https:\/\/www.europesays.com\/fr\/wp-json\/wp\/v2\/media?parent=650184"}],"wp:term":[{"taxonomy":"category","embeddable":true,"href":"https:\/\/www.europesays.com\/fr\/wp-json\/wp\/v2\/categories?post=650184"},{"taxonomy":"post_tag","embeddable":true,"href":"https:\/\/www.europesays.com\/fr\/wp-json\/wp\/v2\/tags?post=650184"}],"curies":[{"name":"wp","href":"https:\/\/api.w.org\/{rel}","templated":true}]}}