{"id":650203,"date":"2026-01-08T20:59:30","date_gmt":"2026-01-08T20:59:30","guid":{"rendered":"https:\/\/www.europesays.com\/fr\/650203\/"},"modified":"2026-01-08T20:59:30","modified_gmt":"2026-01-08T20:59:30","slug":"grand-froid-pourquoi-les-ecoles-peinent-a-rester-ouvertes-a-saint-etienne","status":"publish","type":"post","link":"https:\/\/www.europesays.com\/fr\/650203\/","title":{"rendered":"Grand froid : pourquoi les \u00e9coles peinent \u00e0 rester ouvertes \u00e0 Saint-\u00c9tienne"},"content":{"rendered":"<p>La vague de froid qui touche la Loire a mis en difficult\u00e9 plusieurs \u00e9tablissements scolaires. \u00c0 Saint-\u00c9tienne, des pannes de chauffage ont contraint certaines \u00e9coles \u00e0 fermer temporairement, faute de temp\u00e9ratures suffisantes pour accueillir les \u00e9l\u00e8ves.<\/p>\n<p>Cette semaine, le chauffage est devenu un enjeu majeur dans les \u00e9coles st\u00e9phanoises. De lundi \u00e0 jeudi, l\u2019\u00e9cole maternelle de Chavanelle a fonctionn\u00e9 sans chauffage, avec des temp\u00e9ratures descendant jusqu\u2019\u00e0 13 degr\u00e9s dans les classes. Jeudi, c\u2019est l\u2019\u00e9cole Saint-Sa\u00ebns, \u00e0 Montreynaud, qui a d\u00fb fermer ses portes, seule la cr\u00e8che attenante restant partiellement ouverte gr\u00e2ce \u00e0 des convecteurs.<\/p>\n<p>En cause, d\u2019importantes fuites sur le r\u00e9seau de chauffage urbain, g\u00e9r\u00e9 par Dalkia, touchant l\u2019ensemble du quartier. \u00ab Il n\u2019\u00e9tait pas raisonnable d\u2019ouvrir une \u00e9cole avec seulement 10 degr\u00e9s \u00e0 l\u2019int\u00e9rieur \u00bb, explique Dominique Manin, adjointe au maire charg\u00e9e de l\u2019\u00e9ducation. Les r\u00e9parations ont \u00e9t\u00e9 finalis\u00e9es dans la nuit, permettant une r\u00e9ouverture rapide.<\/p>\n<p>Selon Dalkia, ces incidents sont li\u00e9s \u00e0 des fragilit\u00e9s persistantes du r\u00e9seau, particuli\u00e8rement sollicit\u00e9 lors des p\u00e9riodes de grand froid. Saint-\u00c9tienne n\u2019est pas un cas isol\u00e9 : un coll\u00e8ge a \u00e9galement d\u00fb fermer \u00e0 Saint-Chamond en d\u00e9but de semaine.<\/p>\n<p>T.Rivi\u00e8re<\/p>\n","protected":false},"excerpt":{"rendered":"La vague de froid qui touche la Loire a mis en difficult\u00e9 plusieurs \u00e9tablissements scolaires. \u00c0 Saint-\u00c9tienne, des&hellip;\n","protected":false},"author":2,"featured_media":650204,"comment_status":"","ping_status":"","sticky":false,"template":"","format":"standard","meta":{"footnotes":""},"categories":[9653],"tags":[1111,11,2430,1777,674,1011,27,12,25,4001],"class_list":{"0":"post-650203","1":"post","2":"type-post","3":"status-publish","4":"format-standard","5":"has-post-thumbnail","7":"category-saint-etienne","8":"tag-actu","9":"tag-actualites","10":"tag-auvergne-rhone-alpes","11":"tag-eu","12":"tag-europe","13":"tag-fr","14":"tag-france","15":"tag-news","16":"tag-republique-francaise","17":"tag-saint-etienne"},"share_on_mastodon":{"url":"https:\/\/pubeurope.com\/@fr\/115861491951043882","error":""},"_links":{"self":[{"href":"https:\/\/www.europesays.com\/fr\/wp-json\/wp\/v2\/posts\/650203","targetHints":{"allow":["GET"]}}],"collection":[{"href":"https:\/\/www.europesays.com\/fr\/wp-json\/wp\/v2\/posts"}],"about":[{"href":"https:\/\/www.europesays.com\/fr\/wp-json\/wp\/v2\/types\/post"}],"author":[{"embeddable":true,"href":"https:\/\/www.europesays.com\/fr\/wp-json\/wp\/v2\/users\/2"}],"replies":[{"embeddable":true,"href":"https:\/\/www.europesays.com\/fr\/wp-json\/wp\/v2\/comments?post=650203"}],"version-history":[{"count":0,"href":"https:\/\/www.europesays.com\/fr\/wp-json\/wp\/v2\/posts\/650203\/revisions"}],"wp:featuredmedia":[{"embeddable":true,"href":"https:\/\/www.europesays.com\/fr\/wp-json\/wp\/v2\/media\/650204"}],"wp:attachment":[{"href":"https:\/\/www.europesays.com\/fr\/wp-json\/wp\/v2\/media?parent=650203"}],"wp:term":[{"taxonomy":"category","embeddable":true,"href":"https:\/\/www.europesays.com\/fr\/wp-json\/wp\/v2\/categories?post=650203"},{"taxonomy":"post_tag","embeddable":true,"href":"https:\/\/www.europesays.com\/fr\/wp-json\/wp\/v2\/tags?post=650203"}],"curies":[{"name":"wp","href":"https:\/\/api.w.org\/{rel}","templated":true}]}}