{"id":650222,"date":"2026-01-08T21:09:15","date_gmt":"2026-01-08T21:09:15","guid":{"rendered":"https:\/\/www.europesays.com\/fr\/650222\/"},"modified":"2026-01-08T21:09:15","modified_gmt":"2026-01-08T21:09:15","slug":"so-floyd-la-legende-pink-floyd-le-15-janvier-au-summum","status":"publish","type":"post","link":"https:\/\/www.europesays.com\/fr\/650222\/","title":{"rendered":"So Floyd. La l\u00e9gende Pink Floyd le 15\u00a0janvier au Summum"},"content":{"rendered":"<p>Apr\u00e8s un immense succ\u00e8s en 2025, le groupe So Floyd repart en tourn\u00e9e avec un concert de deux heures reprenant \u00ab\u00a0\u00e0 la note pr\u00e8s\u00a0\u00bb, le r\u00e9pertoire des Pink Floyd. Un concert en quatre actes qui reprend les inoubliables et incontournables Another Brick in the Wall ou Money , sous des jeux de lumi\u00e8re inspir\u00e9s des grands concerts de l\u2019\u00e9poque.<\/p>\n<p class=\"note\">Concert le jeudi 15\u00a0janvier \u00e0 20\u00a0h au Summum. \u00c0 partir de 59\u20ac.<\/p>\n","protected":false},"excerpt":{"rendered":"Apr\u00e8s un immense succ\u00e8s en 2025, le groupe So Floyd repart en tourn\u00e9e avec un concert de deux&hellip;\n","protected":false},"author":2,"featured_media":650223,"comment_status":"","ping_status":"","sticky":false,"template":"","format":"standard","meta":{"footnotes":""},"categories":[9566],"tags":[1111,11,2430,1687,112,1777,674,1011,27,2731,2732,873,12,25],"class_list":{"0":"post-650222","1":"post","2":"type-post","3":"status-publish","4":"format-standard","5":"has-post-thumbnail","7":"category-grenoble","8":"tag-actu","9":"tag-actualites","10":"tag-auvergne-rhone-alpes","11":"tag-culture-loisirs","12":"tag-edition-grenoble-agglomeration","13":"tag-eu","14":"tag-europe","15":"tag-fr","16":"tag-france","17":"tag-grenoble","18":"tag-grenoble-bassin","19":"tag-musique","20":"tag-news","21":"tag-republique-francaise"},"share_on_mastodon":{"url":"https:\/\/pubeurope.com\/@fr\/115861531320944483","error":""},"_links":{"self":[{"href":"https:\/\/www.europesays.com\/fr\/wp-json\/wp\/v2\/posts\/650222","targetHints":{"allow":["GET"]}}],"collection":[{"href":"https:\/\/www.europesays.com\/fr\/wp-json\/wp\/v2\/posts"}],"about":[{"href":"https:\/\/www.europesays.com\/fr\/wp-json\/wp\/v2\/types\/post"}],"author":[{"embeddable":true,"href":"https:\/\/www.europesays.com\/fr\/wp-json\/wp\/v2\/users\/2"}],"replies":[{"embeddable":true,"href":"https:\/\/www.europesays.com\/fr\/wp-json\/wp\/v2\/comments?post=650222"}],"version-history":[{"count":0,"href":"https:\/\/www.europesays.com\/fr\/wp-json\/wp\/v2\/posts\/650222\/revisions"}],"wp:featuredmedia":[{"embeddable":true,"href":"https:\/\/www.europesays.com\/fr\/wp-json\/wp\/v2\/media\/650223"}],"wp:attachment":[{"href":"https:\/\/www.europesays.com\/fr\/wp-json\/wp\/v2\/media?parent=650222"}],"wp:term":[{"taxonomy":"category","embeddable":true,"href":"https:\/\/www.europesays.com\/fr\/wp-json\/wp\/v2\/categories?post=650222"},{"taxonomy":"post_tag","embeddable":true,"href":"https:\/\/www.europesays.com\/fr\/wp-json\/wp\/v2\/tags?post=650222"}],"curies":[{"name":"wp","href":"https:\/\/api.w.org\/{rel}","templated":true}]}}