{"id":650224,"date":"2026-01-08T21:10:11","date_gmt":"2026-01-08T21:10:11","guid":{"rendered":"https:\/\/www.europesays.com\/fr\/650224\/"},"modified":"2026-01-08T21:10:11","modified_gmt":"2026-01-08T21:10:11","slug":"metropole-de-grenoble-on-va-droit-dans-le-mur-100-des-praticiens-de-la-clinique-des-cedres-en-greve-des-samedi","status":"publish","type":"post","link":"https:\/\/www.europesays.com\/fr\/650224\/","title":{"rendered":"M\u00e9tropole de Grenoble. \u00ab\u00a0On va droit dans le mur\u00a0\u00bb :\u00a0100\u00a0% des praticiens de la clinique des C\u00e8dres en gr\u00e8ve d\u00e8s samedi"},"content":{"rendered":"<p>Ce jeudi en fin d\u2019apr\u00e8s-midi \u00e0 la clinique des C\u00e8dres, les op\u00e9rations s\u2019encha\u00eenent\u00a0: ablation de la prostate, remplacement d\u2019une proth\u00e8se de hanche compl\u00e8te, traitement d\u2019un cancer de l\u2019ut\u00e9rus\u2026 108 interventions ont \u00e9t\u00e9 r\u00e9alis\u00e9es dans la journ\u00e9e. Mais \u00e0 partir de ce samedi 10 janvier \u00e0 8\u00a0h jusqu\u2019au jeudi\u00a015 \u00e0 la m\u00eame heure, les blocs seront vides.<\/p>\n<p>La centaine de praticiens de l\u2019\u00e9tablissement priv\u00e9 \u00e9chirollois sera en gr\u00e8ve\u00a0: la clinique s\u2019associe en effet au mouvement des praticiens lib\u00e9raux. Seule la maternit\u00e9 continuera ses activit\u00e9s et les salari\u00e9s seront \u00e0 leur poste. \u00ab On ne leur demande pas de faire cet effort-l\u00e0\u00a0\u00bb, explique le Dr Guillaume Richalet, PDG de l\u2019\u00e9tablissement. Pour le reste, les interventions sont d\u00e9programm\u00e9es et les urgences passeront en mode d\u00e9grad\u00e9. \u00ab\u00a0On s\u2019attend \u00e0 \u00eatre r\u00e9quisitionn\u00e9s par l\u2019ARS. On traitera les urgences vitales et on assurera la continuit\u00e9 des soins\u00a0\u00bb. Mais c\u2019est tout.<\/p>\n<p>  \u00ab\u00a0On devrait \u00eatre davantage soutenus\u00a0\u00bb<\/p>\n<p>Ce mouvement, d\u2019une ampleur in\u00e9dite, \u00ab\u00a0nous co\u00fbte \u00e9norm\u00e9ment\u00a0\u00bb\u00a0: environ 150\u00a0000\u00a0\u20ac en urgences et 500\u00a0000\u00a0\u20ac pour la chirurgie \u00ab\u00a0en sachant qu\u2019on aura du mal \u00e0 reprogrammer toutes les interventions\u00a0\u00bb. \u00ab\u00a0Le Conseil m\u00e9dical d\u2019\u00e9tablissement, conscient des risques, a act\u00e9 cette gr\u00e8ve parce qu\u2019on est \u00e0 un point de rupture. On doit se faire entendre\u00a0\u00bb.<\/p>\n<p>La clinique ind\u00e9pendante et la F\u00e9d\u00e9ration de l\u2019hospitalisation priv\u00e9e sont sur la m\u00eame ligne\u00a0: \u00ab\u00a0On d\u00e9plore que 50\u00a0% des \u00e9tablissements soient en d\u00e9ficit en 2025. On a des exemples ici\u00a0: <a href=\"https:\/\/www.ledauphine.com\/d\/le-groupe-hospitalier-mutualiste-de-grenoble-dans-la-tourmente-e201a995-de01-43b4-b4a3-4a8cd7048c3b\" target=\"_blank\" rel=\"noopener\">la clinique Mutualiste<\/a> et celle <a href=\"https:\/\/www.ledauphine.com\/d\/les-difficultes-de-la-clinique-de-chartreuse-68532c21-c178-40ae-924a-0096a11f8e81\" target=\"_blank\" rel=\"noopener\"> de Chartreuse<\/a> sont en redressement judiciaire\u00a0\u00bb, pointe le PDG. Qui rappelle que \u00ab\u00a0les \u00e9tablissements priv\u00e9s repr\u00e9sentent 35\u00a0% de l\u2019activit\u00e9 hospitali\u00e8re au niveau national et seulement 18\u00a0% des d\u00e9penses d\u2019Assurance-maladie (AM) int\u00e9grant les honoraires m\u00e9dicaux. On est donc efficients et on devrait \u00eatre davantage soutenus. On est financ\u00e9s par l\u2019AM sur des forfaits de s\u00e9jours hospitaliers qui n\u2019ont pas augment\u00e9 depuis des ann\u00e9es\u00a0alors que l\u2019inflation fait tout flamber. Et le d\u00e9ficit chronique d\u2019un \u00e9tablissement c\u2019est sa mort annonc\u00e9e, puisque contrairement au public, il n\u2019est pas compens\u00e9\u00a0\u00bb.<\/p>\n<p>\u00ab\u00a0On va droit dans le mur\u00a0\u00bb<\/p>\n<p>Les revendications portent sur une augmentation des tarifs hospitaliers a minima de 1\u00a0%, sur une enveloppe de 140\u00a0M\u20ac pour les professionnels de sant\u00e9 salari\u00e9s du priv\u00e9 et le maintien du cadre conventionnel entre m\u00e9decins lib\u00e9raux et l\u2019AM.<\/p>\n<p>Dans les blocs des C\u00e8dres, les m\u00e9decins sont inquiets pour l\u2019avenir\u00a0: le leur oui, mais surtout celui des patients et de la clinique. \u00ab\u00a0Je ne fais pas gr\u00e8ve pour mon salaire, lance Nicolas Tardy, chirurgien orthop\u00e9diste, c\u2019est parce que le syst\u00e8me de sant\u00e9 se casse la gueule. Je veux alerter parce qu\u2019on va droit dans le mur\u00a0\u00bb.<\/p>\n<p>Ces m\u00e9decins lib\u00e9raux se sentent souvent \u00ab\u00a0stigmatis\u00e9s\u00a0\u00bb. \u00ab\u00a0On nous parle de nos compl\u00e9ments (ou d\u00e9passements) d\u2019honoraires. Mais ils ont \u00e9t\u00e9 cr\u00e9\u00e9s pour compenser le fait que la S\u00e9cu n\u2019augmentait pas nos tarifs\u00a0\u00bb, expliquent plusieurs m\u00e9decins. \u00ab\u00a0Ils n\u2019ont pas boug\u00e9 depuis 1975 en gastro-ent\u00e9rologie\u00a0!\u00a0\u00bb, lance Marc Girard, gastro-ent\u00e9rologue. \u00ab\u00a0Les mutuelles doivent aussi jouer leur r\u00f4le et rembourser les patients correctement\u00a0\u00bb, estiment plusieurs professionnels.<\/p>\n<p>\u00ab\u00a0On se bat parce qu\u2019on voudrait que le syst\u00e8me actuel, avec la dualit\u00e9 public\/m\u00e9decine lib\u00e9rale perdure, lancent Fr\u00e9d\u00e9ric Bocqueraz et Ronan Moalic, chirurgiens urologues. Il permet encore aux Fran\u00e7ais de se faire soigner correctement. Si \u00e7a s\u2019effondre, il y aura un r\u00e9el probl\u00e8me d\u2019acc\u00e8s aux soins\u00a0\u00bb. \u00ab\u00a0On refuse de se retrouver avec une m\u00e9decine \u00e0 deux vitesses, conclut le Dr\u00a0 Richalet. Sauf qu\u2019on craint que \u00e7a se termine comme en Angleterre ou m\u00eame \u00e0 l\u2019am\u00e9ricaine o\u00f9 les praticiens choisissent leurs patients selon leur assurance. On ne veut pas de \u00e7a\u00a0\u00bb. Alors, ils seront nombreux, les m\u00e9decins des C\u00e8dres, \u00e0 monter \u00e0 Paris samedi pour manifester et certains s\u2019exileront m\u00eame \u00e0 Bruxelles pour ne pas \u00eatre r\u00e9quisitionn\u00e9s.<\/p>\n","protected":false},"excerpt":{"rendered":"Ce jeudi en fin d\u2019apr\u00e8s-midi \u00e0 la clinique des C\u00e8dres, les op\u00e9rations s\u2019encha\u00eenent\u00a0: ablation de la prostate, remplacement&hellip;\n","protected":false},"author":2,"featured_media":650225,"comment_status":"","ping_status":"","sticky":false,"template":"","format":"standard","meta":{"footnotes":""},"categories":[9566],"tags":[1111,11,2430,9671,9852,9853,112,341,1777,674,1011,27,2731,108,1985,12,316,25,71],"class_list":{"0":"post-650224","1":"post","2":"type-post","3":"status-publish","4":"format-standard","5":"has-post-thumbnail","7":"category-grenoble","8":"tag-actu","9":"tag-actualites","10":"tag-auvergne-rhone-alpes","11":"tag-conflit-social","12":"tag-echirolles","13":"tag-echirolles-bassin","14":"tag-edition-grenoble-agglomeration","15":"tag-emploi","16":"tag-eu","17":"tag-europe","18":"tag-fr","19":"tag-france","20":"tag-grenoble","21":"tag-isere","22":"tag-metropole-de-grenoble","23":"tag-news","24":"tag-politique","25":"tag-republique-francaise","26":"tag-sante"},"share_on_mastodon":{"url":"https:\/\/pubeurope.com\/@fr\/115861535203093351","error":""},"_links":{"self":[{"href":"https:\/\/www.europesays.com\/fr\/wp-json\/wp\/v2\/posts\/650224","targetHints":{"allow":["GET"]}}],"collection":[{"href":"https:\/\/www.europesays.com\/fr\/wp-json\/wp\/v2\/posts"}],"about":[{"href":"https:\/\/www.europesays.com\/fr\/wp-json\/wp\/v2\/types\/post"}],"author":[{"embeddable":true,"href":"https:\/\/www.europesays.com\/fr\/wp-json\/wp\/v2\/users\/2"}],"replies":[{"embeddable":true,"href":"https:\/\/www.europesays.com\/fr\/wp-json\/wp\/v2\/comments?post=650224"}],"version-history":[{"count":0,"href":"https:\/\/www.europesays.com\/fr\/wp-json\/wp\/v2\/posts\/650224\/revisions"}],"wp:featuredmedia":[{"embeddable":true,"href":"https:\/\/www.europesays.com\/fr\/wp-json\/wp\/v2\/media\/650225"}],"wp:attachment":[{"href":"https:\/\/www.europesays.com\/fr\/wp-json\/wp\/v2\/media?parent=650224"}],"wp:term":[{"taxonomy":"category","embeddable":true,"href":"https:\/\/www.europesays.com\/fr\/wp-json\/wp\/v2\/categories?post=650224"},{"taxonomy":"post_tag","embeddable":true,"href":"https:\/\/www.europesays.com\/fr\/wp-json\/wp\/v2\/tags?post=650224"}],"curies":[{"name":"wp","href":"https:\/\/api.w.org\/{rel}","templated":true}]}}