{"id":650226,"date":"2026-01-08T21:11:14","date_gmt":"2026-01-08T21:11:14","guid":{"rendered":"https:\/\/www.europesays.com\/fr\/650226\/"},"modified":"2026-01-08T21:11:14","modified_gmt":"2026-01-08T21:11:14","slug":"mon-fils-etait-frigorifie-des-temperatures-glaciales-enregistrees-dans-certaines-ecoles-de-rennes-cette-semaine","status":"publish","type":"post","link":"https:\/\/www.europesays.com\/fr\/650226\/","title":{"rendered":"\u00ab\u00a0Mon fils \u00e9tait frigorifi\u00e9\u00a0\u00bb\u00a0: des temp\u00e9ratures glaciales enregistr\u00e9es dans certaines \u00e9coles de Rennes cette semaine"},"content":{"rendered":"<p>La rentr\u00e9e scolaire a pris une tournure glaciale \u00e0 l\u2019\u00e9cole Torign\u00e9, dans le quartier du Blosne, lundi 5 janvier. \u00c0 leur arriv\u00e9e, les familles ont \u00e9t\u00e9 inform\u00e9es que les temp\u00e9ratures \u00e0 l\u2019int\u00e9rieur des locaux \u00e9taient anormalement basses, et ont \u00e9t\u00e9 incit\u00e9es par les personnels \u00e9ducatifs \u00e0 ramener leurs enfants \u00e0 la maison. En cause : des probl\u00e8mes techniques rencontr\u00e9s par le prestataire Engie sur le r\u00e9seau de chaleur urbain desservant le quartier.<\/p>\n<p>Chauffages d\u2019appoint suppl\u00e9mentaires<\/p>\n<p>\u00ab Quand j\u2019ai amen\u00e9 ma fille \u00e0 l\u2019\u00e9cole lundi matin, je n\u2019ai pas pu la laisser \u00bb, confie Ourdia, m\u00e8re d\u2019une petite fille scolaris\u00e9e en maternelle. \u00ab Il faisait trop froid, elle est rentr\u00e9e avec moi \u00bb. Toutes les familles n\u2019ont pas pu s\u2019organiser de cette fa\u00e7on. \u00ab Mon fils a d\u00fb garder son manteau et son \u00e9charpe \u00e0 l\u2018\u00e9cole \u00bb, d\u00e9plore Walid. \u00ab Je ne sais pas quelle temp\u00e9rature il faisait, mais il \u00e9tait frigorifi\u00e9 \u00bb.<\/p>\n<blockquote><p>On ne sait pas du tout quand la situation va se d\u00e9canter<\/p><\/blockquote>\n<p>Face \u00e0 l\u2019urgence, la ville de Rennes a proc\u00e9d\u00e9 ce jeudi matin \u00e0 la livraison de chauffages d\u2019appoint suppl\u00e9mentaires dans l\u2019\u00e9tablissement. Les \u00e9l\u00e8ves pr\u00e9sents ont \u00e9t\u00e9 regroup\u00e9s dans les quelques salles de classe correctement chauff\u00e9es. \u00ab On a essay\u00e9 d\u2019am\u00e9nager au mieux pour assurer la continuit\u00e9 de l\u2019enseignement \u00bb, explique une membre de l\u2019\u00e9quipe \u00e9ducative sous couvert d\u2019anonymat \u00bb. Maintenant on attend des r\u00e9ponses d\u2019Engie. On ne sait pas du tout quand la situation va se d\u00e9canter. \u00c7a sera peut-\u00eatre demain\u2026 ou dans trois semaines \u00bb.<\/p>\n<p>Plusieurs \u00e9tablissements concern\u00e9s<\/p>\n<p>L\u2019\u00e9cole Torign\u00e9 n\u2019est pas un cas isol\u00e9. Contact\u00e9e par Le T\u00e9l\u00e9gramme, la municipalit\u00e9 pr\u00e9cise que cinq \u00e9tablissements sur les 89 que compte la ville ont \u00e9t\u00e9 touch\u00e9s par des pannes ou des difficult\u00e9s de chauffe lors de cette reprise apr\u00e8s les vacances de No\u00ebl. \u00ab Les \u00e9quipes de la Ville se sont rapidement mobilis\u00e9es pour proc\u00e9der aux r\u00e9parations n\u00e9cessaires et fournir aux classes concern\u00e9es des chauffages d\u2019appoint \u00bb, indique la mairie.<\/p>\n<p>Les causes de ces incidents varient selon les \u00e9tablissements. \u00c0 l\u2019\u00e9cole Contour Saint-Aubin, la mont\u00e9e en temp\u00e9rature a \u00e9t\u00e9 frein\u00e9e par la \u00ab rudesse du froid \u00bb, tandis qu\u2019\u00e0 l\u2019\u00e9cole Camille-Claudel, ce sont des travaux sur le site voisin de l\u2019Institut d\u2019\u00c9tudes Politiques qui ont perturb\u00e9 le r\u00e9seau. Des infiltrations d\u2019eau ont caus\u00e9 une panne \u00e9lectrique \u00e0 Jean-Rostand, alors qu\u2019un probl\u00e8me localis\u00e9 a impact\u00e9 une classe \u00e0 l\u2019\u00e9cole Guillevic. Mercredi matin, c\u2019est le syst\u00e8me de chauffage de l\u2019\u00e9cole Nelson-Mandela qui a montr\u00e9 des signes de faiblesse.<\/p>\n<p>Des b\u00e2timents v\u00e9tustes<\/p>\n<p>Une situation qui interpelle les organisations syndicales. \u00ab Faire tourner autant de chauffages d\u2019appoint pour chauffer des \u00e9coles, c\u2019est malheureusement un gouffre \u00e9nerg\u00e9tique \u00bb, note Emmanuelle Maray, secr\u00e9taire d\u00e9partementale du syndicat SNUIPP FSU en Ille-et-Vilaine. \u00ab La semaine n\u2019a pas \u00e9t\u00e9 \u00e9vidente. Quand on arrive dans une classe o\u00f9 il fait 6 degr\u00e9s, c\u2019est compliqu\u00e9. Heureusement, les familles ont compris le probl\u00e8me et les enfants ont pu \u00eatre gard\u00e9s chez eux quand c\u2019\u00e9tait possible. \u00c7a a fait moins de salles \u00e0 chauffer aux chauffages d\u2019appoint. M\u00eame si \u00e7a n\u2019\u00e9tait pas id\u00e9al, des solutions ont toujours \u00e9t\u00e9 trouv\u00e9es \u00bb.<\/p>\n<p>Un certain manque d\u2019anticipation est quand m\u00eame mis en cause, notamment \u00e0 l\u2019\u00e9cole Contour Saint-Aubin o\u00f9 le chauffage n\u2019a \u00e9t\u00e9 relanc\u00e9 que quelques heures avant l\u2019arriv\u00e9e des \u00e9l\u00e8ves. Un d\u00e9lai jug\u00e9 insuffisant pour un b\u00e2timent v\u00e9tuste et mal isol\u00e9. \u00ab Il aurait fallu faire \u00e7a la veille \u00bb, estime Emmanuelle Maray. \u00ab La r\u00e9novation des b\u00e2timents anciens est un vrai sujet. L\u2019\u00e9t\u00e9, il y a aussi un probl\u00e8me avec les fortes chaleurs. Tout ne peut pas \u00eatre r\u00e9nov\u00e9 en m\u00eame temps, mais c\u2019est une grande priorit\u00e9 pour la Ville \u00bb.<\/p>\n","protected":false},"excerpt":{"rendered":"La rentr\u00e9e scolaire a pris une tournure glaciale \u00e0 l\u2019\u00e9cole Torign\u00e9, dans le quartier du Blosne, lundi 5&hellip;\n","protected":false},"author":2,"featured_media":650227,"comment_status":"","ping_status":"","sticky":false,"template":"","format":"standard","meta":{"footnotes":""},"categories":[2821],"tags":[1111,11,829,1777,674,1011,27,848,12,584,25],"class_list":{"0":"post-650226","1":"post","2":"type-post","3":"status-publish","4":"format-standard","5":"has-post-thumbnail","7":"category-rennes","8":"tag-actu","9":"tag-actualites","10":"tag-bretagne","11":"tag-eu","12":"tag-europe","13":"tag-fr","14":"tag-france","15":"tag-ille-et-vilaine","16":"tag-news","17":"tag-rennes","18":"tag-republique-francaise"},"share_on_mastodon":{"url":"https:\/\/pubeurope.com\/@fr\/115861539129337297","error":""},"_links":{"self":[{"href":"https:\/\/www.europesays.com\/fr\/wp-json\/wp\/v2\/posts\/650226","targetHints":{"allow":["GET"]}}],"collection":[{"href":"https:\/\/www.europesays.com\/fr\/wp-json\/wp\/v2\/posts"}],"about":[{"href":"https:\/\/www.europesays.com\/fr\/wp-json\/wp\/v2\/types\/post"}],"author":[{"embeddable":true,"href":"https:\/\/www.europesays.com\/fr\/wp-json\/wp\/v2\/users\/2"}],"replies":[{"embeddable":true,"href":"https:\/\/www.europesays.com\/fr\/wp-json\/wp\/v2\/comments?post=650226"}],"version-history":[{"count":0,"href":"https:\/\/www.europesays.com\/fr\/wp-json\/wp\/v2\/posts\/650226\/revisions"}],"wp:featuredmedia":[{"embeddable":true,"href":"https:\/\/www.europesays.com\/fr\/wp-json\/wp\/v2\/media\/650227"}],"wp:attachment":[{"href":"https:\/\/www.europesays.com\/fr\/wp-json\/wp\/v2\/media?parent=650226"}],"wp:term":[{"taxonomy":"category","embeddable":true,"href":"https:\/\/www.europesays.com\/fr\/wp-json\/wp\/v2\/categories?post=650226"},{"taxonomy":"post_tag","embeddable":true,"href":"https:\/\/www.europesays.com\/fr\/wp-json\/wp\/v2\/tags?post=650226"}],"curies":[{"name":"wp","href":"https:\/\/api.w.org\/{rel}","templated":true}]}}