{"id":650228,"date":"2026-01-08T21:12:24","date_gmt":"2026-01-08T21:12:24","guid":{"rendered":"https:\/\/www.europesays.com\/fr\/650228\/"},"modified":"2026-01-08T21:12:24","modified_gmt":"2026-01-08T21:12:24","slug":"cette-ville-touchee-par-un-troisieme-feu-en-une-semaine","status":"publish","type":"post","link":"https:\/\/www.europesays.com\/fr\/650228\/","title":{"rendered":"cette ville touch\u00e9e par un troisi\u00e8me feu en une semaine"},"content":{"rendered":"<p>                    Par<br \/>\n        <strong><br \/>\n            <a href=\"https:\/\/actu.fr\/auteur\/maxime-turberville\" title=\"Consulter tous les articles de Maxime Turberville\" target=\"_blank\" rel=\"noopener\">Maxime Turberville<\/a><br \/>\n                    <\/strong><\/p>\n<p>        Publi\u00e9 le<\/p>\n<p>            8 janv. 2026 \u00e0 18h50        <\/p>\n<p>Le <b>centre-ville de Ch\u00e2teaugiron<\/b> (Ille-et-Vilaine) a \u00e9t\u00e9 touch\u00e9 par un <b>nouvel incendie<\/b>, mercredi 7\u00a0janvier 2026. Vers 18\u2009h\u200930, un feu s\u2019est d\u00e9clar\u00e9 dans la <b>chemin\u00e9e d\u2019une habitation <\/b>comme le signalent nos confr\u00e8res de <a href=\"https:\/\/www.ouest-france.fr\/bretagne\/chateaugiron-35410\/un-incendie-se-declare-dans-une-habitation-du-centre-ancien-de-chateaugiron-vingt-sapeurs-pompiers-mobilises-94c2e5a0-ebfd-11f0-a887-2a4cc40b8e21\" target=\"_blank\" rel=\"noopener\">Ouest-France<\/a>.<\/p>\n<p class=\" wall-content\">Une <b>vingtaine de sapeurs-pompiers<\/b> sont intervenus.<\/p>\n<p>Deux occupants \u00e0 l\u2019int\u00e9rieur<\/p>\n<p class=\" wall-content\">L\u2019incendie est survenu au deuxi\u00e8me \u00e9tage de l\u2019habitation, situ\u00e9e rue de la Madeleine. Il a \u00e9t\u00e9 rapidement ma\u00eetris\u00e9 par les soldats du feu, pr\u00e9sents au nombre d\u2019une vingtaine.<\/p>\n<p class=\" wall-content\">Les <b>deux occupants<\/b> ont \u00e9t\u00e9 pris en charge par les secours. Ils ne sont pas bless\u00e9s. Une femme a \u00e9t\u00e9 transport\u00e9e \u00e0 l\u2019h\u00f4pital, en <b>\u00e9tat de choc<\/b>.<\/p>\n<p class=\" wall-content\">\u00ab\u2009J\u2019ai h\u00e9berg\u00e9 son fils\u2009\u00bb, pr\u00e9cise <b>Anne-Marie Echelard<\/b>, \u00e9lue d\u2019astreinte \u00e0 la Ville de Ch\u00e2teaugiron.<\/p>\n<p>Vid\u00e9os : en ce moment sur Actu<\/p>\n<p class=\" wall-content\">Cette derni\u00e8re salue l\u2019engagement des sapeurs-pompiers et des gendarmes lors de cette intervention.<\/p>\n<p class=\" wall-content\">\u00ab\u2009Il y a eu une belle cha\u00eene avec les \u00e9lus\u2009\u00bb, tient \u00e0 souligner la candidate \u00e0 la mairie lors des <a href=\"https:\/\/actu.fr\/bretagne\/chateaugiron_35069\/municipales-2026-a-chateaugiron-qui-est-anne-marie-echelard-candidate-a-la-mairie_63550745.html\" target=\"_blank\" rel=\"noopener\">prochaines \u00e9lections municipales<\/a>.<\/p>\n<p>Votre r\u00e9gion, votre actu !<\/p>\n<p>Recevez chaque jour les infos qui comptent pour vous.<\/p>\n<p>\t<a href=\"https:\/\/actu.fr\/newsletter\" class=\"ac-btn ac-btn--corner ac-btn--medium ac-btn--blue800\" target=\"_blank\" rel=\"noopener\">S&rsquo;incrire<\/a><br \/>\nTroisi\u00e8me incendie en quelques jours<\/p>\n<p class=\" wall-content\">C\u2019est la troisi\u00e8me fois en quelques jours que le centre-ville de Ch\u00e2teaugiron subit un incendie.<\/p>\n<p class=\" wall-content\">Un feu s\u2019\u00e9tait d\u00e9clar\u00e9 dans la nuit du lundi\u00a029 au mardi 30\u00a0d\u00e9cembre 2025, dans une habitation. <a href=\"https:\/\/actu.fr\/bretagne\/chateaugiron_35069\/incendie-en-ille-et-vilaine-un-homme-de-68-ans-meurt-dans-une-habitation-de-centre-ville_63633431.html\" target=\"_blank\" rel=\"noopener\">Un homme de 67\u00a0ans est d\u00e9c\u00e9d\u00e9<\/a>.<\/p>\n<p class=\" wall-content\">Puis le lendemain, dans la nuit du mardi\u00a030 au mercredi 31\u00a0d\u00e9cembre, <a href=\"https:\/\/actu.fr\/bretagne\/chateaugiron_35069\/incendie-en-ille-et-vilaine-trois-maisons-touchees-en-plein-centre-ville-88-pompiers-mobilises_63638982.html\" target=\"_blank\" rel=\"noopener\">trois maisons avaient \u00e9t\u00e9 touch\u00e9es et 88 sapeurs-pompiers<\/a> \u00e9taient intervenus lors d\u2019un deuxi\u00e8me feu. Aucun habitant n\u2019avait \u00e9t\u00e9 bless\u00e9.<\/p>\n<p class=\" wall-content\">Ce troisi\u00e8me fait, une semaine plus tard, interpelle. Mais Anne-Marie Echelard veut rassurer.<\/p>\n<p class=\" wall-content\">\u00ab\u2009Ces trois incendies sont vraiment ind\u00e9pendants. \u00c0 chaque fois, le contexte est diff\u00e9rent.\u2009\u00bb<\/p>\n<p class=\" wall-content\">Personnalisez votre actualit\u00e9 en ajoutant vos villes et m\u00e9dias en favori avec <a href=\"https:\/\/moncompte.actu.fr\" title=\"D\u00e9couvez Mon Actu\" rel=\"nofollow noopener\" data-trk=\"{&quot;cta&quot;:{&quot;action&quot;:&quot;https:\\\/\\\/moncompte.actu.fr&quot;,&quot;category&quot;:&quot;mon compte&quot;,&quot;from&quot;:&quot;article footer&quot;,&quot;name&quot;:&quot;Mon actu&quot;,&quot;type&quot;:&quot;cta&quot;}}\" target=\"_blank\">Mon Actu<\/a>.<\/p>\n","protected":false},"excerpt":{"rendered":"Par Maxime Turberville Publi\u00e9 le 8 janv. 2026 \u00e0 18h50 Le centre-ville de Ch\u00e2teaugiron (Ille-et-Vilaine) a \u00e9t\u00e9 touch\u00e9&hellip;\n","protected":false},"author":2,"featured_media":650229,"comment_status":"","ping_status":"","sticky":false,"template":"","format":"standard","meta":{"footnotes":""},"categories":[2821],"tags":[1111,11,829,1777,674,118,1011,27,1310,12,584,25],"class_list":{"0":"post-650228","1":"post","2":"type-post","3":"status-publish","4":"format-standard","5":"has-post-thumbnail","7":"category-rennes","8":"tag-actu","9":"tag-actualites","10":"tag-bretagne","11":"tag-eu","12":"tag-europe","13":"tag-faits-divers","14":"tag-fr","15":"tag-france","16":"tag-incendie","17":"tag-news","18":"tag-rennes","19":"tag-republique-francaise"},"share_on_mastodon":{"url":"https:\/\/pubeurope.com\/@fr\/115861543067961442","error":""},"_links":{"self":[{"href":"https:\/\/www.europesays.com\/fr\/wp-json\/wp\/v2\/posts\/650228","targetHints":{"allow":["GET"]}}],"collection":[{"href":"https:\/\/www.europesays.com\/fr\/wp-json\/wp\/v2\/posts"}],"about":[{"href":"https:\/\/www.europesays.com\/fr\/wp-json\/wp\/v2\/types\/post"}],"author":[{"embeddable":true,"href":"https:\/\/www.europesays.com\/fr\/wp-json\/wp\/v2\/users\/2"}],"replies":[{"embeddable":true,"href":"https:\/\/www.europesays.com\/fr\/wp-json\/wp\/v2\/comments?post=650228"}],"version-history":[{"count":0,"href":"https:\/\/www.europesays.com\/fr\/wp-json\/wp\/v2\/posts\/650228\/revisions"}],"wp:featuredmedia":[{"embeddable":true,"href":"https:\/\/www.europesays.com\/fr\/wp-json\/wp\/v2\/media\/650229"}],"wp:attachment":[{"href":"https:\/\/www.europesays.com\/fr\/wp-json\/wp\/v2\/media?parent=650228"}],"wp:term":[{"taxonomy":"category","embeddable":true,"href":"https:\/\/www.europesays.com\/fr\/wp-json\/wp\/v2\/categories?post=650228"},{"taxonomy":"post_tag","embeddable":true,"href":"https:\/\/www.europesays.com\/fr\/wp-json\/wp\/v2\/tags?post=650228"}],"curies":[{"name":"wp","href":"https:\/\/api.w.org\/{rel}","templated":true}]}}