{"id":650256,"date":"2026-01-08T21:26:17","date_gmt":"2026-01-08T21:26:17","guid":{"rendered":"https:\/\/www.europesays.com\/fr\/650256\/"},"modified":"2026-01-08T21:26:17","modified_gmt":"2026-01-08T21:26:17","slug":"en-direct-football-le-paris-saint-germain-remporte-aux-tirs-au-but-le-trophee-des-champions-face-a-lom","status":"publish","type":"post","link":"https:\/\/www.europesays.com\/fr\/650256\/","title":{"rendered":"En direct Football. Le Paris Saint-Germain remporte aux tirs au but le Troph\u00e9e des champions face \u00e0 l&rsquo;OM"},"content":{"rendered":"<p>Le Paris Saint-Germain a d\u00e9croch\u00e9 son premier titre de l&rsquo;ann\u00e9e, jeudi, gr\u00e2ce \u00e0 sa victoire contre l&rsquo;Olympique de Marseille lors du<a href=\"https:\/\/www.ledauphine.com\/sport\/2026\/01\/08\/trophee-des-champions-enfin-un-titre-pour-l-om-ou-un-enieme-pour-le-psg\" target=\"_blank\" rel=\"noopener\">\u00a0Troph\u00e9e des champions, d\u00e9localis\u00e9 au Kowe\u00eft<\/a>.\u00a0<\/p>\n<p>L&rsquo;OM avait l&rsquo;opportunit\u00e9 de mettre fin \u00e0 une longue disette\u00a0: le dernier titre du club phoc\u00e9en remonte \u00e0 2012, et une Coupe de la Ligue.\u00a0Apr\u00e8s l&rsquo;ouverture du score d&rsquo;Ousmane Demb\u00e9l\u00e9 (13e), Mason Greenwood a \u00e9galis\u00e9 sur p\u00e9nalty pour l&rsquo;OM (76e) avant que le Parisien Willian Pacho marque contre son camp, mis sous pression par Pierre-Emerick Aubameyang (87e).<\/p>\n<p>Courageux et coh\u00e9rents face aux insatiables champions d&rsquo;Europe, les Marseillais n&rsquo;auraient donc vraiment pas vol\u00e9 ce titre apr\u00e8s lequel ils courent toujours, d\u00e9sormais depuis pr\u00e8s de 14 ans. Mais dans les derniers instants, ils ont craqu\u00e9 et Paris de son c\u00f4t\u00e9 n&rsquo;a jamais renonc\u00e9, ce n&rsquo;est pas le genre de la maison.<\/p>\n<p>14e Troph\u00e9e des champions pour Paris<\/p>\n<p>Apr\u00e8s quatre des six minutes de temps additionnel, alors que tout le staff et les rempla\u00e7ants de l&rsquo;OM \u00e9taient pr\u00eats \u00e0 exulter, tout le PSG s&rsquo;est en effet ru\u00e9 \u00e0 l&rsquo;attaque et Gon\u00e7alo Ramos a marqu\u00e9 sur une jolie remise de Bradley Barcola de la t\u00eate (90e+5). Ensuite, la s\u00e9ance de tirs au but, nouvelle sp\u00e9cialit\u00e9 parisienne depuis quelques mois (cinq victoires cons\u00e9cutives), avait des airs d&rsquo;in\u00e9luctable. Lucas Chevalier, protagoniste majeur de ce match, a sorti les frappes de Matt O&rsquo;Riley et Hamed Traor\u00e9, alors que Geronimo Rulli n&rsquo;a pu que toucher celles de Vitinha et Nuno Mendes.<\/p>\n<p>Et c&rsquo;est finalement D\u00e9sir\u00e9 Dou\u00e9 qui a conclu la partie, offrant au PSG un nouveau titre et au capitaine Marquinhos une nouvelle coupe \u00e0 soulever, prolongeant au passage l&rsquo;interminable disette du vieux rival.\u00a0Le club de la capitale avait rafl\u00e9 six titres en 2025, en voil\u00e0 un premier en 2026. Quant au Troph\u00e9e des champions, c&rsquo;est la 14e fois qu&rsquo;il finit dans la vaste vitrine parisienne, la 12e lors des 13 derni\u00e8res \u00e9ditions.<\/p>\n<p><strong>Revivez le Troph\u00e9e des champions :<\/strong><\/p>\n","protected":false},"excerpt":{"rendered":"Le Paris Saint-Germain a d\u00e9croch\u00e9 son premier titre de l&rsquo;ann\u00e9e, jeudi, gr\u00e2ce \u00e0 sa victoire contre l&rsquo;Olympique de&hellip;\n","protected":false},"author":2,"featured_media":650257,"comment_status":"","ping_status":"","sticky":false,"template":"","format":"standard","meta":{"footnotes":""},"categories":[2814],"tags":[1111,11,3545,1777,674,107,1701,63,1011,27,884,12,882,25,517,1947],"class_list":{"0":"post-650256","1":"post","2":"type-post","3":"status-publish","4":"format-standard","5":"has-post-thumbnail","7":"category-marseille","8":"tag-actu","9":"tag-actualites","10":"tag-direct-sport","11":"tag-eu","12":"tag-europe","13":"tag-fil-info","14":"tag-fil-info-sport","15":"tag-football","16":"tag-fr","17":"tag-france","18":"tag-marseille","19":"tag-news","20":"tag-provence-alpes-cote-dazur","21":"tag-republique-francaise","22":"tag-sport","23":"tag-sport-national"},"share_on_mastodon":{"url":"https:\/\/pubeurope.com\/@fr\/115861598070810329","error":""},"_links":{"self":[{"href":"https:\/\/www.europesays.com\/fr\/wp-json\/wp\/v2\/posts\/650256","targetHints":{"allow":["GET"]}}],"collection":[{"href":"https:\/\/www.europesays.com\/fr\/wp-json\/wp\/v2\/posts"}],"about":[{"href":"https:\/\/www.europesays.com\/fr\/wp-json\/wp\/v2\/types\/post"}],"author":[{"embeddable":true,"href":"https:\/\/www.europesays.com\/fr\/wp-json\/wp\/v2\/users\/2"}],"replies":[{"embeddable":true,"href":"https:\/\/www.europesays.com\/fr\/wp-json\/wp\/v2\/comments?post=650256"}],"version-history":[{"count":0,"href":"https:\/\/www.europesays.com\/fr\/wp-json\/wp\/v2\/posts\/650256\/revisions"}],"wp:featuredmedia":[{"embeddable":true,"href":"https:\/\/www.europesays.com\/fr\/wp-json\/wp\/v2\/media\/650257"}],"wp:attachment":[{"href":"https:\/\/www.europesays.com\/fr\/wp-json\/wp\/v2\/media?parent=650256"}],"wp:term":[{"taxonomy":"category","embeddable":true,"href":"https:\/\/www.europesays.com\/fr\/wp-json\/wp\/v2\/categories?post=650256"},{"taxonomy":"post_tag","embeddable":true,"href":"https:\/\/www.europesays.com\/fr\/wp-json\/wp\/v2\/tags?post=650256"}],"curies":[{"name":"wp","href":"https:\/\/api.w.org\/{rel}","templated":true}]}}