{"id":650266,"date":"2026-01-08T21:32:16","date_gmt":"2026-01-08T21:32:16","guid":{"rendered":"https:\/\/www.europesays.com\/fr\/650266\/"},"modified":"2026-01-08T21:32:16","modified_gmt":"2026-01-08T21:32:16","slug":"la-course-effrenee-aux-datacenters-est-incompatible-avec-laccord-de-paris-previent-lademe","status":"publish","type":"post","link":"https:\/\/www.europesays.com\/fr\/650266\/","title":{"rendered":"La course effr\u00e9n\u00e9e aux datacenters est \u201cincompatible avec l\u2019accord de Paris\u201d, pr\u00e9vient l\u2019Ademe"},"content":{"rendered":"<p class=\"ed__a-p ed__bdy__l\"><img loading=\"lazy\" decoding=\"async\" src=\"data:image\/svg+xml,%3Csvg xmlns='http:\/\/www.w3.org\/2000\/svg'%3E%3C\/svg%3E\" draggable=\"false\" width=\"1920\" height=\"1080\" class=\"ed__title-xxs\" alt=\"Une photo du Paris Digital Park\" style=\"background-color: #f2f2f2; aspect-ratio:1920\/1080;\"\/><\/p>\n<p>Le Paris Digital Park, immense centre de donn\u00e9es situ\u00e9 en Seine\u2013Saint-Denis<\/p>\n<p>\u00a9 D\u00e9partement de la Seine\u2013Saint-Denis<\/p>\n<\/p>\n<p class=\"ed__a-p ed__bdy__l\">Au fur et \u00e0 mesure que nos vies se num\u00e9risent, les centres de donn\u00e9es sont devenus \u00ab\u00a0des infrastructures strat\u00e9giques comparables \u00e0 des r\u00e9seaux routiers ou \u00e9lectriques\u00a0\u00bb. Mais ces indispensables fondations de l\u2019Internet moderne ont aussi un impact sur l\u2019environnement, nos ressources et sur notre consommation \u00e9lectrique.<\/p>\n<p>            Publicit\u00e9, votre contenu continue ci-dessous<\/p>\n<p>            Publicit\u00e9<\/p>\n<p class=\"ed__a-p ed__bdy__l\">C\u2019est pr\u00e9cis\u00e9ment ce qu\u2019a voulu chiffrer l\u2019Ademe <a href=\"https:\/\/librairie.ademe.fr\/energies\/8910-10774-prospective-d-evolution-des-consommations-des-data-centers-a-court-moyen-et-long-terme-de-2024-a-2060.html#\/44-type_de_produit-format_electronique\" target=\"_blank\" rel=\"nofollow noopener\">dans son imposant rapport de deux cents et quelques pages publi\u00e9 ce 6\u00a0janvier dernier<\/a>. Apr\u00e8s avoir fait un inventaire exhaustif du nombre de centres de donn\u00e9es pr\u00e9sent en France, l\u2019agence fait ensuite des projections sur ce que ces g\u00e9ants de silicium pourraient bien consommer demain.<\/p>\n<p>Une consommation multipli\u00e9e par 4 d\u2019ici 10 ans<\/p>\n<p class=\"ed__a-p ed__bdy__l\">En tout, l\u2019Ademe a donc recens\u00e9 352\u00a0centres de donn\u00e9es actifs sur le territoire. Ces derniers ont consomm\u00e9, en 2024, un peu moins de dix t\u00e9rawattheures, soit l\u2019\u00e9quivalent de la consommation de 12\u00a0millions de foyers fran\u00e7ais et moins de 3\u00a0% de la consommation \u00e9lectrique annuelle totale du pays (situ\u00e9 autour de 440\u00a0TWh).<\/p>\n<p class=\"ed__a-p ed__bdy__l\">Mais ce chiffre n\u2019int\u00e8gre que les serveurs situ\u00e9s sur notre territoire et ne prend pas en compte la consommation \u00ab\u00a0import\u00e9\u00a0\u00bb due \u00e0 l\u2019utilisation de datacenters hors de nos fronti\u00e8res. Cette derni\u00e8re repr\u00e9sente pourtant une \u00e9norme part de nos usages avec presque 14\u00a0TWh consomm\u00e9s en 2024. Pour comparaison, ce chiffre correspond \u00e0 peu pr\u00e8s \u00e0 la production annuelle d\u2019une centrale nucl\u00e9aire comme celle de Flamanville.<\/p>\n<p>\n                                                                Article recommand\u00e9\u00a0:\u00a0\n    <\/p>\n<p class=\"ed__a-p ed__bdy__l\">Mais l\u00e0 o\u00f9 l\u2019Ademe tire vraiment la sonnette d\u2019alarme, c\u2019est sur le futur de cette industrie. En continuant sur cette lanc\u00e9e, d&rsquo;ici \u00e0 2035 \u00ab\u00a0la consommation \u00e9lectrique des centres de donn\u00e9es risque d\u2019\u00eatre multipli\u00e9e par 3,7 rien que sur le territoire fran\u00e7ais, et multipli\u00e9e par 4,4 si on tient compte de la consommation \u00e9lectrique des centres de donn\u00e9es \u00e0 l\u2019\u00e9tranger\u00a0\u00bb. Or, le d\u00e9veloppement \u00e0 tout crin de ce type d\u2019infrastructure pose de nombreuses questions.<\/p>\n<p>            Publicit\u00e9, votre contenu continue ci-dessous<\/p>\n<p>            Publicit\u00e9<\/p>\n<p>L&rsquo;\u00cele-de-France, championne des datacenters<\/p>\n<p class=\"ed__a-p ed__bdy__l\">Les \u00e9missions de gaz \u00e0 effet de serre du secteur pourraient ainsi \u00eatre multipli\u00e9es par 3,2 d\u2019ici \u00e0 2035 (23,44 Mt\u00a0CO2eq) et m\u00eame par 7,6 en 2050 (55,63 Mt\u00a0CO2eq). Des chiffres respectivement similaires aux \u00e9missions annuelles actuelles d\u2019un pays comme la Jordanie ou l\u2019Autriche. Une trajectoire \u00ab\u00a0mena\u00e7ant la tenue des engagements environnementaux\u00a0\u00bb et \u00ab\u00a0incompatibles avec l\u2019Accord de Paris\u00a0\u00bb synth\u00e9tise l\u2019Ademe. Mais ce n\u2019est pas tout.<\/p>\n<p class=\"ed__a-p ed__bdy__l\">Les centres de donn\u00e9es sont aussi tr\u00e8s in\u00e9galement r\u00e9partis sur le territoire avec \u00ab\u00a0une tr\u00e8s forte logique de concentration, exceptionnelle compar\u00e9e \u00e0 d\u2019autres secteurs\u00a0\u00bb, d\u00e9taille le rapport. L\u2019\u00cele-de-France collectionne 42\u00a0% des datacenters actifs dans le pays et compte pour 70\u00a0% de la consommation totale du secteur. De tr\u00e8s nombreux autres projets sont d\u2019ailleurs sur les rails, comme le pointe le journal Reporterre. De quoi cr\u00e9er des interrogations sur le futur fl\u00e9chage des capacit\u00e9s \u00e9nerg\u00e9tiques indispensable \u00e0 la transition \u00e9cologique.<\/p>\n<p class=\"ed__a-p ed__bdy__l\"><img loading=\"lazy\" decoding=\"async\" src=\"data:image\/svg+xml,%3Csvg xmlns='http:\/\/www.w3.org\/2000\/svg'%3E%3C\/svg%3E\" draggable=\"false\" width=\"873\" height=\"518\" class=\"ed__title-xxs\" alt=\"Un graphique en camembert pr\u00e9cisant la r\u00e9partition des centres de donn\u00e9es sur le territoire. L'\u00cele-de-France concentre 42%, loin devant toutes les autres r\u00e9gions.\" style=\"background-color: #f2f2f2; aspect-ratio:873\/518;\"\/><\/p>\n<p>R\u00e9partition des centres de donn\u00e9es actuels sur le territoire<\/p>\n<p>\u00a9 Ademe<\/p>\n<\/p>\n<p class=\"ed__a-p ed__bdy__l\">De plus, l\u2019agence de la transition \u00e9cologique note que ce ph\u00e9nom\u00e8ne de concentration cr\u00e9e des probl\u00e9matiques \u00ab\u00a0en termes de congestion \u00e9lectrique, de sp\u00e9cialisation \u00e9conomique, de paysage monofonctionnel, de faible densit\u00e9 d\u2019emplois\u2026\u00a0\u00bb<\/p>\n<p>Et l\u2019IA dans tout \u00e7a\u2009?<\/p>\n<p class=\"ed__a-p ed__bdy__l\">Impossible, en 2025, de parler de centres de donn\u00e9es sans parler d\u2019IA, puisque c\u2019est pr\u00e9cis\u00e9ment ce secteur qui a donn\u00e9 un s\u00e9rieux coup de fouet au d\u00e9ploiement des fermes de serveurs en France. Malheureusement, comme le souligne l\u2019Ademe, \u00ab\u00a0ce secteur en pleine expansion se caract\u00e9rise par une opacit\u00e9 des donn\u00e9es encore plus marqu\u00e9e que celle du num\u00e9rique classique\u00a0\u00bb. Difficile donc d\u2019\u00e9tablir une \u00e9valuation objective sur l\u2019impact des ChatGPT et consorts sur la consommation \u00e9lectrique du pays.<\/p>\n<p>            Publicit\u00e9, votre contenu continue ci-dessous<\/p>\n<p>            Publicit\u00e9<\/p>\n<p class=\"ed__a-p ed__bdy__l\">Selon certaines \u00e9tudes, aux \u00c9tats-Unis, les centres de donn\u00e9es d\u00e9di\u00e9s \u00e0 l\u2019intelligence artificielle g\u00e9n\u00e9rative repr\u00e9senteraient \u00ab\u00a0environ 40\u00a0% de la consommation totale des centres de donn\u00e9es sur le territoire\u00a0\u00bb. En partant du principe qu\u2019une bonne partie de cette consommation \u00e9lectrique est due \u00e0 l\u2019usage d\u2019internautes hors des fronti\u00e8res am\u00e9ricaines, l\u2019Ademe estime que \u00ab\u00a03,3 TWh [sont] consomm\u00e9s par les centres de donn\u00e9es d\u00e9di\u00e9s \u00e0 l\u2019IA g\u00e9n\u00e9rative pour un usage fran\u00e7ais\u00a0\u00bb. Un calcul n\u00e9cessairement imparfait en raison de l\u2019absence de transparence du secteur.<\/p>\n<blockquote class=\"ed__a-bq ed__bdy__l\">\n<p>Ce secteur en pleine expansion se caract\u00e9rise par une opacit\u00e9 des donn\u00e9es encore plus marqu\u00e9e que celle du num\u00e9rique classique<\/p>\n<p>Ademe<\/p><\/blockquote>\n<p class=\"ed__a-p ed__bdy__l\">\u00c0 noter tout de m\u00eame que le d\u00e9veloppement des centres de donn\u00e9es d\u00e9di\u00e9s \u00e0 l\u2019IA aura tr\u00e8s probablement un impact sur l\u2019artificialisation des sols, puisque de nouvelles structures devront \u00eatre construites. En effet, il semblerait que \u00ab\u00a0les b\u00e2timents actuels ne soient capables que d\u2019accueillir 10 \u00e0 15\u00a0% d\u2019usages IA\u00a0\u00bb. Les besoins en puissance, refroidissement et autres de ces nouveaux serveurs sont en effet beaucoup plus importants que pour les centres de donn\u00e9es \u00ab\u00a0classiques\u00a0\u00bb.<\/p>\n<p>Des compromis techniques bancales<\/p>\n<p class=\"ed__a-p ed__bdy__l\">Sans m\u00eame parler d\u2019IA, la tendance lourde \u00e0 la num\u00e9risation de nos vies semble rendre la multiplication des centres de donn\u00e9es inarr\u00eatable. Le recours au cloud cr\u00e9\u00e9, selon l\u2019Ademe, \u00ab\u00a0une migration aux airs d\u2019accumulation, plus que de transition\u00a0\u00bb. Autrement dit, l\u2019informatique \u00ab\u00a0d\u00e9mat\u00e9rialis\u00e9\u00a0\u00bb s\u2019additionne \u00e0 nos appareils physiques, cr\u00e9ant \u00ab\u00a0une accumulation des infrastructures traditionnelles et des infrastructures cloud, loin de la migration nette qui permet de d\u00e9commissionner massivement les \u00e9quipements physiques\u00a0\u00bb.<\/p>\n<p>\n                                                                Article recommand\u00e9\u00a0:\u00a0\n    <\/p>\n<p class=\"ed__a-p ed__bdy__l\">Et l\u2019optimisation des technologies et autres solutions de \u00ab\u00a0recyclage\u00a0\u00bb de la chaleur cr\u00e9\u00e9 par les datacenter ne sont que des solutions d\u2019appoint. La r\u00e9cup\u00e9ration de la \u00ab\u00a0chaleur fatale\u00a0\u00bb cr\u00e9\u00e9e par les centres de donn\u00e9es se heurte souvent \u00e0 \u00ab\u00a0la faisabilit\u00e9 \u00e9conomique\u00a0\u00bb et aux \u00ab\u00a0r\u00e9alit\u00e9s locales propres \u00e0 chaque centre de donn\u00e9es\u00a0\u00bb. Un constat qui am\u00e8ne l\u2019Ademe \u00e0 consid\u00e9rer que ces optimisations \u00ab\u00a0ne suffiront pas \u00e0 stabiliser la croissance des consommations \u00e9lectriques des centres de donn\u00e9es en France\u00a0\u00bb et pousse l\u2019agence \u00e0 militer pour un \u00ab\u00a0la mise en place d\u2019une politique active de sobri\u00e9t\u00e9 pour les services num\u00e9riques et les usages\u00a0\u00bb. La messe est dite.<\/p>\n<p>            Publicit\u00e9, votre contenu continue ci-dessous<\/p>\n<p>            Publicit\u00e9<\/p>\n<p class=\"ed__a-p ed__bdy__l\">Envie de faire encore plus d&rsquo;\u00e9conomies ? D\u00e9couvrez <a href=\"https:\/\/www.lesnumeriques.com\/codes-promo.html\" target=\"_blank\" rel=\"noopener\">nos codes promo<\/a> s\u00e9lectionn\u00e9s pour vous.<\/p>\n","protected":false},"excerpt":{"rendered":"Le Paris Digital Park, immense centre de donn\u00e9es situ\u00e9 en Seine\u2013Saint-Denis \u00a9 D\u00e9partement de la Seine\u2013Saint-Denis Au fur&hellip;\n","protected":false},"author":2,"featured_media":650267,"comment_status":"","ping_status":"","sticky":false,"template":"","format":"standard","meta":{"footnotes":""},"categories":[1888],"tags":[1111,1928,11,1927,1777,674,1011,27,12,1926,626,1925,25],"class_list":{"0":"post-650266","1":"post","2":"type-post","3":"status-publish","4":"format-standard","5":"has-post-thumbnail","7":"category-paris","8":"tag-actu","9":"tag-actu-paris","10":"tag-actualites","11":"tag-actualites-paris","12":"tag-eu","13":"tag-europe","14":"tag-fr","15":"tag-france","16":"tag-news","17":"tag-news-paris","18":"tag-paris","19":"tag-paris-news","20":"tag-republique-francaise"},"share_on_mastodon":{"url":"https:\/\/pubeurope.com\/@fr\/115861621786631637","error":""},"_links":{"self":[{"href":"https:\/\/www.europesays.com\/fr\/wp-json\/wp\/v2\/posts\/650266","targetHints":{"allow":["GET"]}}],"collection":[{"href":"https:\/\/www.europesays.com\/fr\/wp-json\/wp\/v2\/posts"}],"about":[{"href":"https:\/\/www.europesays.com\/fr\/wp-json\/wp\/v2\/types\/post"}],"author":[{"embeddable":true,"href":"https:\/\/www.europesays.com\/fr\/wp-json\/wp\/v2\/users\/2"}],"replies":[{"embeddable":true,"href":"https:\/\/www.europesays.com\/fr\/wp-json\/wp\/v2\/comments?post=650266"}],"version-history":[{"count":0,"href":"https:\/\/www.europesays.com\/fr\/wp-json\/wp\/v2\/posts\/650266\/revisions"}],"wp:featuredmedia":[{"embeddable":true,"href":"https:\/\/www.europesays.com\/fr\/wp-json\/wp\/v2\/media\/650267"}],"wp:attachment":[{"href":"https:\/\/www.europesays.com\/fr\/wp-json\/wp\/v2\/media?parent=650266"}],"wp:term":[{"taxonomy":"category","embeddable":true,"href":"https:\/\/www.europesays.com\/fr\/wp-json\/wp\/v2\/categories?post=650266"},{"taxonomy":"post_tag","embeddable":true,"href":"https:\/\/www.europesays.com\/fr\/wp-json\/wp\/v2\/tags?post=650266"}],"curies":[{"name":"wp","href":"https:\/\/api.w.org\/{rel}","templated":true}]}}