{"id":650278,"date":"2026-01-08T21:38:12","date_gmt":"2026-01-08T21:38:12","guid":{"rendered":"https:\/\/www.europesays.com\/fr\/650278\/"},"modified":"2026-01-08T21:38:12","modified_gmt":"2026-01-08T21:38:12","slug":"un-chien-perche-a-une-hauteur-vertigineuse-secouru-sur-une-falaise-au-royaume-uni","status":"publish","type":"post","link":"https:\/\/www.europesays.com\/fr\/650278\/","title":{"rendered":"un chien perch\u00e9 \u00e0 une hauteur vertigineuse secouru sur une falaise au Royaume-Uni"},"content":{"rendered":"<p class=\"intro\">Disparu dimanche, le chien a \u00e9t\u00e9 secouru sur une falaise abrupte des Cornouailles. Pour le sauver, les autorit\u00e9s ont d\u00e9ploy\u00e9 de grands moyens. <\/p>\n<p>C\u2019est la belle histoire du d\u00e9but d\u2019ann\u00e9e. Un chien port\u00e9 disparu dimanche 4\u00a0janvier a \u00e9t\u00e9 secouru le lendemain apr\u00e8s avoir \u00e9t\u00e9 aper\u00e7u en difficult\u00e9 au milieu d\u2019une falaise abrupte des Cornouailles, au <a href=\"https:\/\/www.parismatch.com\/actu\/faits-divers\/royaume-uni-virashi-neeru-et-bhamini-trois-meres-de-famille-devouees-tuees-dans-un-violent-accident-262665\" target=\"_blank\" rel=\"noopener\">Royaume-Uni<\/a>, rapportent nos confr\u00e8res de la <a href=\"https:\/\/www.bbc.com\/news\/articles\/cn9zg940wzgo\" target=\"_blank\" rel=\"noopener\">BBC<\/a>.<\/p>\n<p>Le lundi 5\u00a0janvier, plusieurs heures apr\u00e8s sa disparition, les gardes-c\u00f4tes de Boscastle ont \u00e9t\u00e9 appel\u00e9s t\u00f4t le matin apr\u00e8s qu\u2019un t\u00e9moin leur a signal\u00e9 la pr\u00e9sence de l\u2019animal en difficult\u00e9, perch\u00e9 sur un rebord \u00e9troit d\u2019une falaise \u00e0 plusieurs dizaines de m\u00e8tres.<\/p>\n<p>    La suite apr\u00e8s cette publicit\u00e9<\/p>\n<p>Un technicien sp\u00e9cialis\u00e9 en falaise d\u00e9p\u00each\u00e9<\/p>\n<p>Pour sauver le chien, les secouristes ont indiqu\u00e9 avoir d\u00e9p\u00each\u00e9 un technicien sp\u00e9cialis\u00e9 dans les falaises. L\u2019homme est alors descendu en rappel pour atteindre l\u2019animal. Lorsque les sauveteurs ont r\u00e9ussi \u00e0 atteindre le rebord, ils ont trouv\u00e9 le chien indemne et visiblement soulag\u00e9 de cette d\u00e9couverte. Les garde-c\u00f4tes ont soulign\u00e9 qu\u2019il \u00e9tait \u00ab\u00a0tr\u00e8s content de voir l\u2019\u00e9quipe\u00a0\u00bb.<\/p>\n<p>    La suite apr\u00e8s cette publicit\u00e9<\/p>\n<p>Apr\u00e8s avoir \u00e9t\u00e9 pris en charge, le chien, dont le nom n\u2019a pas \u00e9t\u00e9 communiqu\u00e9, a \u00e9t\u00e9 auscult\u00e9 par un v\u00e9t\u00e9rinaire. Il a ensuite \u00e9t\u00e9 rendu \u00e0 ses ma\u00eetres, qui l\u2019attendaient en haut de la falaise. Bien que le sauvetage ait \u00e9t\u00e9 difficile, aucun sauveteur n\u2019a \u00e9t\u00e9 bless\u00e9.<\/p>\n<p>Aux \u00c9tats-Unis, avant les f\u00eates de fin d\u2019ann\u00e9e, une autre belle histoire concernant <a href=\"https:\/\/www.parismatch.com\/actu\/insolite\/un-miracle-de-noel-choco-le-teckel-disparu-en-2021-et-retrouve-a-plus-de-3-000-kilometres-de-chez-lui-261702\" target=\"_blank\" rel=\"noopener\">Choco, un teckel disparu en 2021 \u00e0 Sacramento<\/a>, avait \u00e9mu le pays. Le chien, habitu\u00e9 aux fugues, avait finalement \u00e9t\u00e9 retrouv\u00e9 attach\u00e9 \u00e0 une cl\u00f4ture dans un refuge situ\u00e9 \u00e0 plus de 3\u00a0200\u00a0kilom\u00e8tres du domicile de sa propri\u00e9taire.<\/p>\n","protected":false},"excerpt":{"rendered":"Disparu dimanche, le chien a \u00e9t\u00e9 secouru sur une falaise abrupte des Cornouailles. Pour le sauver, les autorit\u00e9s&hellip;\n","protected":false},"author":2,"featured_media":650279,"comment_status":"","ping_status":"","sticky":false,"template":"","format":"standard","meta":{"footnotes":""},"categories":[1588],"tags":[11,1777,674,12,473,1853,1851,1850,1852],"class_list":{"0":"post-650278","1":"post","2":"type-post","3":"status-publish","4":"format-standard","5":"has-post-thumbnail","7":"category-royaume-uni","8":"tag-actualites","9":"tag-eu","10":"tag-europe","11":"tag-news","12":"tag-royaume-uni","13":"tag-royaume-uni-de-grande-bretagne-et-dirlande-du-nord","14":"tag-uk","15":"tag-united-kingdom","16":"tag-united-kingdom-of-great-britain-and-northern-ireland"},"share_on_mastodon":{"url":"https:\/\/pubeurope.com\/@fr\/115861645255472071","error":""},"_links":{"self":[{"href":"https:\/\/www.europesays.com\/fr\/wp-json\/wp\/v2\/posts\/650278","targetHints":{"allow":["GET"]}}],"collection":[{"href":"https:\/\/www.europesays.com\/fr\/wp-json\/wp\/v2\/posts"}],"about":[{"href":"https:\/\/www.europesays.com\/fr\/wp-json\/wp\/v2\/types\/post"}],"author":[{"embeddable":true,"href":"https:\/\/www.europesays.com\/fr\/wp-json\/wp\/v2\/users\/2"}],"replies":[{"embeddable":true,"href":"https:\/\/www.europesays.com\/fr\/wp-json\/wp\/v2\/comments?post=650278"}],"version-history":[{"count":0,"href":"https:\/\/www.europesays.com\/fr\/wp-json\/wp\/v2\/posts\/650278\/revisions"}],"wp:featuredmedia":[{"embeddable":true,"href":"https:\/\/www.europesays.com\/fr\/wp-json\/wp\/v2\/media\/650279"}],"wp:attachment":[{"href":"https:\/\/www.europesays.com\/fr\/wp-json\/wp\/v2\/media?parent=650278"}],"wp:term":[{"taxonomy":"category","embeddable":true,"href":"https:\/\/www.europesays.com\/fr\/wp-json\/wp\/v2\/categories?post=650278"},{"taxonomy":"post_tag","embeddable":true,"href":"https:\/\/www.europesays.com\/fr\/wp-json\/wp\/v2\/tags?post=650278"}],"curies":[{"name":"wp","href":"https:\/\/api.w.org\/{rel}","templated":true}]}}