{"id":650290,"date":"2026-01-08T21:44:11","date_gmt":"2026-01-08T21:44:11","guid":{"rendered":"https:\/\/www.europesays.com\/fr\/650290\/"},"modified":"2026-01-08T21:44:11","modified_gmt":"2026-01-08T21:44:11","slug":"la-france-reitere-son-soutien-aux-equipes-de-loiac","status":"publish","type":"post","link":"https:\/\/www.europesays.com\/fr\/650290\/","title":{"rendered":"La France r\u00e9it\u00e8re son soutien aux \u00e9quipes de l\u2019OIAC"},"content":{"rendered":"<p>Monsieur le Pr\u00e9sident,<\/p>\n<p>Je voudrais remercier l\u2019adjoint de la Haute Repr\u00e9sentante pour les questions de d\u00e9sarmement, Monsieur Adedeji Ebo, pour son expos\u00e9. Je salue la pr\u00e9sence parmi nous du Repr\u00e9sentant permanent de la Syrie.<\/p>\n<p>Monsieur le Pr\u00e9sident,<\/p>\n<p>La transition politique amorc\u00e9e en Syrie il y a treize mois, avec la chute du r\u00e9gime de Bachar al-Assad, est porteuse d\u2019un immense espoir.<\/p>\n<p>La France s\u2019est engag\u00e9e \u00e0 accompagner les autorit\u00e9s syriennes dans la conduite d\u2019une transition pacifique, inclusive, respectueuse des droits de l\u2019ensemble des composantes de la soci\u00e9t\u00e9 syrienne, et dans l\u2019esprit des principes pos\u00e9s par la r\u00e9solution 2254 du Conseil de s\u00e9curit\u00e9.<\/p>\n<p>Cette transition politique offre une chance historique de parvenir au d\u00e9sarmement chimique de la Syrie et d\u2019assurer une reddition de comptes pour l\u2019emploi de ces armes inhumaines que le r\u00e9gime Assad avait utilis\u00e9es \u00e0 plusieurs reprises contre sa propre population.<\/p>\n<p>Au cours de l\u2019ann\u00e9e 2025, une dynamique de coop\u00e9ration s\u2019est engag\u00e9e entre la Syrie et l\u2019Organisation pour l\u2019interdiction des armes chimiques (OIAC).<\/p>\n<p>Monsieur le Pr\u00e9sident,<\/p>\n<p>Les \u00e9quipes de l\u2019OIAC ont pu proc\u00e9der \u00e0 plusieurs d\u00e9ploiements en Syrie. On pourra relever notamment le d\u00e9ploiement de l\u2019\u00e9quipe charg\u00e9e d\u2019enqu\u00eater et d\u2019identifier les responsables de l\u2019emploi d\u2019armes chimiques, cette \u00e9quipe \u00e9tant d\u00e9sormais int\u00e9gr\u00e9e au bureau des op\u00e9rations sp\u00e9ciales de l\u2019OIAC.<\/p>\n<p>En novembre, et c\u2019est un autre fait notable, la Syrie a d\u00e9sign\u00e9 un nouvel Ambassadeur aupr\u00e8s de l\u2019OIAC, \u00e0 La Haye.<\/p>\n<p>Nous saluons l\u2019engagement pris par les autorit\u00e9s syriennes de transition d\u2019ouvrir une nouvelle page avec l\u2019OIAC et d\u2019avancer enfin, conform\u00e9ment \u00e0 leurs obligations internationales, vers l\u2019\u00e9limination compl\u00e8te et v\u00e9rifiable du programme syrien d\u2019armes chimiques.<\/p>\n<p>Monsieur le Pr\u00e9sident,<\/p>\n<p>Il demeure encore des d\u00e9fis consid\u00e9rables pour r\u00e9pondre aux attentes de la communaut\u00e9 internationale\u00a0:<\/p>\n<p><img loading=\"lazy\" decoding=\"async\" src=\"https:\/\/www.europesays.com\/fr\/wp-content\/uploads\/2026\/01\/1767908651_971_puce-32883.gif\" width=\"8\" height=\"11\" class=\"puce\" alt=\"-\"\/>\u00a0\tTout d\u2019abord, les d\u00e9fis li\u00e9s \u00e0 l\u2019h\u00e9ritage du r\u00e9gime Assad.<\/p>\n<p>En raison des nombreuses omissions du r\u00e9gime Assad, la d\u00e9claration nationale de la Syrie sur l\u2019\u00e9tat de son programme chimique ne peut toujours pas \u00eatre consid\u00e9r\u00e9e comme exacte et compl\u00e8te, au regard des exigences de la Convention d\u2019interdiction des armes chimiques (CIAC).<\/p>\n<p>Cela a \u00e9t\u00e9 rappel\u00e9 dans le dernier rapport du Directeur g\u00e9n\u00e9ral de l\u2019OIAC qui souligne que 19 questions relatives \u00e0 cette d\u00e9claration demeurent en suspens, concernant potentiellement des stocks importants d\u2019agents chimiques militaires. <br class=\"autobr\"\/><br \/>\nL\u2019OIAC estime, en outre, qu\u2019une centaine de sites non d\u00e9clar\u00e9s pourraient avoir \u00e9t\u00e9 impliqu\u00e9s dans des activit\u00e9s li\u00e9es au programme chimique syrien.<\/p>\n<p><img loading=\"lazy\" decoding=\"async\" src=\"https:\/\/www.europesays.com\/fr\/wp-content\/uploads\/2026\/01\/1767908651_971_puce-32883.gif\" width=\"8\" height=\"11\" class=\"puce\" alt=\"-\"\/>\u00a0\tEnsuite, les d\u00e9fis li\u00e9s aux conditions dans lesquelles est reprise l\u2019\u00e9limination des restes du programme chimique de l\u2019ancien r\u00e9gime.<\/p>\n<p>Nous ne sommes pas dans une situation o\u00f9 ce sont le r\u00e9gime, ou les gouvernants, ayant eux-m\u00eames d\u00e9velopp\u00e9 un programme qui d\u00e9cident de le d\u00e9manteler, puisque le r\u00e9gime de Bachar al-Assad a toujours refus\u00e9 de le faire. Les connaissances sont donc parcellaires et l\u2019ancienne expertise n\u2019est plus disponible, ce qui complique les t\u00e2ches \u00e0 accomplir.<\/p>\n<p>Monsieur le Pr\u00e9sident,<\/p>\n<p>Dans ce contexte, marqu\u00e9 \u00e9galement par les besoins \u00e9conomiques et financiers majeurs en Syrie, la France souligne l\u2019importance de deux \u00e9l\u00e9ments\u00a0:<\/p>\n<p><img loading=\"lazy\" decoding=\"async\" src=\"https:\/\/www.europesays.com\/fr\/wp-content\/uploads\/2026\/01\/1767908651_971_puce-32883.gif\" width=\"8\" height=\"11\" class=\"puce\" alt=\"-\"\/>\u00a0\tpremi\u00e8rement, les autorit\u00e9s syriennes doivent demeurer pleinement engag\u00e9es dans le cadre d\u2019une coop\u00e9ration pleine et enti\u00e8re avec l\u2019OIAC. La France y sera vigilante\u00a0;<\/p>\n<p><img loading=\"lazy\" decoding=\"async\" src=\"https:\/\/www.europesays.com\/fr\/wp-content\/uploads\/2026\/01\/1767908651_971_puce-32883.gif\" width=\"8\" height=\"11\" class=\"puce\" alt=\"-\"\/>\u00a0\tensuite, un appui r\u00e9solu, technique et financier, doit \u00eatre apport\u00e9 par la communaut\u00e9 internationale pour aider les autorit\u00e9s syriennes \u00e0 remplir leurs obligations et faire face aux d\u00e9fis tr\u00e8s singuliers que je rappelais \u00e0 l\u2019instant.<\/p>\n<p>La France r\u00e9it\u00e8re son soutien aux \u00e9quipes de l\u2019OIAC, illustr\u00e9 par le financement que nous avons apport\u00e9 au fonds sp\u00e9cial pour Syrie en 2025.<\/p>\n<p>Lors de la derni\u00e8re conf\u00e9rence des Etats parties \u00e0 la CIAC en novembre, la France a soutenu la d\u00e9cision d\u00e9l\u00e9gant au Conseil ex\u00e9cutif de l\u2019OIAC le pouvoir de restituer \u00e0 la Syrie ses droits et privil\u00e8ges d\u2019Etat partie, qui avaient \u00e9t\u00e9 suspendus en 2021.<\/p>\n<p>Le r\u00e9tablissement \u00e9ventuel de ces droits et privil\u00e8ges constituera une \u00e9tape importante dans la r\u00e9int\u00e9gration de la Syrie au sein de la communaut\u00e9 internationale. Afin de parvenir \u00e0 cet objectif, des progr\u00e8s substantiels devront continuer \u00e0 \u00eatre faits dans la voie de la coop\u00e9ration avec l\u2019OIAC et de l\u2019\u00e9limination du programme syrien d\u2019armes chimiques.<\/p>\n<p>Je vous remercie.<\/p>\n","protected":false},"excerpt":{"rendered":"Monsieur le Pr\u00e9sident, Je voudrais remercier l\u2019adjoint de la Haute Repr\u00e9sentante pour les questions de d\u00e9sarmement, Monsieur Adedeji&hellip;\n","protected":false},"author":2,"featured_media":650291,"comment_status":"","ping_status":"","sticky":false,"template":"","format":"standard","meta":{"footnotes":""},"categories":[4],"tags":[11,1011,27,12,25],"class_list":{"0":"post-650290","1":"post","2":"type-post","3":"status-publish","4":"format-standard","5":"has-post-thumbnail","7":"category-france","8":"tag-actualites","9":"tag-fr","10":"tag-france","11":"tag-news","12":"tag-republique-francaise"},"share_on_mastodon":{"url":"https:\/\/pubeurope.com\/@fr\/115861668937988265","error":""},"_links":{"self":[{"href":"https:\/\/www.europesays.com\/fr\/wp-json\/wp\/v2\/posts\/650290","targetHints":{"allow":["GET"]}}],"collection":[{"href":"https:\/\/www.europesays.com\/fr\/wp-json\/wp\/v2\/posts"}],"about":[{"href":"https:\/\/www.europesays.com\/fr\/wp-json\/wp\/v2\/types\/post"}],"author":[{"embeddable":true,"href":"https:\/\/www.europesays.com\/fr\/wp-json\/wp\/v2\/users\/2"}],"replies":[{"embeddable":true,"href":"https:\/\/www.europesays.com\/fr\/wp-json\/wp\/v2\/comments?post=650290"}],"version-history":[{"count":0,"href":"https:\/\/www.europesays.com\/fr\/wp-json\/wp\/v2\/posts\/650290\/revisions"}],"wp:featuredmedia":[{"embeddable":true,"href":"https:\/\/www.europesays.com\/fr\/wp-json\/wp\/v2\/media\/650291"}],"wp:attachment":[{"href":"https:\/\/www.europesays.com\/fr\/wp-json\/wp\/v2\/media?parent=650290"}],"wp:term":[{"taxonomy":"category","embeddable":true,"href":"https:\/\/www.europesays.com\/fr\/wp-json\/wp\/v2\/categories?post=650290"},{"taxonomy":"post_tag","embeddable":true,"href":"https:\/\/www.europesays.com\/fr\/wp-json\/wp\/v2\/tags?post=650290"}],"curies":[{"name":"wp","href":"https:\/\/api.w.org\/{rel}","templated":true}]}}