{"id":650300,"date":"2026-01-08T21:52:11","date_gmt":"2026-01-08T21:52:11","guid":{"rendered":"https:\/\/www.europesays.com\/fr\/650300\/"},"modified":"2026-01-08T21:52:11","modified_gmt":"2026-01-08T21:52:11","slug":"joris-delbove-de-retour-a-la-maison-et-pas-pour-de-la-figuration-actualite","status":"publish","type":"post","link":"https:\/\/www.europesays.com\/fr\/650300\/","title":{"rendered":"Joris Delbove, de retour \u00e0 la maison&#8230; et pas pour de la figuration &#8211; Actualit\u00e9"},"content":{"rendered":"<p style=\"text-align: justify;\">Un Championnat de France de cyclo-cross \u00e0 Troyes ne pouvait pas se d\u00e9rouler sans que <strong><a href=\"https:\/\/www.directvelo.com\/coureur\/18384\/joris-delbove\" target=\"_blank\" rel=\"noopener\">Joris Delbove<\/a><\/strong> ne soit sur la ligne de d\u00e9part. Alors ce week-end, le coureur de TotalEnergies sera en effet de la partie, \u00e0 domicile, pour tenter de d\u00e9crocher le maillot bleu-blanc-rouge. \u00ab\u00a0\u00c0 la maison, forc\u00e9ment, c&rsquo;\u00e9tait une motivation en plus. L&rsquo;ann\u00e9e derni\u00e8re par exemple, je n&rsquo;avais pas trop envie de me remettre dedans, j&rsquo;en ai fait quelques-uns, mais je n&rsquo;avais pas envie de me prendre la t\u00eate. Cette ann\u00e9e, j&rsquo;avais envie de refaire une saison s\u00e9rieuse, \u00e7a m&rsquo;aide dans ma pr\u00e9paration, j&rsquo;ai besoin du cross l&rsquo;hiver. Certes, c&rsquo;est un peu li\u00e9 au France \u00e0 Troyes, mais j&rsquo;en avais envie quoi qu&rsquo;il arrive\u00a0\u00bb, d\u00e9taille-t-il.<\/p>\n<p style=\"text-align: justify;\">S&rsquo;il n&rsquo;a pas fait un hiver dense dans les sous-bois, Joris Delbove a quand m\u00eame acc\u00e9l\u00e9r\u00e9 l&rsquo;allure ces derniers temps. \u00ab\u00a0J&rsquo;ai fait un bon bloc apr\u00e8s le stage, j&rsquo;ai fait B\u00e9thune mais \u00e7a n&rsquo;allait pas trop, c&rsquo;\u00e9tait la sortie de stage sans rythme. Mais apr\u00e8s j&rsquo;ai bien enchain\u00e9, avec le samedi, le dimanche, puis le jeudi, et de nouveau le dimanche. Donc \u00e7a fait quatre cross en neuf jours\u00a0\u00bb. Histoire de retrouver les bonnes vieilles habitudes. \u00ab\u00a0C&rsquo;est plut\u00f4t pas mal, c&rsquo;est un gros enchainement pour travailler le rythme et la technique, tout ce qui est relance, et faire monter le c\u0153ur qui avait du mal. \u00c7a fait du bien\u00a0\u00bb.<\/p>\n<p><strong>\u00ab JE N&rsquo;AURAIS PAS FAIT UNE TELLE PR\u00c9PA SI JE NE ME SENTAIS PAS CAPABLE DE GAGNER \u00bb<\/strong><\/p>\n<p>Ainsi, Joris Delbove est dans un \u00e9tat d&rsquo;esprit positif \u00e0 l&rsquo;approche de l&rsquo;\u00e9v\u00e9nement. \u00ab\u00a0Pour l&rsquo;instant \u00e7a va bien, je me suis rassur\u00e9, on verra samedi au relais les sensations puis dimanche sur la course\u00a0\u00bb. Lors de sa pr\u00e9paration en route, l&rsquo;ancien vainqueur du Tour Alsace a m\u00eame senti une progression. \u00ab\u00a0Physiquement je me sens bien, au stage j&rsquo;avais des datas bien meilleures que l&rsquo;an pass\u00e9, j&rsquo;ai fait une plus grosse pr\u00e9pa. Je me sens bien sur le v\u00e9lo, je sens que je suis l\u00e0. Je n&rsquo;ai pas gagn\u00e9 avant le France mais je suis au niveau pour faire un bon r\u00e9sultat\u00a0\u00bb.<\/p>\n<p>Et le moins que l&rsquo;on puisse dire, c&rsquo;est que Joris Delbove a de l&rsquo;ambition. \u00ab\u00a0L&rsquo;objectif est de gagner \u00e0 la maison. Je n&rsquo;aurais pas fait une telle pr\u00e9pa si je ne me sentais pas capable de gagner, en plus c&rsquo;est beaucoup plus ouvert\u00a0\u00bb. Notamment avec les absences de Cl\u00e9ment Venturini et Joshua Dubau. \u00ab\u00a0Apr\u00e8s il faut \u00eatre r\u00e9aliste, si je fais un podium, ce sera d\u00e9j\u00e0 super\u00a0\u00bb, temp\u00e8re-t-il. Quoi qu&rsquo;il en soit, un grand r\u00e9sultat ne changera pas la suite de son hiver. \u00ab\u00a0Je ne veux pas retarder ma saison route, c&rsquo;est super d&rsquo;aller faire la Coupe du Monde et le Championnat du Monde, mais pour faire 20e \u00e7a ne m&rsquo;int\u00e9resse pas\u00a0\u00bb.<\/p>\n<p><strong>\u00ab PAR MOMENTS, \u00c7A ME MANQUE UN PEU \u00bb<\/strong><\/p>\n<p>Quel que soit le r\u00e9sultat, le natif de Troyes va profiter d&rsquo;un bain de foule et de retrouvailles avec une organisation qu&rsquo;il connait bien. \u00c0 une \u00e9poque o\u00f9 il n&rsquo;\u00e9tait pas encore professionnel, il mettait m\u00eame la main \u00e0 la p\u00e2te. \u00ab\u00a0Je vais toujours les voir. Lundi j&rsquo;ai \u00e9t\u00e9 voir un peu le parcours, je ne plante pas les piquets non plus mais je l&rsquo;ai d\u00e9j\u00e0 fait. Je suis un peu plus s\u00e9rieux, plaisante-t-il. Mais j&rsquo;aime bien les voir. Je m&rsquo;entrainais avec certains d&rsquo;entre eux quand on \u00e9tait plus jeunes, \u00e7a fait plaisir, les anciens sont contents etc. Les gens ici sont autour de moi et Robin Drujon en Cadet. Je suis moins l\u00e0 donc c&rsquo;est normal d&rsquo;aller les voir\u00a0\u00bb. Loin des sous-bois, Joris Delbove n&rsquo;oublie pas cette discipline de c\u0153ur. \u00ab\u00a0Par moments, \u00e7a me manque un peu. Sur la route, on s&rsquo;ennuie parfois. Au cross, tout est intensif, tu peux \u00eatre premier puis 10e au virage apr\u00e8s. C&rsquo;est stressant, il y a l&rsquo;enjeu, j&rsquo;aime bien \u00e7a. Et \u00e7a se joue \u00e0 la p\u00e9dale\u00a0\u00bb. <\/p>\n<p>Sur la route, parfois la d\u00e9cision se fait aussi \u00e0 la p\u00e9dale, comme au Tour du Rwanda o\u00f9 il a gagn\u00e9 une \u00e9tape, et au Tour de Langkawi avec une \u00e9tape et le g\u00e9n\u00e9ral. \u00ab\u00a0Je suis content de ma saison, elle a \u00e9t\u00e9 assez compl\u00e8te, je n&rsquo;ai pas eu de moments o\u00f9 \u00e7a n&rsquo;allait pas trop. J&rsquo;ai toujours \u00e9t\u00e9 l\u00e0 quand il fallait aider Steff (Cras) ou Jordan (Jegat), et m\u00eame dans les sprints. Quand j&rsquo;ai eu ma carte, j&rsquo;ai montr\u00e9 que je pouvais \u00eatre l\u00e0. Surtout avec le Langkawi \u00e0 la fin\u00a0\u00bb. Maintenant, Joris Delbove esp\u00e8re franchir un cap suppl\u00e9mentaire. \u00ab\u00a0L&rsquo;objectif serait de regagner mais en Europe, soit sur une Coupe de France, soit sur une belle course europ\u00e9enne. Le but est de faire les plus grandes courses, le Tour, le Dauphin\u00e9, Paris-Nice etc. C&rsquo;est \u00e0 moi de montrer que je peux\u00a0\u00bb. Et la premi\u00e8re occasion sera \u00e0 l&rsquo;AlUla Tour, pour lancer 2026.<\/p>\n","protected":false},"excerpt":{"rendered":"Un Championnat de France de cyclo-cross \u00e0 Troyes ne pouvait pas se d\u00e9rouler sans que Joris Delbove ne&hellip;\n","protected":false},"author":2,"featured_media":650301,"comment_status":"","ping_status":"","sticky":false,"template":"","format":"standard","meta":{"footnotes":""},"categories":[1411],"tags":[834,828,836,829,837,827,83,826,824,823,1154,207,814,817,815,816,822,821,832,211,839,1011,27,820,818,819,835,831,830,833,838,60,212,208,825],"class_list":{"0":"post-650300","1":"post","2":"type-post","3":"status-publish","4":"format-standard","5":"has-post-thumbnail","7":"category-cyclisme","8":"tag-attaque","9":"tag-belgique","10":"tag-braquet","11":"tag-bretagne","12":"tag-chute","13":"tag-competition","14":"tag-coupe-de-france","15":"tag-coureur","16":"tag-course-cyclisme","17":"tag-course-cycliste","18":"tag-cycling","19":"tag-cyclisme","20":"tag-direct","21":"tag-direct-velo","22":"tag-directvelo","23":"tag-directvelo-com","24":"tag-epreuve","25":"tag-epreuve-cycliste","26":"tag-federation-francaise-de-cyclisme","27":"tag-ffc","28":"tag-flandres","29":"tag-fr","30":"tag-france","31":"tag-live","32":"tag-live-course","33":"tag-live-epreuve","34":"tag-peloton","35":"tag-radio-peloton","36":"tag-radio-tour","37":"tag-ravitaillement","38":"tag-relance","39":"tag-sports","40":"tag-uci","41":"tag-velo","42":"tag-velos"},"share_on_mastodon":{"url":"https:\/\/pubeurope.com\/@fr\/115861700171198201","error":""},"_links":{"self":[{"href":"https:\/\/www.europesays.com\/fr\/wp-json\/wp\/v2\/posts\/650300","targetHints":{"allow":["GET"]}}],"collection":[{"href":"https:\/\/www.europesays.com\/fr\/wp-json\/wp\/v2\/posts"}],"about":[{"href":"https:\/\/www.europesays.com\/fr\/wp-json\/wp\/v2\/types\/post"}],"author":[{"embeddable":true,"href":"https:\/\/www.europesays.com\/fr\/wp-json\/wp\/v2\/users\/2"}],"replies":[{"embeddable":true,"href":"https:\/\/www.europesays.com\/fr\/wp-json\/wp\/v2\/comments?post=650300"}],"version-history":[{"count":0,"href":"https:\/\/www.europesays.com\/fr\/wp-json\/wp\/v2\/posts\/650300\/revisions"}],"wp:featuredmedia":[{"embeddable":true,"href":"https:\/\/www.europesays.com\/fr\/wp-json\/wp\/v2\/media\/650301"}],"wp:attachment":[{"href":"https:\/\/www.europesays.com\/fr\/wp-json\/wp\/v2\/media?parent=650300"}],"wp:term":[{"taxonomy":"category","embeddable":true,"href":"https:\/\/www.europesays.com\/fr\/wp-json\/wp\/v2\/categories?post=650300"},{"taxonomy":"post_tag","embeddable":true,"href":"https:\/\/www.europesays.com\/fr\/wp-json\/wp\/v2\/tags?post=650300"}],"curies":[{"name":"wp","href":"https:\/\/api.w.org\/{rel}","templated":true}]}}