{"id":650306,"date":"2026-01-08T21:55:13","date_gmt":"2026-01-08T21:55:13","guid":{"rendered":"https:\/\/www.europesays.com\/fr\/650306\/"},"modified":"2026-01-08T21:55:13","modified_gmt":"2026-01-08T21:55:13","slug":"la-celebre-jeune-fille-a-la-perle-de-vermeer-sera-exposee-au-japon-en-aout-et-septembre-actualites","status":"publish","type":"post","link":"https:\/\/www.europesays.com\/fr\/650306\/","title":{"rendered":"La c\u00e9l\u00e8bre Jeune Fille \u00e0 la perle de Vermeer sera expos\u00e9e au Japon en ao\u00fbt et septembre : Actualit\u00e9s"},"content":{"rendered":"<p class=\"lead \">La c\u00e9l\u00e8bre peinture de Johannes Vermeer, \u00ab\u00a0La Jeune Fille \u00e0 la perle\u00a0\u00bb, va \u00eatre expos\u00e9e en 2026 au Japon, a annonc\u00e9 jeudi le mus\u00e9e n\u00e9erlandais Mauritshuis qui le poss\u00e8de, un rare voyage \u00e0 l&rsquo;\u00e9tranger de cette oeuvre parmi les plus connues au monde.<\/p>\n<p class=\"lead \">Ce chef-d&rsquo;oeuvre du XVIIe si\u00e8cle sera pr\u00eat\u00e9 au Mus\u00e9e des Beaux-Arts de Nakanoshima \u00e0 Osaka en ao\u00fbt et en septembre durant la fermeture pour travaux du Mauritshuis, a annonc\u00e9 le mus\u00e9e n\u00e9erlandais.<\/p>\n<p class=\"lead \">\u00ab\u00a0La Jeune Fille \u00e0 la perle est l&rsquo;une des plus c\u00e9l\u00e8bres peintures au monde (&#8230;), elle n&rsquo;est donc pr\u00eat\u00e9e \u00e0 d&rsquo;autres institutions que dans des circonstances hautement exceptionnelles\u00a0\u00bb, explique le Mauritshuis, situ\u00e9 \u00e0 La Haye.<\/p>\n<p class=\"lead \">L&rsquo;oeuvre avait \u00e9t\u00e9 pr\u00eat\u00e9e pour la derni\u00e8re fois en 2023, au Rijksmuseum d&rsquo;Amsterdam, une destination bien moins \u00e9loign\u00e9e.<\/p>\n<p class=\"lead \">Moins r\u00e9cemment, la peinture avait effectu\u00e9 un tour du monde entre 2012 et 2014, d\u00e9j\u00e0 \u00e0 l&rsquo;occasion de travaux importants sur le b\u00e2timent du Mauritshuis, ce qui avait permis \u00e0 quelque 2,2 millions de personnes de l&rsquo;admirer.<\/p>\n<p class=\"lead \">\u00ab\u00a0Pour le Mauritshuis, le voyage de la Jeune Fille au Japon est une opportunit\u00e9 unique (&#8230;) de la partager avec le public japonais, peut-\u00eatre pour la toute derni\u00e8re fois\u00a0\u00bb, a soulign\u00e9 dans un communiqu\u00e9 Martine Gosselink, directrice g\u00e9n\u00e9rale du mus\u00e9e.<\/p>\n<p class=\"lead \">L&rsquo;oeuvre, une huile sur toile de petite taille, montre, se d\u00e9tachant d&rsquo;un fond noir uniforme  le buste de profil d&rsquo;une jeune fille coiff\u00e9e d&rsquo;un turban bleu et jaune, le visage tourn\u00e9 vers le spectateur qu&rsquo;elle fixe du regard. A son lobe, pend une imposante perle qui donne son nom au tableau.<\/p>\n<p class=\"lead \">Surnomm\u00e9e \u00ab\u00a0Joconde du nord\u00a0\u00bb, notamment pour l&rsquo;expression \u00e9nigmatique de son sujet, rappelant celle de la c\u00e9l\u00e8bre Monna Lisa peinte par L\u00e9onard de Vinci, la Jeune Fille \u00e0 la perle a inspir\u00e9 un roman \u00e9ponyme devenu un best-seller ensuite adapt\u00e9 au cin\u00e9ma.<\/p>\n<p class=\"small font-weight-bold text-gray3 \"> publi\u00e9 le 8 janvier \u00e0 13h46, AFP<\/p>\n<p>                             Partager<\/p>\n","protected":false},"excerpt":{"rendered":"La c\u00e9l\u00e8bre peinture de Johannes Vermeer, \u00ab\u00a0La Jeune Fille \u00e0 la perle\u00a0\u00bb, va \u00eatre expos\u00e9e en 2026 au&hellip;\n","protected":false},"author":2,"featured_media":650307,"comment_status":"","ping_status":"","sticky":false,"template":"","format":"standard","meta":{"footnotes":""},"categories":[1358],"tags":[3734,1348,1384,1385,251,1386,58,59,1011,27,2070,10241,37765,1585],"class_list":{"0":"post-650306","1":"post","2":"type-post","3":"status-publish","4":"format-standard","5":"has-post-thumbnail","7":"category-arts-et-design","8":"tag-art","9":"tag-arts","10":"tag-arts-and-design","11":"tag-arts-et-design","12":"tag-culture","13":"tag-design","14":"tag-divertissement","15":"tag-entertainment","16":"tag-fr","17":"tag-france","18":"tag-japon","19":"tag-muse","20":"tag-paysbas","21":"tag-peinture"},"share_on_mastodon":{"url":"https:\/\/pubeurope.com\/@fr\/115861711948433743","error":""},"_links":{"self":[{"href":"https:\/\/www.europesays.com\/fr\/wp-json\/wp\/v2\/posts\/650306","targetHints":{"allow":["GET"]}}],"collection":[{"href":"https:\/\/www.europesays.com\/fr\/wp-json\/wp\/v2\/posts"}],"about":[{"href":"https:\/\/www.europesays.com\/fr\/wp-json\/wp\/v2\/types\/post"}],"author":[{"embeddable":true,"href":"https:\/\/www.europesays.com\/fr\/wp-json\/wp\/v2\/users\/2"}],"replies":[{"embeddable":true,"href":"https:\/\/www.europesays.com\/fr\/wp-json\/wp\/v2\/comments?post=650306"}],"version-history":[{"count":0,"href":"https:\/\/www.europesays.com\/fr\/wp-json\/wp\/v2\/posts\/650306\/revisions"}],"wp:featuredmedia":[{"embeddable":true,"href":"https:\/\/www.europesays.com\/fr\/wp-json\/wp\/v2\/media\/650307"}],"wp:attachment":[{"href":"https:\/\/www.europesays.com\/fr\/wp-json\/wp\/v2\/media?parent=650306"}],"wp:term":[{"taxonomy":"category","embeddable":true,"href":"https:\/\/www.europesays.com\/fr\/wp-json\/wp\/v2\/categories?post=650306"},{"taxonomy":"post_tag","embeddable":true,"href":"https:\/\/www.europesays.com\/fr\/wp-json\/wp\/v2\/tags?post=650306"}],"curies":[{"name":"wp","href":"https:\/\/api.w.org\/{rel}","templated":true}]}}