{"id":650311,"date":"2026-01-08T21:59:13","date_gmt":"2026-01-08T21:59:13","guid":{"rendered":"https:\/\/www.europesays.com\/fr\/650311\/"},"modified":"2026-01-08T21:59:13","modified_gmt":"2026-01-08T21:59:13","slug":"pus-de-1-600-personnes-venues-voir-le-nouveau-marsupilami-a-la-valette-en-presence-de-lequipe-du-film-dont-phlippe-lacheau-et-jamel-debbouze","status":"publish","type":"post","link":"https:\/\/www.europesays.com\/fr\/650311\/","title":{"rendered":"Pus de 1.600\u00a0personnes venues voir le nouveau Marsupilami \u00e0 La Valette en pr\u00e9sence de l\u2019\u00e9quipe du film dont Phlippe Lacheau et Jamel Debbouze"},"content":{"rendered":"<p class=\"fs-5 \">Une longue file d\u2019attente\u2026 aussi longue que la queue d\u2019un Marsu. Ce jeudi soir, le cin\u00e9ma Path\u00e9 La Valette accueillait Philippe Lacheau et toute sa bande pour l\u2019avant-premi\u00e8re de Marsupilami.<\/p>\n<p class=\"fs-5 \">Pour l\u2019occasion, l\u2019\u00e9quipe du multiplexe avait mis les petits plats dans les grands du c\u00f4t\u00e9 de <strong>L\u2019Avenue 83<\/strong>. Tapis rouge (jaune pour l\u2019occasion), photocall, d\u00e9dicaces\u2026 Et de m\u00e9moire, on a rarement vu autant de monde dans les trav\u00e9es de la zone commerciale pour une avant-premi\u00e8re.<\/p>\n<p>                                                                                Bain de foule<\/p>\n<p class=\"fs-5 \">D\u00e8s 18 heures, les premiers amoureux de la Bande \u00e0 Fifi et du Marsu s\u2019\u00e9taient mass\u00e9s le long du cordon install\u00e9 pour l\u2019occasion. Et on est venu en famille, comme C\u00e9cilia et sa fille Candice. Sac, peluches du Marsu : c\u2019est le r\u00eave. \u00ab On adore l\u2019univers, on va chaque ann\u00e9e au parc d\u2019attractions de Monteux. On aime aussi beaucoup les films de la bande \u00bb, sourit la maman.<\/p>\n<p class=\"fs-5 \">Un peu plus loin, Bruno a tra\u00een\u00e9 toute sa famille. \u00ab J\u2019adore l\u2019univers de Franquin et je suis aussi client de l\u2019humour bien potache \u00bb, confie-t-il. Mais s\u2019il fallait d\u00e9cerner la m\u00e9daille de la<strong> plus grande fan de la soir\u00e9e<\/strong>, elle reviendrait \u00e0 Nad\u00e8ge. <strong>Tatouage du Marsupilami sur la cheville<\/strong>, cette Varoise a transmis le virus \u00e0 sa fille M\u00e9line. \u00ab Je suis fan depuis trente ans. Je collectionne tout ce qui existe. C\u2019\u00e9tait impensable de manquer ce rendez-vous. \u00bb<\/p>\n<p>        <img src=\"https:\/\/www.europesays.com\/fr\/wp-content\/uploads\/2026\/01\/6965094_upload-from-url-1-b2ois9v5qkh2-data-art-16903428.jpg\"   loading=\"lazy\" decoding=\"async\" alt=\"Laurent Le Touzo pr\u00e9sente une nouvelle programmation du \u201ccin\u00e9-club Le Vox\u201d pour 2026. \" class=\"img-fluid position-absolute w-100 object-fit-cover rounded-2\" width=\"600\" height=\"400\"\/><\/p>\n<p class=\"fs-5 \">Sur les coups de 19 heures, L\u2019Avenue 83 a pris des airs de stade Mayol, avec du AC\/DC balanc\u00e9 dans les enceintes pour saluer l\u2019arriv\u00e9e de l\u2019\u00e9quipe du film. Un accueil de rockstars. <strong>Tarek Boudali<\/strong> en t\u00eate, suivi par <strong>Jamel Debbouze, \u00c9lodie Fontan, Alban Ivanov, Julien Arruti<\/strong> et enfin le r\u00e9alisateur et acteur<strong> Philippe Lacheau<\/strong> : tous ont jou\u00e9 le jeu des selfies et des autographes le long du tapis, pour le plus grand plaisir du public. Eux-m\u00eames presque surpris par cet engouement.<\/p>\n<p class=\"fs-5 \">\u00ab On avait eu du monde pour Les Trois Mousquetaires, mais l\u00e0, c\u2019est encore un cran au-dessus \u00bb, expliquait J\u00e9r\u00f4me Cleveland, directeur du cin\u00e9ma. Pour l\u2019occasion, quatre salles ont \u00e9t\u00e9 ouvertes afin d\u2019accueillir les 1.600 spectateurs ayant r\u00e9serv\u00e9 leur place pour cet \u00e9v\u00e9nement. \u00ab On a \u00e9t\u00e9 surpris par l\u2019engouement lorsque nous avons relay\u00e9 l\u2019annonce sur nos r\u00e9seaux sociaux \u00bb, poursuivait le ma\u00eetre des lieux. Le film s\u2019annonce d\u00e9j\u00e0 comme un carton au box-office de ce d\u00e9but d\u2019ann\u00e9e. Du c\u00f4t\u00e9 du Path\u00e9 La Valette, certains misent sur 8 millions d\u2019entr\u00e9es pour ce Marsupilami. Houba !<\/p>\n","protected":false},"excerpt":{"rendered":"Une longue file d\u2019attente\u2026 aussi longue que la queue d\u2019un Marsu. Ce jeudi soir, le cin\u00e9ma Path\u00e9 La&hellip;\n","protected":false},"author":2,"featured_media":650312,"comment_status":"","ping_status":"","sticky":false,"template":"","format":"standard","meta":{"footnotes":""},"categories":[1354],"tags":[58,59,1346,1011,27,1360],"class_list":{"0":"post-650311","1":"post","2":"type-post","3":"status-publish","4":"format-standard","5":"has-post-thumbnail","7":"category-films","8":"tag-divertissement","9":"tag-entertainment","10":"tag-films","11":"tag-fr","12":"tag-france","13":"tag-movies"},"share_on_mastodon":{"url":"https:\/\/pubeurope.com\/@fr\/115861727769990046","error":""},"_links":{"self":[{"href":"https:\/\/www.europesays.com\/fr\/wp-json\/wp\/v2\/posts\/650311","targetHints":{"allow":["GET"]}}],"collection":[{"href":"https:\/\/www.europesays.com\/fr\/wp-json\/wp\/v2\/posts"}],"about":[{"href":"https:\/\/www.europesays.com\/fr\/wp-json\/wp\/v2\/types\/post"}],"author":[{"embeddable":true,"href":"https:\/\/www.europesays.com\/fr\/wp-json\/wp\/v2\/users\/2"}],"replies":[{"embeddable":true,"href":"https:\/\/www.europesays.com\/fr\/wp-json\/wp\/v2\/comments?post=650311"}],"version-history":[{"count":0,"href":"https:\/\/www.europesays.com\/fr\/wp-json\/wp\/v2\/posts\/650311\/revisions"}],"wp:featuredmedia":[{"embeddable":true,"href":"https:\/\/www.europesays.com\/fr\/wp-json\/wp\/v2\/media\/650312"}],"wp:attachment":[{"href":"https:\/\/www.europesays.com\/fr\/wp-json\/wp\/v2\/media?parent=650311"}],"wp:term":[{"taxonomy":"category","embeddable":true,"href":"https:\/\/www.europesays.com\/fr\/wp-json\/wp\/v2\/categories?post=650311"},{"taxonomy":"post_tag","embeddable":true,"href":"https:\/\/www.europesays.com\/fr\/wp-json\/wp\/v2\/tags?post=650311"}],"curies":[{"name":"wp","href":"https:\/\/api.w.org\/{rel}","templated":true}]}}