{"id":650317,"date":"2026-01-08T22:02:22","date_gmt":"2026-01-08T22:02:22","guid":{"rendered":"https:\/\/www.europesays.com\/fr\/650317\/"},"modified":"2026-01-08T22:02:22","modified_gmt":"2026-01-08T22:02:22","slug":"je-sais-combien-ce-musee-est-important-pour-elle-la-maison-gainsbourg-reprise-par-un-ami-de-charlotte","status":"publish","type":"post","link":"https:\/\/www.europesays.com\/fr\/650317\/","title":{"rendered":"\u00ab\u00a0Je sais combien ce mus\u00e9e est important pour elle\u00a0\u00bb\u00a0: la Maison Gainsbourg reprise par un \u00ab\u00a0ami\u00a0\u00bb de Charlotte"},"content":{"rendered":"<p class=\"\">Si, depuis l\u2019ouverture, le 20 septembre 2023, le succ\u00e8s de ce <a href=\"https:\/\/www.leparisien.fr\/culture-loisirs\/musique\/ouverture-de-la-maison-gainsbourg-a-paris-pour-les-fans-cest-un-moment-completement-dingue-20-09-2023-YVROTI56RBF7ZH3J7FZH6DIPF4.php\" target=\"_self\" rel=\"noopener\">mus\u00e9e ultra-intimiste<\/a> d\u00e9di\u00e9 au chanteur phare des ann\u00e9es 1970 et 1980 est au rendez-vous, les finances de la soci\u00e9t\u00e9 d\u2019exploitation du site sont dans le rouge vif. Pr\u00e8s de 4,5 millions de dettes aupr\u00e8s d\u2019une soixantaine de cr\u00e9anciers restent \u00e0 r\u00e9gler. Une entreprise qui appartient \u00e0 parts \u00e9gales \u00e0 Charlotte Gainsbourg, la fille de l\u2019interpr\u00e8te du \u00ab Poin\u00e7onneur des Lilas \u00bb, et \u00e0 <a href=\"https:\/\/www.leparisien.fr\/paris-75\/maison-gainsbourg-a-paris-charlotte-gainsbourg-poursuit-son-associe-pour-abus-de-bien-social-19-12-2024-3Q6HU6QO3BBIHEIAOCGC7QCMRE.php\" target=\"_self\" rel=\"noopener\">Dominique Dutreix<\/a>, promoteur immobilier qui s\u2019\u00e9tait rapproch\u00e9 de l\u2019actrice pour l\u2019aider \u00e0 transformer la demeure de Serge Gainsbourg en un mus\u00e9e.<\/p>\n","protected":false},"excerpt":{"rendered":"Si, depuis l\u2019ouverture, le 20 septembre 2023, le succ\u00e8s de ce mus\u00e9e ultra-intimiste d\u00e9di\u00e9 au chanteur phare des&hellip;\n","protected":false},"author":2,"featured_media":650318,"comment_status":"","ping_status":"","sticky":false,"template":"","format":"standard","meta":{"footnotes":""},"categories":[8],"tags":[872,58,59,1011,27,1944,626],"class_list":{"0":"post-650317","1":"post","2":"type-post","3":"status-publish","4":"format-standard","5":"has-post-thumbnail","7":"category-divertissement","8":"tag-culture-et-loisirs","9":"tag-divertissement","10":"tag-entertainment","11":"tag-fr","12":"tag-france","13":"tag-ma-ville","14":"tag-paris"},"share_on_mastodon":{"url":"https:\/\/pubeurope.com\/@fr\/115861739621377173","error":""},"_links":{"self":[{"href":"https:\/\/www.europesays.com\/fr\/wp-json\/wp\/v2\/posts\/650317","targetHints":{"allow":["GET"]}}],"collection":[{"href":"https:\/\/www.europesays.com\/fr\/wp-json\/wp\/v2\/posts"}],"about":[{"href":"https:\/\/www.europesays.com\/fr\/wp-json\/wp\/v2\/types\/post"}],"author":[{"embeddable":true,"href":"https:\/\/www.europesays.com\/fr\/wp-json\/wp\/v2\/users\/2"}],"replies":[{"embeddable":true,"href":"https:\/\/www.europesays.com\/fr\/wp-json\/wp\/v2\/comments?post=650317"}],"version-history":[{"count":0,"href":"https:\/\/www.europesays.com\/fr\/wp-json\/wp\/v2\/posts\/650317\/revisions"}],"wp:featuredmedia":[{"embeddable":true,"href":"https:\/\/www.europesays.com\/fr\/wp-json\/wp\/v2\/media\/650318"}],"wp:attachment":[{"href":"https:\/\/www.europesays.com\/fr\/wp-json\/wp\/v2\/media?parent=650317"}],"wp:term":[{"taxonomy":"category","embeddable":true,"href":"https:\/\/www.europesays.com\/fr\/wp-json\/wp\/v2\/categories?post=650317"},{"taxonomy":"post_tag","embeddable":true,"href":"https:\/\/www.europesays.com\/fr\/wp-json\/wp\/v2\/tags?post=650317"}],"curies":[{"name":"wp","href":"https:\/\/api.w.org\/{rel}","templated":true}]}}