{"id":650325,"date":"2026-01-08T22:06:17","date_gmt":"2026-01-08T22:06:17","guid":{"rendered":"https:\/\/www.europesays.com\/fr\/650325\/"},"modified":"2026-01-08T22:06:17","modified_gmt":"2026-01-08T22:06:17","slug":"lauteur-presume-interpelle-en-seine-saint-denis","status":"publish","type":"post","link":"https:\/\/www.europesays.com\/fr\/650325\/","title":{"rendered":"l\u2019auteur pr\u00e9sum\u00e9 interpell\u00e9 en Seine-Saint-Denis"},"content":{"rendered":"<p>\n    <strong>INFO LE FIGARO &#8211;<\/strong> Tout juste \u00e2g\u00e9 de 18 ans, il est suspect\u00e9 d\u2019\u00eatre l\u2019auteur d\u2019un piratage de donn\u00e9es de pr\u00e8s d\u2019un million d\u2019adh\u00e9rents de la F\u00e9d\u00e9ration fran\u00e7aise de tir, \u00e0 l\u2019automne dernier. Des vols d\u2019armes avaient \u00e9t\u00e9 constat\u00e9s \u00e0 la suite du piratage.<\/p>\n<p class=\"fig-paragraph\">Un peu plus de deux mois apr\u00e8s\u00a0<a href=\"http:\/\/www.lefigaro.fr\/actualite-france\/cette-mysterieuse-epidemie-de-vols-d-armes-a-feu-apres-le-tonitruant-piratage-de-la-federation-francaise-de-tir-20251126\" data-fig-type=\"NewsFlash\" data-gtm-custom-categorie=\"navigation\" data-gtm-custom-action=\"crossclick\" data-gtm-custom-label=\"Contextuel\" data-gtm-event=\"customEventSPE\" data-fig-domain=\"LEFIGARO\" target=\"_blank\" rel=\"noopener\">le spectaculaire piratage du syst\u00e8me informatique<\/a>\u00a0de la F\u00e9d\u00e9ration fran\u00e7aise de tir ayant conduit \u00e0 une s\u00e9rie de vol d\u2019armes \u00e0 feu, l\u2019auteur pr\u00e9sum\u00e9 a \u00e9t\u00e9 interpell\u00e9 ce mardi par la BL2C (brigade de lutte contre la cybercriminalit\u00e9 de la police judiciaire de la pr\u00e9fecture de police de Paris), r\u00e9v\u00e8le Le Figaro.<\/p>\n<p class=\"fig-paragraph\">Il s\u2019agit d\u2019un homme tout juste majeur, n\u00e9 en d\u00e9cembre 2007 qui r\u00e9side \u00e0 Aubervilliers, en Seine-Saint-Denis, indique le parquet de Paris au Figaro, confirmant le placement en garde \u00e0 vue de l\u2019individu. Selon nos informations, il n\u2019\u00e9tait jusqu\u2019\u00e0 pr\u00e9sent pas un hackeur identifi\u00e9 par les autorit\u00e9s. Son arrestation a \u00e9t\u00e9 possible \u00abgr\u00e2ce \u00e0 l\u2019exploitation des supports techniques\u00bb, pr\u00e9cise le parquet.<\/p>\n<p>                                            Pr\u00e8s d\u2019un million d\u2019adh\u00e9rents concern\u00e9s<\/p>\n<p class=\"fig-paragraph\">Le 18 et 19 octobre dernier, les donn\u00e9es personnelles de 250.000 actuels et 750.000 anciens adh\u00e9rents de la FFTir (num\u00e9ro de licence, \u00e9tat civil, adresse postale, mail et num\u00e9ro de t\u00e9l\u00e9phone) avaient \u00e9t\u00e9 pirat\u00e9es \u00abpar la compromission d\u2019un compte interne\u00bb, expliquait\u2026<\/p>\n<p class=\"fig-premium-paywall__infos\">\n        Cet article est r\u00e9serv\u00e9 aux abonn\u00e9s.        Il vous reste 68% \u00e0 d\u00e9couvrir.\n    <\/p>\n<p>                <img  data- alt=\"Le Figaro\" class=\"fig-img--complete fig-img\"\/><\/p>\n<p class=\"fig-premium-paywall__title\">Le Figaro c\u00e9l\u00e8bre ses 200 ans<\/p>\n<p class=\"fig-premium-paywall__subtitle\">Offre anniversaire : 2\u20ac\/mois pendant 200 semaines<\/p>\n<p class=\"fig-premium-paywall__connect\">\n                D\u00e9j\u00e0 abonn\u00e9\u00a0?                <a class=\"fig-premium-paywall__connect-link\" href=\"https:\/\/connect.lefigaro.fr\/login?client=horizon_web&amp;type=main&amp;redirect_uri=https%3A%2F%2Fwww.lefigaro.fr%2Ffaits-divers%2Fpiratage-a-la-federation-francaise-de-tir-l-auteur-presume-interpelle-en-seine-saint-denis-20260108\" data-js-gtm=\"{&quot;customCategorie&quot;: &quot;conversion&quot;, &quot;customAction&quot;: &quot;before_Landing_Connexion_paywall_auto&quot;, &quot;customLabel&quot;: &quot;bGVmaWdhcm8uZnJfXzFmMGVjYTE0LTEyZmYtNmY5Ni1iZmI4LTMzZTM3MGJmZjdjZl9fTmV3c0ZsYXNo_Piratage \u00e0 la F\u00e9d\u00e9ration fran\u00e7aise de tir: l\u2019auteur pr\u00e9sum\u00e9 interpell\u00e9 en Seine-Saint-Denis_260&quot;, &quot;customIDSPE&quot;: &quot;bGVmaWdhcm8uZnJfXzFmMGVjYTE0LTEyZmYtNmY5Ni1iZmI4LTMzZTM3MGJmZjdjZl9fTmV3c0ZsYXNo&quot;, &quot;event&quot;: &quot;customEventSPE&quot;}\" target=\"_blank\" rel=\"noopener\"><br \/>\n                    Connectez-vous<br \/>\n                <\/a>\n            <\/p>\n","protected":false},"excerpt":{"rendered":"INFO LE FIGARO &#8211; Tout juste \u00e2g\u00e9 de 18 ans, il est suspect\u00e9 d\u2019\u00eatre l\u2019auteur d\u2019un piratage de&hellip;\n","protected":false},"author":2,"featured_media":650326,"comment_status":"","ping_status":"","sticky":false,"template":"","format":"standard","meta":{"footnotes":""},"categories":[4],"tags":[11,5141,1011,27,12,16421,25],"class_list":{"0":"post-650325","1":"post","2":"type-post","3":"status-publish","4":"format-standard","5":"has-post-thumbnail","7":"category-france","8":"tag-actualites","9":"tag-arme-a-feu","10":"tag-fr","11":"tag-france","12":"tag-news","13":"tag-piratage","14":"tag-republique-francaise"},"share_on_mastodon":{"url":"https:\/\/pubeurope.com\/@fr\/115861755291328259","error":""},"_links":{"self":[{"href":"https:\/\/www.europesays.com\/fr\/wp-json\/wp\/v2\/posts\/650325","targetHints":{"allow":["GET"]}}],"collection":[{"href":"https:\/\/www.europesays.com\/fr\/wp-json\/wp\/v2\/posts"}],"about":[{"href":"https:\/\/www.europesays.com\/fr\/wp-json\/wp\/v2\/types\/post"}],"author":[{"embeddable":true,"href":"https:\/\/www.europesays.com\/fr\/wp-json\/wp\/v2\/users\/2"}],"replies":[{"embeddable":true,"href":"https:\/\/www.europesays.com\/fr\/wp-json\/wp\/v2\/comments?post=650325"}],"version-history":[{"count":0,"href":"https:\/\/www.europesays.com\/fr\/wp-json\/wp\/v2\/posts\/650325\/revisions"}],"wp:featuredmedia":[{"embeddable":true,"href":"https:\/\/www.europesays.com\/fr\/wp-json\/wp\/v2\/media\/650326"}],"wp:attachment":[{"href":"https:\/\/www.europesays.com\/fr\/wp-json\/wp\/v2\/media?parent=650325"}],"wp:term":[{"taxonomy":"category","embeddable":true,"href":"https:\/\/www.europesays.com\/fr\/wp-json\/wp\/v2\/categories?post=650325"},{"taxonomy":"post_tag","embeddable":true,"href":"https:\/\/www.europesays.com\/fr\/wp-json\/wp\/v2\/tags?post=650325"}],"curies":[{"name":"wp","href":"https:\/\/api.w.org\/{rel}","templated":true}]}}