{"id":650333,"date":"2026-01-08T22:10:12","date_gmt":"2026-01-08T22:10:12","guid":{"rendered":"https:\/\/www.europesays.com\/fr\/650333\/"},"modified":"2026-01-08T22:10:12","modified_gmt":"2026-01-08T22:10:12","slug":"lorraine-du-harcelement-moral-dans-une-association-dinsertion-a-nancy","status":"publish","type":"post","link":"https:\/\/www.europesays.com\/fr\/650333\/","title":{"rendered":"Lorraine. Du harc\u00e8lement moral dans une association d\u2019insertion \u00e0 Nancy\u00a0?"},"content":{"rendered":"<p>Administrateur de biens immobiliers bien install\u00e9, Radoine Mebarki, 43 ans, a fond\u00e9 en 2016 Tous Tes possibles, une association d\u2019insertion destin\u00e9e \u00e0 permettre \u00e0 chacun de relancer, \u00ab\u00a0avec des solutions innovantes\u00a0\u00bb, dans sa vie professionnelle. Jean noir, chemise et veste bleue, celui qui fut un temps conseiller municipal \u00e0 Nancy &#8211; entre\u00a02008 et\u00a02014 &#8211; \u00e9tait ce mercredi \u00e0 la barre du tribunal correctionnel, poursuivi pour&#8230;<\/p>\n","protected":false},"excerpt":{"rendered":"Administrateur de biens immobiliers bien install\u00e9, Radoine Mebarki, 43 ans, a fond\u00e9 en 2016 Tous Tes possibles, une&hellip;\n","protected":false},"author":2,"featured_media":650334,"comment_status":"","ping_status":"","sticky":false,"template":"","format":"standard","meta":{"footnotes":""},"categories":[9635],"tags":[1111,11,1777,674,274,1011,27,775,1702,12,3456,25],"class_list":{"0":"post-650333","1":"post","2":"type-post","3":"status-publish","4":"format-standard","5":"has-post-thumbnail","7":"category-nancy","8":"tag-actu","9":"tag-actualites","10":"tag-eu","11":"tag-europe","12":"tag-faits-divers-justice","13":"tag-fr","14":"tag-france","15":"tag-grand-est","16":"tag-nancy","17":"tag-news","18":"tag-region-lorraine","19":"tag-republique-francaise"},"share_on_mastodon":{"url":"https:\/\/pubeurope.com\/@fr\/115861770911177671","error":""},"_links":{"self":[{"href":"https:\/\/www.europesays.com\/fr\/wp-json\/wp\/v2\/posts\/650333","targetHints":{"allow":["GET"]}}],"collection":[{"href":"https:\/\/www.europesays.com\/fr\/wp-json\/wp\/v2\/posts"}],"about":[{"href":"https:\/\/www.europesays.com\/fr\/wp-json\/wp\/v2\/types\/post"}],"author":[{"embeddable":true,"href":"https:\/\/www.europesays.com\/fr\/wp-json\/wp\/v2\/users\/2"}],"replies":[{"embeddable":true,"href":"https:\/\/www.europesays.com\/fr\/wp-json\/wp\/v2\/comments?post=650333"}],"version-history":[{"count":0,"href":"https:\/\/www.europesays.com\/fr\/wp-json\/wp\/v2\/posts\/650333\/revisions"}],"wp:featuredmedia":[{"embeddable":true,"href":"https:\/\/www.europesays.com\/fr\/wp-json\/wp\/v2\/media\/650334"}],"wp:attachment":[{"href":"https:\/\/www.europesays.com\/fr\/wp-json\/wp\/v2\/media?parent=650333"}],"wp:term":[{"taxonomy":"category","embeddable":true,"href":"https:\/\/www.europesays.com\/fr\/wp-json\/wp\/v2\/categories?post=650333"},{"taxonomy":"post_tag","embeddable":true,"href":"https:\/\/www.europesays.com\/fr\/wp-json\/wp\/v2\/tags?post=650333"}],"curies":[{"name":"wp","href":"https:\/\/api.w.org\/{rel}","templated":true}]}}