{"id":650343,"date":"2026-01-08T22:17:11","date_gmt":"2026-01-08T22:17:11","guid":{"rendered":"https:\/\/www.europesays.com\/fr\/650343\/"},"modified":"2026-01-08T22:17:11","modified_gmt":"2026-01-08T22:17:11","slug":"le-statut-de-lelu-est-davantage-une-avancee-symbolique-que-juridique","status":"publish","type":"post","link":"https:\/\/www.europesays.com\/fr\/650343\/","title":{"rendered":"Le statut de l&rsquo;\u00e9lu est davantage une avanc\u00e9e symbolique que juridique"},"content":{"rendered":"<p>\t\t\tLa cr\u00e9ation d\u2019un statut de l\u2019\u00e9lu local est salu\u00e9e par beaucoup d\u2019associations d\u2019\u00e9lus. Est-ce une avanc\u00e9e majeure ?<\/p>\n<p><b>Arnaud Haquet :\u00a0<\/b>Il faut distinguer deux choses. Sur le plan juridique, des droits et des obligations existaient d\u00e9j\u00e0. En revanche, sur le plan symbolique, l\u2019adoption d\u2019un statut est importante.<br \/> Un statut, ce n\u2019est pas seulement du droit : c\u2019est aussi une reconnaissance sociale. Il permet aux \u00e9lus locaux de se revendiquer comme membres d\u2019une communaut\u00e9 identifi\u00e9e, avec une certaine fiert\u00e9. C\u2019est sans doute cette dimension qui \u00e9tait la plus attendue.<\/p>\n<ul>\n<li>Statut de l\u2019\u00e9lu local : la loi est enfin publi\u00e9e<\/li>\n<\/ul>\n<p><b>Le fait de cr\u00e9er une section sp\u00e9cifique dans le Code g\u00e9n\u00e9ral des collectivit\u00e9s territoriales\u00a0(CGCT) change-t-il vraiment la donne ?<\/b><\/p>\n<p class=\"blocCut__title\">\n\t\t\t\t\t\t\t\t\t[90% reste \u00e0 lire]\n\t\t\t\t\t\t\t<\/p>\n<p class=\"blocCut__title--type2\">Article r\u00e9serv\u00e9 aux abonn\u00e9s<\/p>\n<p class=\"blocCut__title--type3\">Gazette des Communes<\/p>\n<p class=\"blocCut__title--type2\">VOUS N&rsquo;\u00eaTES PAS ABONN\u00e9 ?<\/p>\n<p class=\"blocCut__title--type4\">D\u00e9couvrez nos formules et acc\u00e9dez aux articles en illimit\u00e9<\/p>\n<p>\t\t\t\t\t\t\t\t<a href=\"https:\/\/www.abonnement.infopro-digital.com\/la-gazette-des-communes\/formule\/1111\/CTA-P\" target=\"_blank\" class=\"btn__full buttonTypeA buttonTypeA--1\" rel=\"noopener\">Je m\u2019abonne<\/a><\/p>\n","protected":false},"excerpt":{"rendered":"La cr\u00e9ation d\u2019un statut de l\u2019\u00e9lu local est salu\u00e9e par beaucoup d\u2019associations d\u2019\u00e9lus. Est-ce une avanc\u00e9e majeure ?&hellip;\n","protected":false},"author":2,"featured_media":650344,"comment_status":"","ping_status":"","sticky":false,"template":"","format":"standard","meta":{"footnotes":""},"categories":[9587],"tags":[1111,31795,47,11,2349,16244,31794,5949,75477,1777,674,1011,27,12,5161,1050,25,75478,9590],"class_list":{"0":"post-650343","1":"post","2":"type-post","3":"status-publish","4":"format-standard","5":"has-post-thumbnail","7":"category-rouen","8":"tag-actu","9":"tag-actu-juridique","10":"tag-actualite","11":"tag-actualites","12":"tag-articles-reserves","13":"tag-democratie-locale","14":"tag-droit-des-collectivites","15":"tag-elections","16":"tag-elu-local","17":"tag-eu","18":"tag-europe","19":"tag-fr","20":"tag-france","21":"tag-news","22":"tag-normandie","23":"tag-parlement","24":"tag-republique-francaise","25":"tag-rgaspar","26":"tag-rouen"},"share_on_mastodon":{"url":"https:\/\/pubeurope.com\/@fr\/115861798572245058","error":""},"_links":{"self":[{"href":"https:\/\/www.europesays.com\/fr\/wp-json\/wp\/v2\/posts\/650343","targetHints":{"allow":["GET"]}}],"collection":[{"href":"https:\/\/www.europesays.com\/fr\/wp-json\/wp\/v2\/posts"}],"about":[{"href":"https:\/\/www.europesays.com\/fr\/wp-json\/wp\/v2\/types\/post"}],"author":[{"embeddable":true,"href":"https:\/\/www.europesays.com\/fr\/wp-json\/wp\/v2\/users\/2"}],"replies":[{"embeddable":true,"href":"https:\/\/www.europesays.com\/fr\/wp-json\/wp\/v2\/comments?post=650343"}],"version-history":[{"count":0,"href":"https:\/\/www.europesays.com\/fr\/wp-json\/wp\/v2\/posts\/650343\/revisions"}],"wp:featuredmedia":[{"embeddable":true,"href":"https:\/\/www.europesays.com\/fr\/wp-json\/wp\/v2\/media\/650344"}],"wp:attachment":[{"href":"https:\/\/www.europesays.com\/fr\/wp-json\/wp\/v2\/media?parent=650343"}],"wp:term":[{"taxonomy":"category","embeddable":true,"href":"https:\/\/www.europesays.com\/fr\/wp-json\/wp\/v2\/categories?post=650343"},{"taxonomy":"post_tag","embeddable":true,"href":"https:\/\/www.europesays.com\/fr\/wp-json\/wp\/v2\/tags?post=650343"}],"curies":[{"name":"wp","href":"https:\/\/api.w.org\/{rel}","templated":true}]}}