{"id":650349,"date":"2026-01-08T22:20:19","date_gmt":"2026-01-08T22:20:19","guid":{"rendered":"https:\/\/www.europesays.com\/fr\/650349\/"},"modified":"2026-01-08T22:20:19","modified_gmt":"2026-01-08T22:20:19","slug":"pro-d2-conquete-catastrophique-plus-de-40-points-encaisses-le-fcg-prend-une-lecon-sur-le-terrain-de-provence-rugby-revivez-le-match-en-direct-commente","status":"publish","type":"post","link":"https:\/\/www.europesays.com\/fr\/650349\/","title":{"rendered":"Pro D2. Conqu\u00eate catastrophique, plus de 40 points encaiss\u00e9s\u00a0: le FCG prend une le\u00e7on sur le terrain de Provence rugby\u2026 revivez le match en direct comment\u00e9"},"content":{"rendered":"<p>En th\u00e9orie, s&rsquo;imposer \u00e0 Aix-en-Provence serait un coup parfait pour le FCG. Mais la pratique devient vite plus compliqu\u00e9. A Maurice David, les hommes du Dr\u00f4mois Philippe Saint-Andr\u00e9 sont sur une s\u00e9rie de six victoires cons\u00e9cutives. Et de nombreuses \u00e9quipes (Biarritz, Dax, Brive, Carcassonne, B\u00e9ziers) ont domin\u00e9 dans les grandes largeurs. Mais l&rsquo;antre proven\u00e7ale n&rsquo;est pas imprenable. Une formation est parvenue \u00e0 cr\u00e9er la surprise\u00a0: Valence Romans lors de la deuxi\u00e8me journ\u00e9e de championnat <a href=\"https:\/\/www.ledauphine.com\/sport\/2025\/09\/05\/pro-d2-le-vrdr-peut-il-realiser-un-gros-coup-face-a-provence-rugby-suivez-le-match-des-damiers\" target=\"_blank\" rel=\"noopener\">(30-33)<\/a>.<\/p>\n<p>Les Grenoblois devront donc s&rsquo;inspirer de leur voisin dr\u00f4mois.\u00a0<\/p>\n","protected":false},"excerpt":{"rendered":"En th\u00e9orie, s&rsquo;imposer \u00e0 Aix-en-Provence serait un coup parfait pour le FCG. Mais la pratique devient vite plus&hellip;\n","protected":false},"author":2,"featured_media":650350,"comment_status":"","ping_status":"","sticky":false,"template":"","format":"standard","meta":{"footnotes":""},"categories":[9566],"tags":[1111,11,2430,3545,112,113,114,1777,674,2727,107,1701,1011,27,2731,2732,108,1985,12,2308,25,517,1947],"class_list":{"0":"post-650349","1":"post","2":"type-post","3":"status-publish","4":"format-standard","5":"has-post-thumbnail","7":"category-grenoble","8":"tag-actu","9":"tag-actualites","10":"tag-auvergne-rhone-alpes","11":"tag-direct-sport","12":"tag-edition-grenoble-agglomeration","13":"tag-edition-gresivaudan-oisans","14":"tag-edition-voiron-saint-marcellin","15":"tag-eu","16":"tag-europe","17":"tag-fcg-fc-grenoble-rugby","18":"tag-fil-info","19":"tag-fil-info-sport","20":"tag-fr","21":"tag-france","22":"tag-grenoble","23":"tag-grenoble-bassin","24":"tag-isere","25":"tag-metropole-de-grenoble","26":"tag-news","27":"tag-pro-d2","28":"tag-republique-francaise","29":"tag-sport","30":"tag-sport-national"},"share_on_mastodon":{"url":"https:\/\/pubeurope.com\/@fr\/115861810418621083","error":""},"_links":{"self":[{"href":"https:\/\/www.europesays.com\/fr\/wp-json\/wp\/v2\/posts\/650349","targetHints":{"allow":["GET"]}}],"collection":[{"href":"https:\/\/www.europesays.com\/fr\/wp-json\/wp\/v2\/posts"}],"about":[{"href":"https:\/\/www.europesays.com\/fr\/wp-json\/wp\/v2\/types\/post"}],"author":[{"embeddable":true,"href":"https:\/\/www.europesays.com\/fr\/wp-json\/wp\/v2\/users\/2"}],"replies":[{"embeddable":true,"href":"https:\/\/www.europesays.com\/fr\/wp-json\/wp\/v2\/comments?post=650349"}],"version-history":[{"count":0,"href":"https:\/\/www.europesays.com\/fr\/wp-json\/wp\/v2\/posts\/650349\/revisions"}],"wp:featuredmedia":[{"embeddable":true,"href":"https:\/\/www.europesays.com\/fr\/wp-json\/wp\/v2\/media\/650350"}],"wp:attachment":[{"href":"https:\/\/www.europesays.com\/fr\/wp-json\/wp\/v2\/media?parent=650349"}],"wp:term":[{"taxonomy":"category","embeddable":true,"href":"https:\/\/www.europesays.com\/fr\/wp-json\/wp\/v2\/categories?post=650349"},{"taxonomy":"post_tag","embeddable":true,"href":"https:\/\/www.europesays.com\/fr\/wp-json\/wp\/v2\/tags?post=650349"}],"curies":[{"name":"wp","href":"https:\/\/api.w.org\/{rel}","templated":true}]}}