{"id":650369,"date":"2026-01-08T22:31:14","date_gmt":"2026-01-08T22:31:14","guid":{"rendered":"https:\/\/www.europesays.com\/fr\/650369\/"},"modified":"2026-01-08T22:31:14","modified_gmt":"2026-01-08T22:31:14","slug":"un-enseignant-accuse-de-17-viols-sur-des-eleves-a-bordeaux-journal-de-20-heures","status":"publish","type":"post","link":"https:\/\/www.europesays.com\/fr\/650369\/","title":{"rendered":"Un enseignant accus\u00e9 de 17 viols sur des \u00e9l\u00e8ves \u00e0 Bordeaux &#8211; Journal de 20 heures"},"content":{"rendered":"<p class=\"default-2\">C&rsquo;est un des dossiers de p\u00e9docriminalit\u00e9 les plus importants de ces derni\u00e8res ann\u00e9es dans un \u00e9tablissement scolaire. \u00c0 Bordeaux, un ancien instituteur vient d&rsquo;\u00eatre renvoy\u00e9 devant une cour criminelle pour 17 viols. Il enseignait dans l&rsquo;une des \u00e9coles catholiques les plus r\u00e9put\u00e9es et est actuellement en d\u00e9tention provisoire. Au total, les enqu\u00eateurs ont identifi\u00e9 36 victimes potentielles entre 2008 et 2023. Des agressions sexuelles dans le sommeil des \u00e9l\u00e8ves ou des photographies prises \u00e0 leur insu.<\/p>\n<p>TF1 | Reportage C. CHEVRETON, C. BROUSSEAU<\/p>\n<p>Journal t\u00e9l\u00e9vis\u00e9, Actualit\u00e92m08<\/p>\n<p>Publi\u00e9 le 8 janv. 2026 \u00e0 20:21<\/p>\n","protected":false},"excerpt":{"rendered":"C&rsquo;est un des dossiers de p\u00e9docriminalit\u00e9 les plus importants de ces derni\u00e8res ann\u00e9es dans un \u00e9tablissement scolaire. \u00c0&hellip;\n","protected":false},"author":2,"featured_media":650370,"comment_status":"","ping_status":"","sticky":false,"template":"","format":"standard","meta":{"footnotes":""},"categories":[2817],"tags":[1111,11,1997,1777,674,3483,3697,41323,41321,1011,27,3699,3698,41324,41329,41333,41322,41330,41334,41327,41326,12,2219,25,41331,41332,3701,41328,3700,41325],"class_list":{"0":"post-650369","1":"post","2":"type-post","3":"status-publish","4":"format-standard","5":"has-post-thumbnail","7":"category-bordeaux","8":"tag-actu","9":"tag-actualites","10":"tag-bordeaux","11":"tag-eu","12":"tag-europe","13":"tag-extrait","14":"tag-extrait-journal-de-20-heures","15":"tag-extrait-journal-de-20-heures-tf1","16":"tag-extrait-tf1","17":"tag-fr","18":"tag-france","19":"tag-journal-de-20-heures","20":"tag-journal-de-20-heures-extrait","21":"tag-journal-de-20-heures-extrait-tf1","22":"tag-journal-de-20-heures-streaming","23":"tag-journal-de-20-heures-streaming-gratuit","24":"tag-journal-de-20-heures-tf1","25":"tag-journal-de-20-heures-tf1-streaming","26":"tag-journal-de-20-heures-tf1-streaming-gratuit","27":"tag-journal-de-20-heures-tf1-video","28":"tag-journal-de-20-heures-video","29":"tag-news","30":"tag-nouvelle-aquitaine","31":"tag-republique-francaise","32":"tag-streaming-gratuit-journal-de-20-heures","33":"tag-streaming-gratuit-journal-de-20-heures-tf1","34":"tag-streaming-journal-de-20-heures","35":"tag-streaming-journal-de-20-heures-tf1","36":"tag-video-journal-de-20-heures","37":"tag-video-journal-de-20-heures-tf1"},"share_on_mastodon":{"url":"","error":"Validation failed: Text character limit of 500 exceeded"},"_links":{"self":[{"href":"https:\/\/www.europesays.com\/fr\/wp-json\/wp\/v2\/posts\/650369","targetHints":{"allow":["GET"]}}],"collection":[{"href":"https:\/\/www.europesays.com\/fr\/wp-json\/wp\/v2\/posts"}],"about":[{"href":"https:\/\/www.europesays.com\/fr\/wp-json\/wp\/v2\/types\/post"}],"author":[{"embeddable":true,"href":"https:\/\/www.europesays.com\/fr\/wp-json\/wp\/v2\/users\/2"}],"replies":[{"embeddable":true,"href":"https:\/\/www.europesays.com\/fr\/wp-json\/wp\/v2\/comments?post=650369"}],"version-history":[{"count":0,"href":"https:\/\/www.europesays.com\/fr\/wp-json\/wp\/v2\/posts\/650369\/revisions"}],"wp:featuredmedia":[{"embeddable":true,"href":"https:\/\/www.europesays.com\/fr\/wp-json\/wp\/v2\/media\/650370"}],"wp:attachment":[{"href":"https:\/\/www.europesays.com\/fr\/wp-json\/wp\/v2\/media?parent=650369"}],"wp:term":[{"taxonomy":"category","embeddable":true,"href":"https:\/\/www.europesays.com\/fr\/wp-json\/wp\/v2\/categories?post=650369"},{"taxonomy":"post_tag","embeddable":true,"href":"https:\/\/www.europesays.com\/fr\/wp-json\/wp\/v2\/tags?post=650369"}],"curies":[{"name":"wp","href":"https:\/\/api.w.org\/{rel}","templated":true}]}}