{"id":650371,"date":"2026-01-08T22:32:09","date_gmt":"2026-01-08T22:32:09","guid":{"rendered":"https:\/\/www.europesays.com\/fr\/650371\/"},"modified":"2026-01-08T22:32:09","modified_gmt":"2026-01-08T22:32:09","slug":"garde-a-vue-annulee-enquete-defaillante-accuse-dun-vol-a-larrache-dans-le-metro-un-homme-relaxe","status":"publish","type":"post","link":"https:\/\/www.europesays.com\/fr\/650371\/","title":{"rendered":"Garde \u00e0 vue annul\u00e9e, enqu\u00eate d\u00e9faillante, accus\u00e9 d\u2019un vol \u00e0 l\u2019arrach\u00e9 dans le m\u00e9tro, un homme relax\u00e9"},"content":{"rendered":"<p>\n                                                                    l&rsquo;essentiel<br \/>\n                                                                Arr\u00eat\u00e9 apr\u00e8s une enqu\u00eate sur un vol de collier d\u00e9but d\u00e9cembre \u00e0 la station de m\u00e9tro des Ar\u00e8nes, \u00e0 Toulouse, un homme de 26 ans a affront\u00e9 sa garde \u00e0 vue en petite forme. Son avocate, Me Clothilde Leroux, a obtenu nullit\u00e9 et relaxe.\n                            <\/p>\n<p>\u00ab\u00a0Ce n\u2019est pas une question d\u2019opportunit\u00e9. Devant les enqu\u00eateurs, lors de sa garde \u00e0 vue, cet homme \u00e9tait malade, il vomissait. Il aurait d\u00fb voir le m\u00e9decin plus t\u00f4t, ce qui lui aurait permis de se d\u00e9fendre.\u00a0\u00bb Me Clothilde Leroux reste ferme, met en avant \u00ab\u00a0les droits de la d\u00e9fense\u00a0\u00bb. Et devant le tribunal correctionnel, ce mercredi, cette jeune avocate a tenu bon.<\/p>\n<p>Le parquet a fini par se ranger \u00e0 ses arguments, admettant que le m\u00e9decin, alert\u00e9 seulement le lendemain, \u00ab\u00a0n\u2019avait pas \u00e9t\u00e9 pr\u00e9venu dans les d\u00e9lais\u00a0\u00bb. Pour autant, pas question d\u2019abandonner les poursuites contre cet homme de 26 ans, d\u00e9sign\u00e9 comme l\u2019auteur d\u2019un vol \u00e0 l\u2019arrach\u00e9 dans le m\u00e9tro, station des Ar\u00e8nes \u00e0 Toulouse. La victime avait 88 ans.<\/p>\n<p>\u00ab\u00a0Cela pouvait \u00eatre n\u2019importe qui\u00a0!\u00a0\u00bb<\/p>\n<p>\u00ab\u00a0Il a quand m\u00eame requis deux ans de prison\u00a0\u00bb, indique l\u2019avocate. Sauf qu\u2019en regardant de pr\u00e8s l\u2019enqu\u00eate, Me Leroux a trouv\u00e9 d\u2019autres incoh\u00e9rences. \u00ab\u00a0Nous avions des photos floues que les policiers pr\u00e9sentaient comme des preuves. Un homme brun, taille moyenne avec une barbe, cela aurait pu \u00eatre n\u2019importe qui\u00a0!\u00a0\u00bb Et surtout pas son client.<\/p>\n<p>\u00ab\u00a0Au d\u00e9part des investigations, apr\u00e8s comparaison, les policiers \u00e9voquaient 198 possibilit\u00e9s. Trois jours apr\u00e8s, cela devient mon client. Non\u00a0! D\u2019ailleurs, lui affirmait qu\u2019il ne se trouvait pas sur place ce lundi 8\u00a0d\u00e9cembre.\u00a0\u00bb<\/p>\n<p>Le tribunal a retenu l\u2019erreur de proc\u00e9dure, et donc la nullit\u00e9 de la garde \u00e0 vue. Mais les juges ont aussi relax\u00e9 le pr\u00e9venu, au b\u00e9n\u00e9fice du doute. Double d\u00e9cision et double satisfaction pour Me Clothilde Leroux.<\/p>\n","protected":false},"excerpt":{"rendered":"l&rsquo;essentiel Arr\u00eat\u00e9 apr\u00e8s une enqu\u00eate sur un vol de collier d\u00e9but d\u00e9cembre \u00e0 la station de m\u00e9tro des&hellip;\n","protected":false},"author":2,"featured_media":650372,"comment_status":"","ping_status":"","sticky":false,"template":"","format":"standard","meta":{"footnotes":""},"categories":[2816],"tags":[1111,11,1777,674,1011,27,329,2722,303,12,2680,25,2312],"class_list":{"0":"post-650371","1":"post","2":"type-post","3":"status-publish","4":"format-standard","5":"has-post-thumbnail","7":"category-toulouse","8":"tag-actu","9":"tag-actualites","10":"tag-eu","11":"tag-europe","12":"tag-fr","13":"tag-france","14":"tag-france-monde","15":"tag-haute-garonne","16":"tag-justice","17":"tag-news","18":"tag-occitanie","19":"tag-republique-francaise","20":"tag-toulouse"},"share_on_mastodon":{"url":"https:\/\/pubeurope.com\/@fr\/115861857623743894","error":""},"_links":{"self":[{"href":"https:\/\/www.europesays.com\/fr\/wp-json\/wp\/v2\/posts\/650371","targetHints":{"allow":["GET"]}}],"collection":[{"href":"https:\/\/www.europesays.com\/fr\/wp-json\/wp\/v2\/posts"}],"about":[{"href":"https:\/\/www.europesays.com\/fr\/wp-json\/wp\/v2\/types\/post"}],"author":[{"embeddable":true,"href":"https:\/\/www.europesays.com\/fr\/wp-json\/wp\/v2\/users\/2"}],"replies":[{"embeddable":true,"href":"https:\/\/www.europesays.com\/fr\/wp-json\/wp\/v2\/comments?post=650371"}],"version-history":[{"count":0,"href":"https:\/\/www.europesays.com\/fr\/wp-json\/wp\/v2\/posts\/650371\/revisions"}],"wp:featuredmedia":[{"embeddable":true,"href":"https:\/\/www.europesays.com\/fr\/wp-json\/wp\/v2\/media\/650372"}],"wp:attachment":[{"href":"https:\/\/www.europesays.com\/fr\/wp-json\/wp\/v2\/media?parent=650371"}],"wp:term":[{"taxonomy":"category","embeddable":true,"href":"https:\/\/www.europesays.com\/fr\/wp-json\/wp\/v2\/categories?post=650371"},{"taxonomy":"post_tag","embeddable":true,"href":"https:\/\/www.europesays.com\/fr\/wp-json\/wp\/v2\/tags?post=650371"}],"curies":[{"name":"wp","href":"https:\/\/api.w.org\/{rel}","templated":true}]}}