{"id":650383,"date":"2026-01-08T22:38:11","date_gmt":"2026-01-08T22:38:11","guid":{"rendered":"https:\/\/www.europesays.com\/fr\/650383\/"},"modified":"2026-01-08T22:38:11","modified_gmt":"2026-01-08T22:38:11","slug":"lyon-fabienne-buccio-et-christophe-guilloteau-appellent-a-lunite-et-a-faire-primer-linteret-general","status":"publish","type":"post","link":"https:\/\/www.europesays.com\/fr\/650383\/","title":{"rendered":"Lyon. Fabienne Buccio et Christophe Guilloteau appellent \u00e0 \u00ab\u00a0l\u2019unit\u00e9\u00a0\u00bb et \u00e0 faire primer \u00ab\u00a0l\u2019int\u00e9r\u00eat g\u00e9n\u00e9ral\u00a0\u00bb"},"content":{"rendered":"<p>Ils \u00e9taient tous l\u00e0, forc\u00e9ment. Les candidats aux municipales, futurs \u00e9lus ou battus, jouaient au coude-\u00e0-coude jeudi soir sous les ors du grand salon de l\u2019h\u00f4tel du d\u00e9partement pour cette c\u00e9r\u00e9monie de v\u0153ux commune \u00e0 la pr\u00e9f\u00e8te <a href=\"https:\/\/www.leprogres.fr\/p\/fabienne-buccio\" target=\"_blank\" rel=\"noopener\">Fabienne Buccio<\/a> et au pr\u00e9sident du Rh\u00f4ne. Ouvrant le bal, <a href=\"https:\/\/www.leprogres.fr\/p\/christophe-guilloteau\" target=\"_blank\" rel=\"noopener\">Christophe Guilloteau<\/a> (LR) a rendu un hommage appuy\u00e9 aux \u00e9lus locaux, \u00ab\u00a0c\u0153ur battant de la nation\u00a0\u00bb, dont le mandat rel\u00e8ve parfois du sacerdoce.<\/p>\n<p>  \u00a0Des voeux appellant \u00e0 \u00ab\u00a0l&rsquo;unit\u00e9\u00a0\u00bb<\/p>\n<p>\u00ab\u00a0\u00c9num\u00e9rant les crises, avec \u00ab\u00a0une France prise en \u00e9tau\u00a0\u00bb, il a lou\u00e9 l\u2019implication des services de secours, des forces de l\u2019ordre, des b\u00e9n\u00e9voles du tissu associatif <a href=\"https:\/\/www.leprogres.fr\/economie\/2026\/01\/08\/la-fdsea-du-rhone-et-les-jeunes-agriculteurs-manifestent-contre-le-mercosur-devant-la-prefecture\" target=\"_blank\" rel=\"noopener\">et des agriculteurs<\/a> qui, chacun dans leur r\u00f4le, participent \u00e0 l\u2019unit\u00e9 du pays. \u00ab\u00a0On a besoin de cette unit\u00e9\u00a0\u00bb, a-t-il insist\u00e9. L\u2019unit\u00e9 n\u2019emp\u00eache pas le d\u00e9bat. Et les clivages. \u00c0 l\u2019image de ces petites phrases destin\u00e9es \u00e0 ses voisins \u00e9cologistes. \u00ab\u00a0Osez franchir les fronti\u00e8res de la M\u00e9tropole et vous serez surpris de la s\u00e9r\u00e9nit\u00e9 de nos\u00a0200 communes\u00a0\u00bb, a-t-il gliss\u00e9, ironisant sur les embouteillages et les \u00ab\u00a0boulevards transform\u00e9s en piste \u00e0 bicyclette\u00a0\u00bb.<\/p>\n<p>Tonalit\u00e9 plus consensuelle pour Fabienne Buccio, qui a rappel\u00e9 l\u2019action d\u00e9termin\u00e9e de l\u2019\u00c9tat en r\u00e9gion en mati\u00e8re d\u2018\u00e9nergie, d\u2019\u00e9conomie, d\u2019emploi et surtout de s\u00e9curit\u00e9, \u00ab\u00a0priorit\u00e9\u00a0\u00bb des habitants. \u00ab\u00a0<a href=\"https:\/\/www.leprogres.fr\/faits-divers-justice\/2025\/10\/10\/les-derniers-points-de-deal-sont-tombes-au-tonkin-longtemps-gangrene-par-le-trafic\" target=\"_blank\" rel=\"noopener\">Une quinzaine de points de deal<\/a> parmi les plus importants a \u00e9t\u00e9 d\u00e9mantel\u00e9e en 2025\u00a0\u00bb, a illustr\u00e9 la pr\u00e9f\u00e8te. Les d\u00e9fis de 2026 sont immenses\u00a0: les enjeux politiques, locaux, internationaux et climatiques commandent d\u2019agir de fa\u00e7on \u00ab\u00a0lucide\u00a0\u00bb. Et elle a appel\u00e9 l\u2019assistance \u00e0 \u00ab\u00a0s\u2019engager et \u00e0 travailler dans le seul souci de l\u2019int\u00e9r\u00eat g\u00e9n\u00e9ral en dissipant les controverses\u00a0\u00bb.<\/p>\n","protected":false},"excerpt":{"rendered":"Ils \u00e9taient tous l\u00e0, forc\u00e9ment. Les candidats aux municipales, futurs \u00e9lus ou battus, jouaient au coude-\u00e0-coude jeudi soir&hellip;\n","protected":false},"author":2,"featured_media":650384,"comment_status":"","ping_status":"","sticky":false,"template":"","format":"standard","meta":{"footnotes":""},"categories":[1889],"tags":[1111,11,2430,2757,1777,674,107,1011,27,2428,2756,12,316,25,2429],"class_list":{"0":"post-650383","1":"post","2":"type-post","3":"status-publish","4":"format-standard","5":"has-post-thumbnail","7":"category-lyon","8":"tag-actu","9":"tag-actualites","10":"tag-auvergne-rhone-alpes","11":"tag-edition-lyon-villeurbanne","12":"tag-eu","13":"tag-europe","14":"tag-fil-info","15":"tag-fr","16":"tag-france","17":"tag-lyon","18":"tag-lyon-bassin","19":"tag-news","20":"tag-politique","21":"tag-republique-francaise","22":"tag-rhone"},"share_on_mastodon":{"url":"https:\/\/pubeurope.com\/@fr\/115861881158503280","error":""},"_links":{"self":[{"href":"https:\/\/www.europesays.com\/fr\/wp-json\/wp\/v2\/posts\/650383","targetHints":{"allow":["GET"]}}],"collection":[{"href":"https:\/\/www.europesays.com\/fr\/wp-json\/wp\/v2\/posts"}],"about":[{"href":"https:\/\/www.europesays.com\/fr\/wp-json\/wp\/v2\/types\/post"}],"author":[{"embeddable":true,"href":"https:\/\/www.europesays.com\/fr\/wp-json\/wp\/v2\/users\/2"}],"replies":[{"embeddable":true,"href":"https:\/\/www.europesays.com\/fr\/wp-json\/wp\/v2\/comments?post=650383"}],"version-history":[{"count":0,"href":"https:\/\/www.europesays.com\/fr\/wp-json\/wp\/v2\/posts\/650383\/revisions"}],"wp:featuredmedia":[{"embeddable":true,"href":"https:\/\/www.europesays.com\/fr\/wp-json\/wp\/v2\/media\/650384"}],"wp:attachment":[{"href":"https:\/\/www.europesays.com\/fr\/wp-json\/wp\/v2\/media?parent=650383"}],"wp:term":[{"taxonomy":"category","embeddable":true,"href":"https:\/\/www.europesays.com\/fr\/wp-json\/wp\/v2\/categories?post=650383"},{"taxonomy":"post_tag","embeddable":true,"href":"https:\/\/www.europesays.com\/fr\/wp-json\/wp\/v2\/tags?post=650383"}],"curies":[{"name":"wp","href":"https:\/\/api.w.org\/{rel}","templated":true}]}}