{"id":650389,"date":"2026-01-08T22:42:10","date_gmt":"2026-01-08T22:42:10","guid":{"rendered":"https:\/\/www.europesays.com\/fr\/650389\/"},"modified":"2026-01-08T22:42:10","modified_gmt":"2026-01-08T22:42:10","slug":"a-crans-montana-une-enquete-sous-haute-tension-et-aux-nombreuses-rumeurs-infondees","status":"publish","type":"post","link":"https:\/\/www.europesays.com\/fr\/650389\/","title":{"rendered":"\u00c0 Crans-Montana, une enqu\u00eate sous haute tension et aux nombreuses rumeurs infond\u00e9es"},"content":{"rendered":"<p>Vendredi matin \u00e0 huit heures, \u00a0<a href=\"https:\/\/www.parismatch.com\/actu\/faits-divers\/crans-montana-les-proprietaires-francais-devastes-et-envahis-par-le-chagrin-sortent-du-silence-262536\" target=\"_blank\" rel=\"noopener\">les propri\u00e9taires du bar \u00ab\u00a0La Constellation\u00a0\u00bb<\/a> seront interrog\u00e9s par la police judiciaire \u00e0 Sion. Depuis le 3 janvier, soit deux jours apr\u00e8s le drame qui a d\u00e9vast\u00e9plus d\u2019une centaine de familles, Jacques et Jessica Moretti sont vis\u00e9s par une instruction p\u00e9nale, \u00e9quivalent suisse d\u2019une mise en examen pour \u00ab\u00a0homicide par n\u00e9gligence\u00a0\u00bb, \u00ab\u00a0l\u00e9sions corporelles par n\u00e9gligence\u00a0\u00bb et \u00ab\u00a0incendie par n\u00e9gligence\u00a0\u00bb. Ils sont pr\u00e9sum\u00e9s innocents.<\/p>\n<p>L\u2019enqu\u00eate devra d\u00e9terminer les d\u00e9faillances de normes de s\u00e9curit\u00e9 et de contr\u00f4les. La Procureure g\u00e9n\u00e9rale a d\u00e9j\u00e0 indiqu\u00e9 que les enqu\u00eateurs devront d\u00e9terminer si la mousse acoustique pos\u00e9e au plafond et sur les murs lors des travaux d\u2019am\u00e9nagement de 2015 est \u00ab\u00a0conforme ou non\u00a0\u00bb et si elle a \u00e9t\u00e9 pos\u00e9e \u00ab\u00a0avec ou sans autorisation\u00a0\u00bb. De nombreux commentaires ont fus\u00e9 pour accuser le laxisme de la commune de Crans-Montana vis-\u00e0-vis des \u00e9tablissements tenus par les Moretti dont les employ\u00e9s corses se sont illustr\u00e9s en malmenant des journalistes.\u00a0<\/p>\n<p>La ville se refuse aujourd\u2019hui d\u2019ajouter des commentaires. Les avocats des parties civiles Me S\u00e9bastien Fanti, Me Romain Jordan et Me Jean-Luc Addor ont,pour leur part, \u00e9mis de nombreuses critiques sur la tenue de l\u2019enqu\u00eate. Ils ont d\u00e9plor\u00e9 que l\u2019affaire soit confi\u00e9e \u00e0 l\u2019Office r\u00e9gional du Valais Central qui compte une dizaine de procureurs et ne semble pas assez solide pour instruire une affaire d\u2019une telle ampleur. Il aurait fallu, selon eux, que la direction centrale soit saisie, ceci aussi afin d\u2019\u00e9loigner toute suspicion de collusions au niveau local. Les parties civiles ont \u00e9galement regrett\u00e9 d\u2019\u00eatre exclus des auditions des pr\u00e9venus comme celle qui aura lieu demain matin.<\/p>\n<p>Des t\u00e9moignages mais pas de preuves<\/p>\n<p>La nouvelle qui a fait le plus de bruit aujourd\u2019hui est une pr\u00e9tendue vid\u00e9o dans laquelle Jessica Moretti serait apparue s\u2019\u00e9chappant dans la rue la nuit de l\u2019incendie tenant la caisse dans les mains. L\u2019origine de cette rumeur est une information publi\u00e9e par La Repubblica. D\u2019apr\u00e8s le quotidien italien, plusieurs victimes auraient livr\u00e9 un t\u00e9moignage concordant selon lequel la g\u00e9rante du \u00ab\u00a0Constellation\u00a0\u00bb se serait \u00e9chapp\u00e9e avec la caisse sous le bras laissant derri\u00e8re elle le bar en flamme avec des victimes.\u00a0<\/p>\n<p>Toujours selon la Repubblica, la police ayant recueilli ces t\u00e9moignages se serait aussit\u00f4t mise en qu\u00eate de contr\u00f4ler les images film\u00e9es la nuit du drame par les cam\u00e9ras de la ville. Des t\u00e9l\u00e9visions italiennes, citant des \u00ab\u00a0sources judiciaires italiennes\u00a0\u00bb, ont ensuite annonc\u00e9 que cette vid\u00e9o existe. Pourtant aucune enqu\u00eate judiciaire n\u2019a, \u00e0 ce stade, \u00e9t\u00e9 lanc\u00e9e en Italie. Quant \u00e0 la vid\u00e9o, rien n\u2019indique aujourd\u2019hui que les policiers l\u2019aient retrouv\u00e9e, si tant est qu\u2019elle existe. \u00ab\u00a0Cette histoire nous embarrasse un peu\u00a0\u00bb, avoue un journaliste italien d\u2019un c\u00e9l\u00e8bre quotidien qui reconnait que personne n\u2019a, \u00e0 ce jour, re\u00e7u l\u2019information de source fiable. L\u2019un des avocats des parties civiles nous dit, en off, ne pas avoir vu ces images.\u00a0<\/p>\n<p>    La suite apr\u00e8s cette publicit\u00e9<\/p>\n<p>En Italie, le drame a pris des tournures politiques. Comme le pr\u00e9sident fran\u00e7ais Emmanuel Macron, le pr\u00e9sident italien Sergio Matarella assistera demain \u00e0 la c\u00e9r\u00e9monie qui aura lieu \u00e0 Martigny. Le vice-Pr\u00e9sident du Conseil des ministres Matteo Salvini, pr\u00e9sident de la Lega parti de droite nationaliste, a d\u00e9clar\u00e9 quant \u00e0 lui que \u00ab\u00a0dans la Suisse civilis\u00e9e, des portes de prison devront s\u2019ouvrir pour un certain nombre de personnes\u00a0\u00bb. Le commentaire vise les \u00e9poux Moretti. L\u2019ambassadeur d\u2019Italie en Suisse a ensuite rectifi\u00e9 la d\u00e9claration v\u00e9h\u00e9mente de Salvini assurant dans une interview au m\u00e9dia Blick que \u00ab\u00a0le ministre [italien] des Affaires \u00e9trang\u00e8res a toute confiance dans la justice et les autorit\u00e9s suisses\u00a0\u00bb.<\/p>\n<p>L\u2019ambassadeur Gian Lorenzo Cornado s\u2019est permis de lister les d\u00e9faillances ayant amen\u00e9 la mort tragique de 40 jeunes et les 116 bless\u00e9s\u00a0: \u00ab\u00a0absence totale de mesures de s\u00e9curit\u00e9\u00a0\u00bb, \u00ab\u00a0absence de syst\u00e8me de d\u00e9tection de fum\u00e9e et d\u2019extinction\u00a0\u00bb, \u00ab\u00a0pas de sortie de secourspraticable\u00a0\u00bb, \u00ab\u00a0plafond inflammable\u00a0\u00bb. Il a aussi accus\u00e9 les propri\u00e9taires de s\u2019\u00eatre comport\u00e9s\u00ab\u00a0de mani\u00e8re irresponsable\u00a0\u00bb et conclut\u00a0: \u00ab\u00a0la commune de Crans-Montana, comme l&rsquo;a reconnu son pr\u00e9sident Nicolas F\u00e9raud lui-m\u00eame, a n\u00e9glig\u00e9 ses obligations de contr\u00f4le\u00a0\u00bb.<\/p>\n<p>\u00a0<\/p>\n","protected":false},"excerpt":{"rendered":"Vendredi matin \u00e0 huit heures, \u00a0les propri\u00e9taires du bar \u00ab\u00a0La Constellation\u00a0\u00bb seront interrog\u00e9s par la police judiciaire \u00e0&hellip;\n","protected":false},"author":2,"featured_media":650390,"comment_status":"","ping_status":"","sticky":false,"template":"","format":"standard","meta":{"footnotes":""},"categories":[1888],"tags":[1111,1928,11,1927,1777,674,1011,27,12,1926,626,1925,25],"class_list":{"0":"post-650389","1":"post","2":"type-post","3":"status-publish","4":"format-standard","5":"has-post-thumbnail","7":"category-paris","8":"tag-actu","9":"tag-actu-paris","10":"tag-actualites","11":"tag-actualites-paris","12":"tag-eu","13":"tag-europe","14":"tag-fr","15":"tag-france","16":"tag-news","17":"tag-news-paris","18":"tag-paris","19":"tag-paris-news","20":"tag-republique-francaise"},"share_on_mastodon":{"url":"https:\/\/pubeurope.com\/@fr\/115861896886025215","error":""},"_links":{"self":[{"href":"https:\/\/www.europesays.com\/fr\/wp-json\/wp\/v2\/posts\/650389","targetHints":{"allow":["GET"]}}],"collection":[{"href":"https:\/\/www.europesays.com\/fr\/wp-json\/wp\/v2\/posts"}],"about":[{"href":"https:\/\/www.europesays.com\/fr\/wp-json\/wp\/v2\/types\/post"}],"author":[{"embeddable":true,"href":"https:\/\/www.europesays.com\/fr\/wp-json\/wp\/v2\/users\/2"}],"replies":[{"embeddable":true,"href":"https:\/\/www.europesays.com\/fr\/wp-json\/wp\/v2\/comments?post=650389"}],"version-history":[{"count":0,"href":"https:\/\/www.europesays.com\/fr\/wp-json\/wp\/v2\/posts\/650389\/revisions"}],"wp:featuredmedia":[{"embeddable":true,"href":"https:\/\/www.europesays.com\/fr\/wp-json\/wp\/v2\/media\/650390"}],"wp:attachment":[{"href":"https:\/\/www.europesays.com\/fr\/wp-json\/wp\/v2\/media?parent=650389"}],"wp:term":[{"taxonomy":"category","embeddable":true,"href":"https:\/\/www.europesays.com\/fr\/wp-json\/wp\/v2\/categories?post=650389"},{"taxonomy":"post_tag","embeddable":true,"href":"https:\/\/www.europesays.com\/fr\/wp-json\/wp\/v2\/tags?post=650389"}],"curies":[{"name":"wp","href":"https:\/\/api.w.org\/{rel}","templated":true}]}}