{"id":650391,"date":"2026-01-08T22:43:28","date_gmt":"2026-01-08T22:43:28","guid":{"rendered":"https:\/\/www.europesays.com\/fr\/650391\/"},"modified":"2026-01-08T22:43:28","modified_gmt":"2026-01-08T22:43:28","slug":"un-chien-meurt-electrocute-des-dizaines-dautres-touches","status":"publish","type":"post","link":"https:\/\/www.europesays.com\/fr\/650391\/","title":{"rendered":"un chien meurt \u00e9lectrocut\u00e9, des dizaines d&rsquo;autres touch\u00e9s"},"content":{"rendered":"<p>\u00ab\u00a0C&rsquo;est une v\u00e9ritable trag\u00e9die et cela aurait pu \u00eatre bien pire\u00a0\u00bb, d\u00e9nonce sur Instagram le collectif Monceau Dog Club. Plusieurs chiens ont re\u00e7u des d\u00e9charges \u00e9lectriques en d\u00e9but de semaine \u00e0 Paris, et l&rsquo;un d&rsquo;entre eux en est mort, rapporte <a href=\"https:\/\/actu.fr\/ile-de-france\/paris_75056\/paris-un-chien-meurt-electrocute-au-parc-monceau-une-dizaine-d-autres-touches-et-un-maitre-blesse_63662762.html\" target=\"_blank\" rel=\"nofollow noopener\">Actu Paris<\/a>. \u00ab\u00a0Il s&rsquo;appelait Alto, il avait neuf mois\u00a0\u00bb, a \u00e9crit sur Instagram sa propri\u00e9taire.\u00a0Les faits se sont produits dans le 8e arrondissement de la capitale, sur l&rsquo;avenue Ruysda\u00ebl.<\/p>\n<p>Selon le Monceau Dog Club, ce sont en tout \u00ab\u00a0une dizaine\u00a0\u00bb de chiens qui ont \u00e9t\u00e9 \u00e9lectrocut\u00e9s. Mais une enqu\u00eate est en cours pour identifier plus pr\u00e9cis\u00e9ment les propri\u00e9taires et leurs chiens. \u00ab\u00a0Je tenais ma chienne en laisse, elle a pris une d\u00e9charge, et moi aussi \u00e0 travers elle. Elle s&rsquo;est mise \u00e0 hurler\u00a0\u00bb, rapporte une Parisienne aupr\u00e8s de <a href=\"https:\/\/www.franceinfo.fr\/france\/ile-de-france\/je-tenais-ma-chienne-en-laisse-et-elle-s-est-mise-a-hurler-des-chiens-electrocutes-sur-un-trottoir-a-paris-a-cause-d-un-defaut-technique_7727923.html\" target=\"_blank\" rel=\"nofollow noopener\">franceinfo<\/a>.<\/p>\n<p>Ce contenu est bloqu\u00e9 car vous n&rsquo;avez pas accept\u00e9 les cookies et autres traceurs.<\/p>\n<p>En cliquant sur \u00ab J\u2019accepte \u00bb, les cookies et autres traceurs seront d\u00e9pos\u00e9s et vous pourrez visualiser les contenus  (<a href=\"\" class=\"consentModule_policy\" target=\"_blank\" title=\"Consulter la politique de protection des donn\u00e9es du fournisseur\">plus d&rsquo;informations<\/a>).<\/p>\n<p>En cliquant sur \u00ab J\u2019accepte tous les cookies \u00bb, vous autorisez des d\u00e9p\u00f4ts de cookies et autres traceurs pour le stockage de vos donn\u00e9es sur nos sites et applications \u00e0 des fins de personnalisation et de ciblage publicitaire.<\/p>\n<p class=\"consentModule_secondaryText\">Vous gardez la possibilit\u00e9 de retirer votre consentement \u00e0 tout moment en consultant notre <a href=\"https:\/\/www.ledauphine.com\/protection-des-donnees\" target=\"_blank\" title=\"Consulter notre politique de protection des donn\u00e9es\" rel=\"noopener\">politique de protection des donn\u00e9es<\/a>. <br \/>&#13;<br \/>\n            <a href=\"https:\/\/www.ledauphine.com\/societe\/2026\/01\/08\/javascript:Didomi.notice.show()\" class=\"consentModule_cmp\" target=\"_blank\" rel=\"noopener\">G\u00e9rer mes choix<\/a>&#13;\n        <\/p>\n<p>&#13;<br \/>\n                        J&rsquo;accepte&#13;<br \/>\n            J&rsquo;accepte tous les cookies&#13;\n        <\/p>\n<p>\u00ab\u00a0On marchait normalement sur le trottoir quand elle s&rsquo;est mise \u00e0 hurler puis elle est tomb\u00e9e au sol, toute raide, comme si elle s&rsquo;\u00e9touffait [&#8230;] Je me suis pr\u00e9cipit\u00e9e sur elle pour la secouer et elle a fini par r\u00e9agir en se mettant \u00e0 hurler de peur\u00a0\u00bb, a \u00e9galement t\u00e9moign\u00e9 aupr\u00e8s du <a href=\"https:\/\/www.leparisien.fr\/paris-75\/elle-est-tombee-au-sol-toute-raide-leffroi-des-maitres-apres-lelectrocution-tragique-dun-chien-a-paris-07-01-2026-UOGLY2KWIBC73EXKPYDDP2G3Q4.php\" target=\"_blank\" rel=\"nofollow noopener\">Parisien<\/a> Tina, qui promenait les deux chiens de sa fille Charlotte. Selon le quotidien, un ma\u00eetre a du \u00eatre pris en charge apr\u00e8s avoir \u00e9t\u00e9 mordu \u00e0 la main par son chien en voulant l&rsquo;arracher du trottoir o\u00f9 il \u00e9tait en train de subir des d\u00e9charges \u00e9lectriques.<\/p>\n<p>  Un d\u00e9faut technique \u00e9lectrique en cause<\/p>\n<p>Une plaque d&rsquo;alimentation \u00e9lectrique serait en cause. Cette plaque, qui mesure 30 centim\u00e8tres par 30 centim\u00e8tres selon franceinfo, pr\u00e9sentait un d\u00e9faut technique. D&rsquo;apr\u00e8s Enedis, le couvercle \u00e9tait en contact avec une pi\u00e8ce sous tension, ce qui explique pourquoi les chiens ont re\u00e7u une d\u00e9charge \u00e9lectrique.<\/p>\n<p>\u00ab\u00a0Les services comp\u00e9tents sont intervenus imm\u00e9diatement afin de s\u00e9curiser les lieux, et toute situation de danger a \u00e9t\u00e9 \u00e9cart\u00e9e. Une enqu\u00eate est en cours\u00a0\u00bb, a indiqu\u00e9 mercredi sur Facebook la mairie du 8e arrondissement, adressant ses \u00ab\u00a0pens\u00e9es\u00a0\u00bb aux ma\u00eetres de l&rsquo;animal. \u00ab\u00a0La mise en s\u00e9curit\u00e9 du secteur a \u00e9t\u00e9 effectu\u00e9e par Enedis et EDF. Il n&rsquo;y a plus de danger\u00a0\u00bb, a confirm\u00e9 aussi le Monceau Dog Club. Une enqu\u00eate est en cours pour d\u00e9terminer plus pr\u00e9cis\u00e9ment les causes de l&rsquo;accident.<\/p>\n<p>Ce contenu est bloqu\u00e9 car vous n&rsquo;avez pas accept\u00e9 les cookies et autres traceurs.<\/p>\n<p>En cliquant sur \u00ab J\u2019accepte \u00bb, les cookies et autres traceurs seront d\u00e9pos\u00e9s et vous pourrez visualiser les contenus  (<a href=\"\" class=\"consentModule_policy\" target=\"_blank\" title=\"Consulter la politique de protection des donn\u00e9es du fournisseur\">plus d&rsquo;informations<\/a>).<\/p>\n<p>En cliquant sur \u00ab J\u2019accepte tous les cookies \u00bb, vous autorisez des d\u00e9p\u00f4ts de cookies et autres traceurs pour le stockage de vos donn\u00e9es sur nos sites et applications \u00e0 des fins de personnalisation et de ciblage publicitaire.<\/p>\n<p class=\"consentModule_secondaryText\">Vous gardez la possibilit\u00e9 de retirer votre consentement \u00e0 tout moment en consultant notre <a href=\"https:\/\/www.ledauphine.com\/protection-des-donnees\" target=\"_blank\" title=\"Consulter notre politique de protection des donn\u00e9es\" rel=\"noopener\">politique de protection des donn\u00e9es<\/a>. <br \/>&#13;<br \/>\n            <a href=\"https:\/\/www.ledauphine.com\/societe\/2026\/01\/08\/javascript:Didomi.notice.show()\" class=\"consentModule_cmp\" target=\"_blank\" rel=\"noopener\">G\u00e9rer mes choix<\/a>&#13;\n        <\/p>\n<p>&#13;<br \/>\n                        J&rsquo;accepte&#13;<br \/>\n            J&rsquo;accepte tous les cookies&#13;\n        <\/p>\n<p>La situation se serait d\u00e9j\u00e0 produite par le pass\u00e9, notamment en 2013 dans le 20e arrondissement de Paris. En mars dernier, un chien avait aussi \u00e9t\u00e9 \u00e9lectrocut\u00e9 \u00e0 Salon-de-Provence (Bouches-du-Rh\u00f4ne).<\/p>\n","protected":false},"excerpt":{"rendered":"\u00ab\u00a0C&rsquo;est une v\u00e9ritable trag\u00e9die et cela aurait pu \u00eatre bien pire\u00a0\u00bb, d\u00e9nonce sur Instagram le collectif Monceau Dog&hellip;\n","protected":false},"author":2,"featured_media":650392,"comment_status":"","ping_status":"","sticky":false,"template":"","format":"standard","meta":{"footnotes":""},"categories":[1888],"tags":[1111,1928,11,1927,1867,1777,674,274,107,1011,27,329,12,1926,626,1925,25],"class_list":{"0":"post-650391","1":"post","2":"type-post","3":"status-publish","4":"format-standard","5":"has-post-thumbnail","7":"category-paris","8":"tag-actu","9":"tag-actu-paris","10":"tag-actualites","11":"tag-actualites-paris","12":"tag-animaux","13":"tag-eu","14":"tag-europe","15":"tag-faits-divers-justice","16":"tag-fil-info","17":"tag-fr","18":"tag-france","19":"tag-france-monde","20":"tag-news","21":"tag-news-paris","22":"tag-paris","23":"tag-paris-news","24":"tag-republique-francaise"},"share_on_mastodon":{"url":"https:\/\/pubeurope.com\/@fr\/115861900923583673","error":""},"_links":{"self":[{"href":"https:\/\/www.europesays.com\/fr\/wp-json\/wp\/v2\/posts\/650391","targetHints":{"allow":["GET"]}}],"collection":[{"href":"https:\/\/www.europesays.com\/fr\/wp-json\/wp\/v2\/posts"}],"about":[{"href":"https:\/\/www.europesays.com\/fr\/wp-json\/wp\/v2\/types\/post"}],"author":[{"embeddable":true,"href":"https:\/\/www.europesays.com\/fr\/wp-json\/wp\/v2\/users\/2"}],"replies":[{"embeddable":true,"href":"https:\/\/www.europesays.com\/fr\/wp-json\/wp\/v2\/comments?post=650391"}],"version-history":[{"count":0,"href":"https:\/\/www.europesays.com\/fr\/wp-json\/wp\/v2\/posts\/650391\/revisions"}],"wp:featuredmedia":[{"embeddable":true,"href":"https:\/\/www.europesays.com\/fr\/wp-json\/wp\/v2\/media\/650392"}],"wp:attachment":[{"href":"https:\/\/www.europesays.com\/fr\/wp-json\/wp\/v2\/media?parent=650391"}],"wp:term":[{"taxonomy":"category","embeddable":true,"href":"https:\/\/www.europesays.com\/fr\/wp-json\/wp\/v2\/categories?post=650391"},{"taxonomy":"post_tag","embeddable":true,"href":"https:\/\/www.europesays.com\/fr\/wp-json\/wp\/v2\/tags?post=650391"}],"curies":[{"name":"wp","href":"https:\/\/api.w.org\/{rel}","templated":true}]}}