{"id":650393,"date":"2026-01-08T22:44:09","date_gmt":"2026-01-08T22:44:09","guid":{"rendered":"https:\/\/www.europesays.com\/fr\/650393\/"},"modified":"2026-01-08T22:44:09","modified_gmt":"2026-01-08T22:44:09","slug":"la-chute-de-la-maison-gainsbourg-evitee-le-musee-repris-par-un-homme-daffaires-et-ami-de-charlotte","status":"publish","type":"post","link":"https:\/\/www.europesays.com\/fr\/650393\/","title":{"rendered":"la chute de la Maison Gainsbourg \u00e9vit\u00e9e, le mus\u00e9e repris par un homme d&rsquo;affaires et ami de Charlotte"},"content":{"rendered":"<p>                    Par<br \/>\n        <strong><br \/>\n            <a href=\"https:\/\/actu.fr\/auteur\/julie-bossart-actu-fr\" title=\"Consulter tous les articles de Julie Bossart\" target=\"_blank\" rel=\"noopener\">Julie Bossart<\/a><br \/>\n                    <\/strong><\/p>\n<p>        Publi\u00e9 le<\/p>\n<p>            8 janv. 2026 \u00e0 19h32<br \/>\n        ; mis \u00e0 jour le 8 janv. 2026 \u00e0 19h46    <\/p>\n<p><a href=\"https:\/\/actu.fr\/tag\/charlotte-gainsbourg\" target=\"_blank\" rel=\"noopener\">Charlotte Gainsbourg<\/a> va pouvoir continuer \u00e0 faire vivre la m\u00e9moire de son p\u00e8re \u00e0 Paris, et le public continuer \u00e0 se rendre en<a href=\"https:\/\/actu.fr\/ile-de-france\/paris_75056\/un-bout-du-patrimoine-devant-la-maison-gainsbourg-a-paris-les-fans-redoutent-une-possible-fermeture_61695592.html\" target=\"_blank\" rel=\"noopener\"> p\u00e8lerinage rue de Verneuil<\/a> (7e). Le 18\u00a0septembre 2024, un an \u00e0 peine apr\u00e8s son ouverture au public, la c\u00e9l\u00e8bre <a href=\"https:\/\/actu.fr\/ile-de-france\/paris_75056\/maison-gainsbourg-a-paris-sa-fille-charlotte-annonce-la-date-d-ouverture-la-billetterie-va-ouvrir_58618361.html\" target=\"_blank\" rel=\"noopener\">Maison Gainsbourg<\/a> a \u00e9t\u00e9 plac\u00e9e en<a href=\"https:\/\/actu.fr\/ile-de-france\/paris_75056\/un-an-apres-son-ouverture-la-maison-gainsbourg-a-paris-croule-sous-les-dettes_61662377.html\" target=\"_blank\" rel=\"noopener\"> redressement judiciaire pour cessation de paiements<\/a>. La menace d\u2019une liquidation vient d\u2019\u00eatre \u00e9cart\u00e9e, le tribunal des affaires \u00e9conomiques de Paris ayant, ce jeudi 8 janvier 2026, tranch\u00e9 pour le plan de cession d\u00e9pos\u00e9 par l\u2019homme d\u2019affaires Philippe Dabi, a appris actu aupr\u00e8s de Me Jean Aittouares, confirmant une information de\u00a0<a href=\"https:\/\/www.linforme.com\/medias-culture\/article\/la-maison-gainsbourg-reprise-par-un-ami-de-charlotte-gainsbourg_3562.html\" target=\"_blank\" rel=\"noopener\">L\u2019Inform\u00e9<\/a>.<br \/>\u00ab\u2009Charlotte Gainsbourg est tr\u00e8s tr\u00e8s soulag\u00e9e\u2009\u00bb, consent \u00e0 nous confier son avocat. C\u2019est la fin d\u2019une longue p\u00e9riode de d\u00e9sillusions et d\u00e9boires judiciaires pour l\u2019actrice, mais aussi un nouveau d\u00e9part pour le mus\u00e9e\u2009: \u00ab\u2009En r\u00e9alit\u00e9, ce qui va d\u00e9sormais \u00eatre mis en \u0153uvre est ce qui aurait d\u00fb l\u2019\u00eatre d\u00e8s le premier jour\u2009\u00bb, rectifie le conseil.<\/p>\n<p>En conflit avec Dominique Dutreix<\/p>\n<p class=\" wall-content\">Si les deux espaces qui composent la Maison Gainsbourg (l\u2019ancienne maison familiale et un mus\u00e9e-librairie-bar) ont vu d\u00e9filer sans discontinuer des admirateurs du chanteur d\u00e9c\u00e9d\u00e9 en 1991, en coulisses, la soci\u00e9t\u00e9 d\u2019exploitation de l\u2019h\u00f4tel particulier de Serge Gainsbourg et de ses annexes (SEHPSGA) a rapidement cumul\u00e9 les impay\u00e9s\u2009: 1,65 million de dettes, en plus du pr\u00eat de 3 millions d\u2019euros contract\u00e9 pour lancer la Maison Gainsbourg. Une insolvabilit\u00e9 due en grande partie au conflit judiciaire opposant Charlotte Gainsbourg \u00e0 son associ\u00e9, Dominique Dutreix. Dans le jugement du tribunal des affaires \u00e9conomiques, que nous avons pu consulter, sont \u00e9voqu\u00e9s \u00ab une m\u00e9sentente persistante entre les associ\u00e9s et des dysfonctionnements au sein de la g\u00e9rance \u00bb.<\/p>\n<p class=\" wall-content\">Selon la fille de l\u2019artiste et de Jane Birkin, son coassoci\u00e9 \u00e0 50\u2009% au sein de la SEHPSGA aurait cach\u00e9 les difficult\u00e9s financi\u00e8res de la soci\u00e9t\u00e9 et n\u2019aurait pas investi les sommes promises. Depuis, le promoteur a \u00e9t\u00e9 condamn\u00e9 par la cour d\u2019appel de Paris au <a href=\"https:\/\/actu.fr\/ile-de-france\/paris_75056\/redressement-judiciaire-de-la-maison-gainsbourg-a-paris-lourde-amende-pour-l-associe-de-la-fille-du-chanteur_62034719.html\" target=\"_blank\" rel=\"noopener\">remboursement de 988\u2009383\u00a0euros \u00ab\u2009\u00e0 titre d\u2019avance en compte courant\u2009\u00bb<\/a>. Une somme pr\u00e9lev\u00e9e sur le compte courant de la Maison Gainsbourg et qui explique le placement en redressement \u2013 il avait annonc\u00e9 se pourvoir en Cassation. Dominique Dutreix est \u00e9galement poursuivi au p\u00e9nal pour abus de bien social \u2013 le proc\u00e8s 5 janvier, qui devait se tenir lundi, a \u00e9t\u00e9 renvoy\u00e9.<\/p>\n<p class=\" wall-content\">Pour sauver le mus\u00e9e consacr\u00e9 \u00e0 son p\u00e8re, Charlotte Gainsbourg a pu compter sur le soutien de Philippe Dabi, fondateur du groupe Bioclinic et notamment administrateur au <a href=\"https:\/\/actu.fr\/ile-de-france\/paris_75056\/football-paris-a-desormais-deux-clubs-en-ligue-1-bientot-des-derbies-entre-le-psg-et-le-pfc_62591374.html\" target=\"_blank\" rel=\"noopener\">Paris FC<\/a>. Class\u00e9 parmi les 500 plus grandes fortunes tricolores selon <a href=\"https:\/\/www.challenges.fr\/classements\/fortune\/philippe-dabi-et-sa-famille_27014\" target=\"_blank\" rel=\"noopener\">Challenges<\/a>, il a avanc\u00e9 son amiti\u00e9 avec l\u2019actrice pour lui venir en aide. \u00ab\u2009Il n\u2019y avait pas de projet de ma part ou de volont\u00e9 \u00e9conomique, indiquait-il en septembre au<a href=\"https:\/\/www.leparisien.fr\/paris-75\/ce-serait-completement-fou-charlotte-peut-elle-perdre-la-gestion-de-la-maison-gainsbourg-a-paris-24-09-2025-VQDOFLYLQRAT5EIIAYSN6IRYOA.php\" target=\"_blank\" rel=\"noopener\"> Parisien<\/a>. (..) C\u2019est l\u2019homme, l\u2019ami, qui investit, m\u00eame si l\u2019entrepreneur\u00a0n\u2019est jamais loin, pour faire repartir la Maison Gainsbourg sur des bonnes bases. Je serai discret, je ne revendique aucune fonction.\u2009\u00bb<\/p>\n<p>Des d\u00e9veloppements pr\u00e9vus<\/p>\n<p class=\" wall-content\">De fait, le tribunal de commerce a accept\u00e9 son offre de reprise par cession acquisition de la SEHPSGA. Il a \u00e9cart\u00e9 les deux plans de continuation d\u00e9pos\u00e9s \u2013 l\u2019un par Charlotte Gainsbourg, l\u2019autre par Dominique Dutreix. L\u2019offre retenue consiste en l\u2019apport de 850\u2009000 euros, via Avoda, la soci\u00e9t\u00e9 patrimoniale personnelle de Philippe Dabi, et la cr\u00e9ation d\u2019une soci\u00e9t\u00e9 ad hoc, Yente. L\u2019homme d\u2019affaires pr\u00e9sidera cette derni\u00e8re, que Charlotte Gainsbourg d\u00e9tiendra en partie \u2013 \u00ab Elle a pu entrer au capital, \u00e0 titre minoritaire \u00bb, souligne Me Jean Aittouares. Pour Philippe Dabi, sa participation au projet de reprise \u00e9tait \u00ab indispensable pour assurer la p\u00e9rennit\u00e9 de la Maison Gainsbourg \u00bb, peut-on lire dans le jugement.<\/p>\n<p class=\" wall-content\">La soci\u00e9t\u00e9 Arteum Mus\u00e9es, quant \u00e0 elle, reste gestionnaire du fonds de commerce. \u00c0 noter que, dans son offre de reprise, Philippe Dabi pr\u00e9voyait le d\u00e9veloppement d\u2019expositions temporaires et hors les murs, de la privatisation du Gainsbarre et l\u2019augmentation des tarifs de la billetterie.\u00a0<\/p>\n<p class=\" wall-content\">Personnalisez votre actualit\u00e9 en ajoutant vos villes et m\u00e9dias en favori avec <a href=\"https:\/\/moncompte.actu.fr\" title=\"D\u00e9couvez Mon Actu\" rel=\"nofollow noopener\" data-trk=\"{&quot;cta&quot;:{&quot;action&quot;:&quot;https:\\\/\\\/moncompte.actu.fr&quot;,&quot;category&quot;:&quot;mon compte&quot;,&quot;from&quot;:&quot;article footer&quot;,&quot;name&quot;:&quot;Mon actu&quot;,&quot;type&quot;:&quot;cta&quot;}}\" target=\"_blank\">Mon Actu<\/a>.<\/p>\n","protected":false},"excerpt":{"rendered":"Par Julie Bossart Publi\u00e9 le 8 janv. 2026 \u00e0 19h32 ; mis \u00e0 jour le 8 janv. 2026&hellip;\n","protected":false},"author":2,"featured_media":650394,"comment_status":"","ping_status":"","sticky":false,"template":"","format":"standard","meta":{"footnotes":""},"categories":[1888],"tags":[11,10498,1777,674,118,1011,27,303,12,626,2551,25],"class_list":{"0":"post-650393","1":"post","2":"type-post","3":"status-publish","4":"format-standard","5":"has-post-thumbnail","7":"category-paris","8":"tag-actualites","9":"tag-charlotte-gainsbourg","10":"tag-eu","11":"tag-europe","12":"tag-faits-divers","13":"tag-fr","14":"tag-france","15":"tag-justice","16":"tag-news","17":"tag-paris","18":"tag-patrimoine","19":"tag-republique-francaise"},"share_on_mastodon":{"url":"https:\/\/pubeurope.com\/@fr\/115861904813162239","error":""},"_links":{"self":[{"href":"https:\/\/www.europesays.com\/fr\/wp-json\/wp\/v2\/posts\/650393","targetHints":{"allow":["GET"]}}],"collection":[{"href":"https:\/\/www.europesays.com\/fr\/wp-json\/wp\/v2\/posts"}],"about":[{"href":"https:\/\/www.europesays.com\/fr\/wp-json\/wp\/v2\/types\/post"}],"author":[{"embeddable":true,"href":"https:\/\/www.europesays.com\/fr\/wp-json\/wp\/v2\/users\/2"}],"replies":[{"embeddable":true,"href":"https:\/\/www.europesays.com\/fr\/wp-json\/wp\/v2\/comments?post=650393"}],"version-history":[{"count":0,"href":"https:\/\/www.europesays.com\/fr\/wp-json\/wp\/v2\/posts\/650393\/revisions"}],"wp:featuredmedia":[{"embeddable":true,"href":"https:\/\/www.europesays.com\/fr\/wp-json\/wp\/v2\/media\/650394"}],"wp:attachment":[{"href":"https:\/\/www.europesays.com\/fr\/wp-json\/wp\/v2\/media?parent=650393"}],"wp:term":[{"taxonomy":"category","embeddable":true,"href":"https:\/\/www.europesays.com\/fr\/wp-json\/wp\/v2\/categories?post=650393"},{"taxonomy":"post_tag","embeddable":true,"href":"https:\/\/www.europesays.com\/fr\/wp-json\/wp\/v2\/tags?post=650393"}],"curies":[{"name":"wp","href":"https:\/\/api.w.org\/{rel}","templated":true}]}}