{"id":650399,"date":"2026-01-08T22:47:12","date_gmt":"2026-01-08T22:47:12","guid":{"rendered":"https:\/\/www.europesays.com\/fr\/650399\/"},"modified":"2026-01-08T22:47:12","modified_gmt":"2026-01-08T22:47:12","slug":"non-a-lenvoi-de-troupes-francaises-en-ukraine","status":"publish","type":"post","link":"https:\/\/www.europesays.com\/fr\/650399\/","title":{"rendered":"non \u00e0 l&rsquo;envoi de troupes fran\u00e7aises en Ukraine !"},"content":{"rendered":"<p>Publi\u00e9 le 08 janvier 2026<\/p>\n<p>A l\u2019issue de la rencontre organis\u00e9e par le pr\u00e9sident de la R\u00e9publique \u00e0 l\u2019Elys\u00e9e apr\u00e8s la r\u00e9union tenue \u00e0 Paris le 6 janvier de la \u00ab\u00a0coalition des volontaires\u00a0\u00bb, St\u00e9phane Peu, pr\u00e9sident du groupe GDR \u00e0 l\u2019Assembl\u00e9e nationale, C\u00e9cile Cukierman, pr\u00e9sidente du groupe CRCE-K au S\u00e9nat<br \/>et Fabien Roussel, secr\u00e9taire national du PCF, d\u00e9noncent \u00ab\u00a0une fuite en avant dangereuse qui fragilise toute perspective de cessez-le-feu et de paix durable\u00a0\u00bb.<\/p>\n<p>D\u00e9j\u00e0 largement d\u00e9voil\u00e9e et comment\u00e9e dans la presse depuis mardi la d\u00e9claration d\u2019intention sign\u00e9e entre l\u2019Ukraine, la France et le Royaume-Uni pr\u00e9voit, apr\u00e8s l\u2019\u00e9ventuelle signature d\u2019un cessez-le-feu, le d\u00e9ploiement de \u00ab plusieurs milliers d\u2019hommes \u00bb des troupes fran\u00e7aises et britanniques sur le sol ukrainien, avec le soutien des \u00c9tats-Unis qui assureraient la surveillance du cessez-le-feu.<\/p>\n<p>L\u2019annonce d\u2019un possible d\u00e9ploiement de troupes fran\u00e7aises et britanniques en Ukraine, constituerait une escalade dangereuse qui mettrait en situation de confrontation directe les trois puissances nucl\u00e9aires du continent. Des pays europ\u00e9ens comme l\u2019Allemagne, la Roumanie et l\u2019Italie ont ainsi exprim\u00e9 leur refus de participer \u00e0 ce d\u00e9ploiement arm\u00e9.<\/p>\n<p>Le pr\u00e9sident de la R\u00e9publique comme le Chef d\u2019\u00e9tat major des Arm\u00e9es ont confirm\u00e9 que les forces de la coalition et les \u00c9tats Unis r\u00e9agiront en cas de violation du cessez le feu ou d\u2019agression de la Russie. C\u2019est une mani\u00e8re d\u00e9guis\u00e9e de faire entrer l\u2019Ukraine dans l\u2019OTAN et d\u2019activer son article 5.<\/p>\n<p>C\u2019est une marche de plus vers l\u2019escalade guerri\u00e8re, vers l\u2019\u00e9largissement du conflit \u00e0 l\u2019ensemble des pays europ\u00e9ens.<\/p>\n<p>Nous appelons \u00e0 ce que la France inscrive sa d\u00e9marche dans le cadre des institutions internationales.<\/p>\n<p>C\u2019est la raison pour laquelle nous avons demand\u00e9 qu\u2019une force d\u2019interposition sous mandat de l\u2019ONU soit mise en place en cas de cessez le feu.<\/p>\n<p>Nous ne faisons confiance ni au Pr\u00e9sident Poutine, ni au pr\u00e9sident Trump. Nous demandons que la France avec une coalition de pays de l\u2019Union europ\u00e9enne, \u00e9largie aux pays dits du sud global appelant \u00e9galement \u00e0 la fin du conflit, poussent \u00e0 des n\u00e9gociations de paix et dialoguent avec les deux parties. Ne laissons pas les \u00c9tats Unis discuter seuls avec la Russie.<\/p>\n<p>Il appartient \u00e0 la France, seul pays de l\u2019Union europ\u00e9enne \u00e0 disposer d\u2019un si\u00e8ge au Conseil de S\u00e9curit\u00e9 des Nations-Unies de faire valoir cet imp\u00e9ratif.<\/p>\n<p>A l\u2019heure de l\u2019agression contre le Venezuela et des menaces contre le Groenland, la s\u00e9curit\u00e9 des peuples europ\u00e9ens implique plus que jamais d\u2019agir en toute ind\u00e9pendance des Etats-Unis d\u2019Am\u00e9rique et de l\u2019OTAN et d\u2019engager les discussions avec tous les pays d\u2019Europe en vue de la construction d\u2019un espace de s\u00e9curit\u00e9 collective et de paix de l\u2019Atlantique \u00e0 l\u2019Oural.<\/p>\n<p>Paris, le 8 janvier 2026.<\/p>\n<p>St\u00e9phane Peu, pr\u00e9sident du groupe GDR \u00e0 l\u2019Assembl\u00e9e nationale <br \/>C\u00e9cile Cukierman, pr\u00e9sidente du groupe CREC-K au S\u00e9nat<br \/>Fabien Roussel, secr\u00e9taire national du PCF<\/p>\n","protected":false},"excerpt":{"rendered":"Publi\u00e9 le 08 janvier 2026 A l\u2019issue de la rencontre organis\u00e9e par le pr\u00e9sident de la R\u00e9publique \u00e0&hellip;\n","protected":false},"author":2,"featured_media":650400,"comment_status":"","ping_status":"","sticky":false,"template":"","format":"standard","meta":{"footnotes":""},"categories":[1590],"tags":[11,1777,674,12,220],"class_list":{"0":"post-650399","1":"post","2":"type-post","3":"status-publish","4":"format-standard","5":"has-post-thumbnail","7":"category-ukraine","8":"tag-actualites","9":"tag-eu","10":"tag-europe","11":"tag-news","12":"tag-ukraine"},"share_on_mastodon":{"url":"https:\/\/pubeurope.com\/@fr\/115861916536097959","error":""},"_links":{"self":[{"href":"https:\/\/www.europesays.com\/fr\/wp-json\/wp\/v2\/posts\/650399","targetHints":{"allow":["GET"]}}],"collection":[{"href":"https:\/\/www.europesays.com\/fr\/wp-json\/wp\/v2\/posts"}],"about":[{"href":"https:\/\/www.europesays.com\/fr\/wp-json\/wp\/v2\/types\/post"}],"author":[{"embeddable":true,"href":"https:\/\/www.europesays.com\/fr\/wp-json\/wp\/v2\/users\/2"}],"replies":[{"embeddable":true,"href":"https:\/\/www.europesays.com\/fr\/wp-json\/wp\/v2\/comments?post=650399"}],"version-history":[{"count":0,"href":"https:\/\/www.europesays.com\/fr\/wp-json\/wp\/v2\/posts\/650399\/revisions"}],"wp:featuredmedia":[{"embeddable":true,"href":"https:\/\/www.europesays.com\/fr\/wp-json\/wp\/v2\/media\/650400"}],"wp:attachment":[{"href":"https:\/\/www.europesays.com\/fr\/wp-json\/wp\/v2\/media?parent=650399"}],"wp:term":[{"taxonomy":"category","embeddable":true,"href":"https:\/\/www.europesays.com\/fr\/wp-json\/wp\/v2\/categories?post=650399"},{"taxonomy":"post_tag","embeddable":true,"href":"https:\/\/www.europesays.com\/fr\/wp-json\/wp\/v2\/tags?post=650399"}],"curies":[{"name":"wp","href":"https:\/\/api.w.org\/{rel}","templated":true}]}}