{"id":650406,"date":"2026-01-08T22:51:12","date_gmt":"2026-01-08T22:51:12","guid":{"rendered":"https:\/\/www.europesays.com\/fr\/650406\/"},"modified":"2026-01-08T22:51:12","modified_gmt":"2026-01-08T22:51:12","slug":"genesis-motor-europe-renforce-son-equipe-dirigeante-avec-la-nomination-de-timo-thome-au-poste-de-directeur-des-ventes","status":"publish","type":"post","link":"https:\/\/www.europesays.com\/fr\/650406\/","title":{"rendered":"Genesis Motor Europe renforce son \u00e9quipe dirigeante avec la nomination de Timo Thom\u00e9 au poste de directeur des ventes"},"content":{"rendered":"<p>\nGenesis Motor Europe poursuit le d\u00e9veloppement de sa strat\u00e9gie commerciale en Europe et annonce la nomination de\u00a0Timo Thom\u00e9\u00a0au poste de\u00a0Head of Sales. Cette arriv\u00e9e intervient \u00e0 un moment cl\u00e9 pour la marque, qui pr\u00e9voit d\u2019\u00e9tendre sa pr\u00e9sence de trois \u00e0 sept march\u00e9s europ\u00e9ens en 2026 et de lancer le\u00a0GV60 Magma, son premier mod\u00e8le \u00e9lectrique haute performance.<\/p>\n<p>\nFort de pr\u00e8s de vingt ans d\u2019exp\u00e9rience dans l\u2019automobile premium et de luxe, Timo Thom\u00e9 a occup\u00e9 des fonctions strat\u00e9giques au sein de marques prestigieuses telles qu\u2019Alpina,\u00a0Jaguar Land Rover\u00a0et\u00a0Maserati. Sp\u00e9cialiste du d\u00e9veloppement commercial, de l\u2019implantation sur de nouveaux march\u00e9s et de la croissance des r\u00e9seaux, il rejoint Genesis apr\u00e8s avoir dirig\u00e9 les ventes et le marketing d\u2019Alpina en Allemagne, Autriche et Suisse depuis 2020.<\/p>\n<p>Une implantation europ\u00e9enne en 2026<\/p>\n<p>\nPeter Kronschnabl, Pr\u00e9sident de Genesis Motor Europe, s\u2019est f\u00e9licit\u00e9 de cette nomination. \u00ab Nous sommes ravis d\u2019accueillir Timo au sein de notre \u00e9quipe dirigeante. Son expertise dans l\u2019univers premium sera essentielle pour piloter notre strat\u00e9gie commerciale, accompagner notre expansion en Europe et soutenir le lancement de notre gamme \u00e9lectrifi\u00e9e aupr\u00e8s d\u2019un public plus large. \u00bb<\/p>\n<p>\n\u00ab Avec une gamme \u00e9lectrifi\u00e9e ambitieuse, l\u2019arriv\u00e9e du GV60 Magma et l\u2019ouverture de nouveaux march\u00e9s, je suis enthousiaste \u00e0 l\u2019id\u00e9e de rejoindre Genesis \u00e0 un moment aussi dynamique. Mon objectif sera de d\u00e9finir et mettre en \u0153uvre une strat\u00e9gie de vente qui consolidera la pr\u00e9sence de la marque en Europe. \u00bb, d\u00e9clare de son c\u00f4t\u00e9 Timo Thom\u00e9.\u00a0<\/p>\n<p>\nPour rappel, en 2026, Genesis Motor Europe s\u2019implantera en\u00a0France, Italie, Espagne et aux Pays-Bas, venant compl\u00e9ter ses op\u00e9rations actuelles en\u00a0Allemagne, Suisse et Royaume-Uni. Cette expansion confirme l\u2019engagement de la marque \u00e0 offrir une exp\u00e9rience client premium et centr\u00e9e sur la personnalisation, avec une gamme 100 % \u00e9lectrifi\u00e9e.<\/p>\n<p>\n\u00a0<\/p>\n","protected":false},"excerpt":{"rendered":"Genesis Motor Europe poursuit le d\u00e9veloppement de sa strat\u00e9gie commerciale en Europe et annonce la nomination de\u00a0Timo Thom\u00e9\u00a0au&hellip;\n","protected":false},"author":2,"featured_media":650407,"comment_status":"","ping_status":"","sticky":false,"template":"","format":"standard","meta":{"footnotes":""},"categories":[1586],"tags":[11,1979,5640,1777,674,1011,27,31010,12,8145,75479,25,75480,2106],"class_list":{"0":"post-650406","1":"post","2":"type-post","3":"status-publish","4":"format-standard","5":"has-post-thumbnail","7":"category-europe","8":"tag-actualites","9":"tag-constructeurs","10":"tag-coree-du-sud","11":"tag-eu","12":"tag-europe","13":"tag-fr","14":"tag-france","15":"tag-genesis","16":"tag-news","17":"tag-nomination","18":"tag-nominations-cles","19":"tag-republique-francaise","20":"tag-vehicules-japonais-et-coreens","21":"tag-vie-des-marques"},"share_on_mastodon":{"url":"https:\/\/pubeurope.com\/@fr\/115861932267861053","error":""},"_links":{"self":[{"href":"https:\/\/www.europesays.com\/fr\/wp-json\/wp\/v2\/posts\/650406","targetHints":{"allow":["GET"]}}],"collection":[{"href":"https:\/\/www.europesays.com\/fr\/wp-json\/wp\/v2\/posts"}],"about":[{"href":"https:\/\/www.europesays.com\/fr\/wp-json\/wp\/v2\/types\/post"}],"author":[{"embeddable":true,"href":"https:\/\/www.europesays.com\/fr\/wp-json\/wp\/v2\/users\/2"}],"replies":[{"embeddable":true,"href":"https:\/\/www.europesays.com\/fr\/wp-json\/wp\/v2\/comments?post=650406"}],"version-history":[{"count":0,"href":"https:\/\/www.europesays.com\/fr\/wp-json\/wp\/v2\/posts\/650406\/revisions"}],"wp:featuredmedia":[{"embeddable":true,"href":"https:\/\/www.europesays.com\/fr\/wp-json\/wp\/v2\/media\/650407"}],"wp:attachment":[{"href":"https:\/\/www.europesays.com\/fr\/wp-json\/wp\/v2\/media?parent=650406"}],"wp:term":[{"taxonomy":"category","embeddable":true,"href":"https:\/\/www.europesays.com\/fr\/wp-json\/wp\/v2\/categories?post=650406"},{"taxonomy":"post_tag","embeddable":true,"href":"https:\/\/www.europesays.com\/fr\/wp-json\/wp\/v2\/tags?post=650406"}],"curies":[{"name":"wp","href":"https:\/\/api.w.org\/{rel}","templated":true}]}}